{"id":1588,"date":"2023-11-05T22:44:20","date_gmt":"2023-11-05T21:44:20","guid":{"rendered":"https:\/\/www.unioviedo.es\/leonardcohen\/?p=1588"},"modified":"2023-11-06T16:03:15","modified_gmt":"2023-11-06T15:03:15","slug":"4a-temporada-de-la-cancion-de-autor","status":"publish","type":"post","link":"https:\/\/www.unioviedo.es\/leonardcohen\/index.php\/2023\/11\/05\/4a-temporada-de-la-cancion-de-autor\/","title":{"rendered":"4\u00aa Temporada de la Canci\u00f3n de Autor"},"content":{"rendered":"\n<figure class=\"wp-block-image size-large\"><img loading=\"lazy\" decoding=\"async\" width=\"1024\" height=\"394\" src=\"https:\/\/www.unioviedo.es\/leonardcohen\/wp-content\/uploads\/2023\/11\/rrss-01-03-1024x394.jpg\" alt=\"\" class=\"wp-image-1589\" srcset=\"https:\/\/www.unioviedo.es\/leonardcohen\/wp-content\/uploads\/2023\/11\/rrss-01-03-1024x394.jpg 1024w, https:\/\/www.unioviedo.es\/leonardcohen\/wp-content\/uploads\/2023\/11\/rrss-01-03-300x115.jpg 300w, https:\/\/www.unioviedo.es\/leonardcohen\/wp-content\/uploads\/2023\/11\/rrss-01-03-768x295.jpg 768w, https:\/\/www.unioviedo.es\/leonardcohen\/wp-content\/uploads\/2023\/11\/rrss-01-03-1536x591.jpg 1536w, https:\/\/www.unioviedo.es\/leonardcohen\/wp-content\/uploads\/2023\/11\/rrss-01-03.jpg 1721w\" sizes=\"auto, (max-width: 1024px) 100vw, 1024px\" \/><figcaption class=\"wp-element-caption\">Oviedo, del 9 al 12 de noviembre de 2023<\/figcaption><\/figure>\n\n\n\n<p>La 4\u00aa Temporada de la Canci\u00f3n de Autor enCOHENtros unir\u00e1 en Oviedo a ocho cantautores y m\u00fasicos entre el 9 y 12 de noviembre para disfrutar de la belleza de las canciones. El programa incluye conversaciones musicales, conciertos, conferencias, talleres, mesas redondas y el estreno en Asturias de la pel\u00edcula <em>Morente &amp; Barcelona<\/em> de Jordi Turt\u00f3s<em>. <\/em>Los EnCOHENtros est\u00e1n organizados por la C\u00e1tedra Leonard Cohen de la Universidad de Oviedo, y cuentan con la financiaci\u00f3n de Fundaci\u00f3n Municipal de Cultura del Ayuntamiento de Oviedo, y la colaboraci\u00f3n de la Semana del Audiovisual Contempor\u00e1neo de Oviedo (SACO) y el Festival Internacional de Videoclips de Oviedo (FIVO). Toda la programaci\u00f3n es gratuita, con entrada libre hasta completar aforo.<\/p>\n\n\n\n<p>Los cuartos EnCOHENtros los abrir\u00e1 <strong>Roc\u00edo M\u00e1rquez<\/strong> el 9 de noviembre con una charla-taller titulada <em>Flamenco: una aproximaci\u00f3n a su historia y estilos<\/em>. La cantaora onubense compartir\u00e1 una serie de saberes y nociones b\u00e1sicas sobre este arte tan representativo de las culturas andaluza y espa\u00f1ola. Esta propuesta se fundamenta a trav\u00e9s de dos ejes: en primer lugar, se explicar\u00e1n las distintas teor\u00edas sobre el origen de este arte, para posteriormente seguir su desarrollo y evoluci\u00f3n a lo largo de los dos \u00faltimos siglos; el segundo eje pretende dar claves claras con las que poder identificar los distintos estilos o palos flamencos atendiendo a su comp\u00e1s. La cita ser\u00e1 en la Sala de C\u00e1mara del Auditorio Pr\u00edncipe Felipe (19:00 horas).<\/p>\n\n\n\n<p><strong>Ni\u00f1o de Elche<\/strong> protagonizar\u00e1 una de las mesas redondas de los enCOHENtros (12 de noviembre, Auditorio Pr\u00edncipe Felipe, 12.30). El m\u00fasico ilicitano es un artista indisciplinar que ha sabido aunar en sus diferentes propuestas art\u00edsticas g\u00e9neros como el flamenco, la libre improvisaci\u00f3n, el <em>krautrock<\/em> o las m\u00fasicas electr\u00f3nicas, electroac\u00fasticas o contempor\u00e1neas junto con la poes\u00eda, la performance, la danza o el teatro. Junto a \u00e9l estar\u00e1 <strong>Jordi Turt\u00f3s<\/strong>, coautor de <em>Cantautores en Espa\u00f1a<\/em> y director de la pel\u00edcula <em>Morente &amp; Barcelona<\/em>.<\/p>\n\n\n\n<p><strong>Los Hermanos Cubero<\/strong> y la gallega <strong>S\u00e9s<\/strong> enfocar\u00e1n su relaci\u00f3n con la m\u00fasica de autor en otra de las mesas redondas, que acoger\u00e1 la Sala de C\u00e1mara del Auditorio Pr\u00edncipe Felipe el s\u00e1bado 11 de noviembre (20:00). Esta actividad ser\u00e1 moderada por el cr\u00edtico <strong>Miguel A. Fern\u00e1ndez<\/strong> (<em>El fado<\/em> en Radio Cl\u00e1sica).<\/p>\n\n\n\n<p>El programa suma tambi\u00e9n una conferencia sobre Federico Garc\u00eda Lorca y <em>La Argentinita, <\/em>a cargo de <strong>Mariola Membrives<\/strong> y la doctora <strong>Inmaculada Mat\u00eda<\/strong> (Aula Magna, 10 de noviembre, 19:00). Tras esta charla, la cantante cordobesa ofrecer\u00e1 un concierto junto al guitarrista <strong>Javier Pedreira<\/strong> en el Paraninfo (20:00).<\/p>\n\n\n\n<p>El p\u00fablico de los enCOHENtros volver\u00e1 a tener la ocasi\u00f3n de escuchar a <strong>Alberto Alcal\u00e1<\/strong> en la sala La Salvaje (9 de noviembre, 23:00). Este concierto cuenta con la colaboraci\u00f3n del Festival Internacional de Videoclips de Oviedo (FIVO). A la noche siguiente, la m\u00fasica de autor sonar\u00e1 en The Burlesque Club, en la <strong>Noche de micr\u00f3fonos abiertos<\/strong>.<\/p>\n\n\n\n<p>En colaboraci\u00f3n con el programa Radar de la Fundaci\u00f3n Municipal de Cultura, EnCOHENtros estrenar\u00e1 en Asturias la pel\u00edcula <strong><em>Morente &amp; Barcelona<\/em><\/strong>, de Jordi Turt\u00f3s. La primera pe\u00f1a flamenca dedicada al cantaor naci\u00f3 en 1970 en el Verdum (Barcelona). El artista granadino inici\u00f3 entonces sus estancias en la capital catalana, donde acompa\u00f1\u00f3 luchas vecinales, estrech\u00f3 v\u00ednculos con el Taller de M\u00fasics y hall\u00f3 un territorio abonado para la experimentaci\u00f3n: con artistas catalanes emergentes como Mayte Mart\u00edn, Miguel Poveda, Chicuelo o Ginesa Ortega, con gigantes del jazz como Max Roach o Pat Metheny, y tambi\u00e9n con Leonard Cohen, Sonic Youth y muchos otros. Este trabajo documenta con abundante archivo la relaci\u00f3n entre Morente y la ciudad donde se liber\u00f3 de la ortodoxia y abri\u00f3 nuevos caminos y lenguajes. Esta sesi\u00f3n, que ser\u00e1 presentada por <strong>Jos\u00e9 Errasti<\/strong>, director de la C\u00e1tedra Leonard Cohen, cerrar\u00e1 la 4\u00aa Temporada de la Canci\u00f3n de Autor el 12 de noviembre en el Teatro Filarm\u00f3nica (19 h).<\/p>\n","protected":false},"excerpt":{"rendered":"<p>La 4\u00aa Temporada de la Canci\u00f3n de Autor enCOHENtros unir\u00e1 en Oviedo a ocho cantautores y m\u00fasicos entre el 9 y 12 de noviembre para disfrutar de la belleza de las canciones. El programa incluye conversaciones musicales, conciertos, conferencias, talleres, mesas redondas y el estreno en Asturias de la pel\u00edcula Morente &amp; Barcelona de Jordi &hellip; <a href=\"https:\/\/www.unioviedo.es\/leonardcohen\/index.php\/2023\/11\/05\/4a-temporada-de-la-cancion-de-autor\/\" class=\"more-link\">Sigue leyendo <span class=\"screen-reader-text\">4\u00aa Temporada de la Canci\u00f3n de Autor<\/span><\/a><\/p>\n","protected":false},"author":1,"featured_media":0,"comment_status":"closed","ping_status":"closed","sticky":false,"template":"","format":"standard","meta":{"footnotes":""},"categories":[15],"tags":[8,19,20,17],"class_list":["post-1588","post","type-post","status-publish","format-standard","hentry","category-encohentros","tag-encohentros","tag-cancion-de-autor","tag-cantautores","tag-leonard-cohen"],"_links":{"self":[{"href":"https:\/\/www.unioviedo.es\/leonardcohen\/index.php\/wp-json\/wp\/v2\/posts\/1588","targetHints":{"allow":["GET"]}}],"collection":[{"href":"https:\/\/www.unioviedo.es\/leonardcohen\/index.php\/wp-json\/wp\/v2\/posts"}],"about":[{"href":"https:\/\/www.unioviedo.es\/leonardcohen\/index.php\/wp-json\/wp\/v2\/types\/post"}],"author":[{"embeddable":true,"href":"https:\/\/www.unioviedo.es\/leonardcohen\/index.php\/wp-json\/wp\/v2\/users\/1"}],"replies":[{"embeddable":true,"href":"https:\/\/www.unioviedo.es\/leonardcohen\/index.php\/wp-json\/wp\/v2\/comments?post=1588"}],"version-history":[{"count":3,"href":"https:\/\/www.unioviedo.es\/leonardcohen\/index.php\/wp-json\/wp\/v2\/posts\/1588\/revisions"}],"predecessor-version":[{"id":1597,"href":"https:\/\/www.unioviedo.es\/leonardcohen\/index.php\/wp-json\/wp\/v2\/posts\/1588\/revisions\/1597"}],"wp:attachment":[{"href":"https:\/\/www.unioviedo.es\/leonardcohen\/index.php\/wp-json\/wp\/v2\/media?parent=1588"}],"wp:term":[{"taxonomy":"category","embeddable":true,"href":"https:\/\/www.unioviedo.es\/leonardcohen\/index.php\/wp-json\/wp\/v2\/categories?post=1588"},{"taxonomy":"post_tag","embeddable":true,"href":"https:\/\/www.unioviedo.es\/leonardcohen\/index.php\/wp-json\/wp\/v2\/tags?post=1588"}],"curies":[{"name":"wp","href":"https:\/\/api.w.org\/{rel}","templated":true}]}}