{"id":179,"date":"2018-03-06T20:20:07","date_gmt":"2018-03-06T19:20:07","guid":{"rendered":"http:\/\/www.unioviedo.es\/leonardcohen\/?p=179"},"modified":"2019-01-10T19:35:12","modified_gmt":"2019-01-10T18:35:12","slug":"la-memoria-de-las-canciones-pancho-varona","status":"publish","type":"post","link":"https:\/\/www.unioviedo.es\/leonardcohen\/index.php\/2018\/03\/06\/la-memoria-de-las-canciones-pancho-varona\/","title":{"rendered":"La memoria de las canciones: Pancho Varona"},"content":{"rendered":"<p><a href=\"http:\/\/www.unioviedo.es\/leonardcohen\/wp-content\/uploads\/2018\/03\/Cartel_M\u00fasica-y-palabra-en-la-canci\u00f3n_04-copia.jpg\"><img loading=\"lazy\" decoding=\"async\" class=\"aligncenter size-medium wp-image-184\" src=\"http:\/\/www.unioviedo.es\/leonardcohen\/wp-content\/uploads\/2018\/03\/Cartel_M\u00fasica-y-palabra-en-la-canci\u00f3n_04-copia-213x300.jpg\" alt=\"\" width=\"213\" height=\"300\" srcset=\"https:\/\/www.unioviedo.es\/leonardcohen\/wp-content\/uploads\/2018\/03\/Cartel_M\u00fasica-y-palabra-en-la-canci\u00f3n_04-copia-213x300.jpg 213w, https:\/\/www.unioviedo.es\/leonardcohen\/wp-content\/uploads\/2018\/03\/Cartel_M\u00fasica-y-palabra-en-la-canci\u00f3n_04-copia-768x1080.jpg 768w, https:\/\/www.unioviedo.es\/leonardcohen\/wp-content\/uploads\/2018\/03\/Cartel_M\u00fasica-y-palabra-en-la-canci\u00f3n_04-copia-728x1024.jpg 728w, https:\/\/www.unioviedo.es\/leonardcohen\/wp-content\/uploads\/2018\/03\/Cartel_M\u00fasica-y-palabra-en-la-canci\u00f3n_04-copia.jpg 1789w\" sizes=\"auto, (max-width: 213px) 100vw, 213px\" \/><\/a><\/p>\n<p><a href=\"http:\/\/www.unioviedo.es\/leonardcohen\/wp-content\/uploads\/2018\/03\/16708199_10154429930043262_2859114788127094859_n.jpg\"><br \/>\n<\/a>El m\u00fasico, compositor y productor Pancho Varona es conocido por su colaboraci\u00f3n en la composici\u00f3n de m\u00e1s de 100 canciones de Joaqu\u00edn Sabina, aunque ha producido y escrito temas para otros artistas como Luz Casal o Ana Bel\u00e9n. En la actividad habla de su participaci\u00f3n en el proceso creativo de tres canciones de su repertorio.<\/p>\n<p>Present\u00f3: Javier Garc\u00eda<\/p>\n<p>D\u00eda: 13 de febrero de 2017<\/p>\n<p>Lugar: Paraninfo, Universidad de Oviedo<\/p>\n<p><span style=\"color: #339966;\"><strong>Prensa:<\/strong><\/span><\/p>\n<div class=\"contenido\">\n<p><em>TVE:<\/em>\u00a0En 25&#8242;:40\u00bb: Panorama regional, 14 de febrero de 2017:\u00a0<a href=\"http:\/\/www.rtve.es\/alacarta\/videos\/panorama-regional\/panorama-regional-14-02-17\/3914625\/\">http:\/\/www.rtve.es\/alacarta\/videos\/panorama-regional\/panorama-regional-14-02-17\/3914625\/<\/a><\/p>\n<p>TPA:\u00a0<a class=\"popup\" title=\"Pancho Varona interviene en el ciclo \" href=\"http:\/\/www.uniovi.es\/Uniovi-theme\/js\/player_uo.swf?width=640&amp;height=360&amp;file=\/prensa\/2017\/20170213_TPA2_PANCHO_VARONA.flv&amp;streamer=rtmp:\/\/video.innova.uniovi.es\/vod\/&amp;controlbar=over&amp;autostart=true\" rel=\"prettyPhoto\">Pancho Varona interviene en el ciclo \u00abM\u00fasica y palabra en la canci\u00f3n\u00bb<\/a><\/p>\n<p><em><a href=\"http:\/\/www.uniovi.es\/-\/pancho-varona-interviene-en-el-ciclo-musica-y-palabra-en-la-canci-1\">Uniovi<\/a>: \u00ab<\/em>Pancho Varona, inseparable de Joaqu\u00edn Sabina en sus discos y giras, fue uno de los miembros de la banda Viceversa, con la que Sabina grab\u00f3 su disco Juez y parte en 1985 -que incluye, por ejemplo, el conocido tema \u00abPrincesa\u00bb- y un doble \u00e1lbum en directo en el Teatro de Salamanca al a\u00f1o siguiente. Todos los discos en concierto posteriores del cantante andaluz incluyen la colaboraci\u00f3n de Varona a las guitarras tanto el\u00e9ctrica como ac\u00fastica, y con las voces de acompa\u00f1amiento.<\/p>\n<p>Varona, que en 1995 public\u00f3 su propio \u00e1lbum en solitario, ha colaborado adem\u00e1s con artistas como Ana Bel\u00e9n y Luz Casal, y como productor del primer disco de Amaral.<\/p>\n<p>Con el ciclo \u00abM\u00fasica y palabra en la canci\u00f3n\u00bb, la C\u00e1tedra Leonard Cohen reivindica las canciones como una producci\u00f3n art\u00edstica en la que poes\u00eda y m\u00fasica conforman una unidad indisoluble\u00bb.<\/p>\n<\/div>\n<div class=\"documentos\"><\/div>\n<p>&nbsp;<\/p>\n","protected":false},"excerpt":{"rendered":"<p>El m\u00fasico, compositor y productor Pancho Varona es conocido por su colaboraci\u00f3n en la composici\u00f3n de m\u00e1s de 100 canciones de Joaqu\u00edn Sabina, aunque ha producido y escrito temas para otros artistas como Luz Casal o Ana Bel\u00e9n. En la actividad habla de su participaci\u00f3n en el proceso creativo de tres canciones de su repertorio. &hellip; <a href=\"https:\/\/www.unioviedo.es\/leonardcohen\/index.php\/2018\/03\/06\/la-memoria-de-las-canciones-pancho-varona\/\" class=\"more-link\">Sigue leyendo <span class=\"screen-reader-text\">La memoria de las canciones: Pancho Varona<\/span><\/a><\/p>\n","protected":false},"author":1,"featured_media":180,"comment_status":"closed","ping_status":"closed","sticky":false,"template":"","format":"standard","meta":{"footnotes":""},"categories":[1],"tags":[],"class_list":["post-179","post","type-post","status-publish","format-standard","has-post-thumbnail","hentry","category-sin-categoria"],"_links":{"self":[{"href":"https:\/\/www.unioviedo.es\/leonardcohen\/index.php\/wp-json\/wp\/v2\/posts\/179","targetHints":{"allow":["GET"]}}],"collection":[{"href":"https:\/\/www.unioviedo.es\/leonardcohen\/index.php\/wp-json\/wp\/v2\/posts"}],"about":[{"href":"https:\/\/www.unioviedo.es\/leonardcohen\/index.php\/wp-json\/wp\/v2\/types\/post"}],"author":[{"embeddable":true,"href":"https:\/\/www.unioviedo.es\/leonardcohen\/index.php\/wp-json\/wp\/v2\/users\/1"}],"replies":[{"embeddable":true,"href":"https:\/\/www.unioviedo.es\/leonardcohen\/index.php\/wp-json\/wp\/v2\/comments?post=179"}],"version-history":[{"count":7,"href":"https:\/\/www.unioviedo.es\/leonardcohen\/index.php\/wp-json\/wp\/v2\/posts\/179\/revisions"}],"predecessor-version":[{"id":513,"href":"https:\/\/www.unioviedo.es\/leonardcohen\/index.php\/wp-json\/wp\/v2\/posts\/179\/revisions\/513"}],"wp:featuredmedia":[{"embeddable":true,"href":"https:\/\/www.unioviedo.es\/leonardcohen\/index.php\/wp-json\/wp\/v2\/media\/180"}],"wp:attachment":[{"href":"https:\/\/www.unioviedo.es\/leonardcohen\/index.php\/wp-json\/wp\/v2\/media?parent=179"}],"wp:term":[{"taxonomy":"category","embeddable":true,"href":"https:\/\/www.unioviedo.es\/leonardcohen\/index.php\/wp-json\/wp\/v2\/categories?post=179"},{"taxonomy":"post_tag","embeddable":true,"href":"https:\/\/www.unioviedo.es\/leonardcohen\/index.php\/wp-json\/wp\/v2\/tags?post=179"}],"curies":[{"name":"wp","href":"https:\/\/api.w.org\/{rel}","templated":true}]}}