{"id":199,"date":"2018-03-06T21:27:17","date_gmt":"2018-03-06T20:27:17","guid":{"rendered":"http:\/\/www.unioviedo.es\/leonardcohen\/?p=199"},"modified":"2018-03-07T19:42:58","modified_gmt":"2018-03-07T18:42:58","slug":"cantar-poesia-interpretacion-de-un-ciclo-de-canciones-excepcional","status":"publish","type":"post","link":"https:\/\/www.unioviedo.es\/leonardcohen\/index.php\/2018\/03\/06\/cantar-poesia-interpretacion-de-un-ciclo-de-canciones-excepcional\/","title":{"rendered":"Cantar poes\u00eda: interpretaci\u00f3n de un ciclo de canciones excepcional"},"content":{"rendered":"<p><a href=\"http:\/\/www.unioviedo.es\/leonardcohen\/wp-content\/uploads\/2018\/03\/IMG_5262.jpg\"><img loading=\"lazy\" decoding=\"async\" class=\"aligncenter size-medium wp-image-278\" src=\"http:\/\/www.unioviedo.es\/leonardcohen\/wp-content\/uploads\/2018\/03\/IMG_5262-300x225.jpg\" alt=\"\" width=\"300\" height=\"225\" srcset=\"https:\/\/www.unioviedo.es\/leonardcohen\/wp-content\/uploads\/2018\/03\/IMG_5262-300x225.jpg 300w, https:\/\/www.unioviedo.es\/leonardcohen\/wp-content\/uploads\/2018\/03\/IMG_5262-768x576.jpg 768w, https:\/\/www.unioviedo.es\/leonardcohen\/wp-content\/uploads\/2018\/03\/IMG_5262-1024x768.jpg 1024w\" sizes=\"auto, (max-width: 300px) 100vw, 300px\" \/><\/a> <a href=\"http:\/\/www.unioviedo.es\/leonardcohen\/wp-content\/uploads\/2018\/03\/IMG_5244.jpg\"><img loading=\"lazy\" decoding=\"async\" class=\"aligncenter size-medium wp-image-277\" src=\"http:\/\/www.unioviedo.es\/leonardcohen\/wp-content\/uploads\/2018\/03\/IMG_5244-300x225.jpg\" alt=\"\" width=\"300\" height=\"225\" srcset=\"https:\/\/www.unioviedo.es\/leonardcohen\/wp-content\/uploads\/2018\/03\/IMG_5244-300x225.jpg 300w, https:\/\/www.unioviedo.es\/leonardcohen\/wp-content\/uploads\/2018\/03\/IMG_5244-768x576.jpg 768w, https:\/\/www.unioviedo.es\/leonardcohen\/wp-content\/uploads\/2018\/03\/IMG_5244-1024x768.jpg 1024w\" sizes=\"auto, (max-width: 300px) 100vw, 300px\" \/><\/a>El 29 de noviembre de 2016 se inaugur\u00f3 un nuevo ciclo <em>M\u00fasica y palabra en la canci\u00f3n<\/em> con una taller de canto los d\u00edas 29 y 30 de noviembre sobre las <em>Canciones Gallegas de Antonio Fern\u00e1ndez Cid <\/em>los d\u00edas 29 y 30 de noviembre impartidos por el profesor y pianista Borja Mari\u00f1o (<a href=\"http:\/\/www.borjamarino.com\/\">http:\/\/www.borjamarino.com\/<\/a>), cuyos resultados se vieron en la conferencia- concierto ofertado en el Paraninfo el d\u00eda 1 de diciembre. El profesor Borja Mari\u00f1o explic\u00f3 las relaciones entre m\u00fasica-texto desde la interpretaci\u00f3n.<\/p>\n<p><img loading=\"lazy\" decoding=\"async\" class=\"aligncenter size-medium wp-image-279\" src=\"http:\/\/www.unioviedo.es\/leonardcohen\/wp-content\/uploads\/2018\/03\/IMG_5248-300x225.jpg\" alt=\"\" width=\"300\" height=\"225\" srcset=\"https:\/\/www.unioviedo.es\/leonardcohen\/wp-content\/uploads\/2018\/03\/IMG_5248-300x225.jpg 300w, https:\/\/www.unioviedo.es\/leonardcohen\/wp-content\/uploads\/2018\/03\/IMG_5248-768x576.jpg 768w, https:\/\/www.unioviedo.es\/leonardcohen\/wp-content\/uploads\/2018\/03\/IMG_5248-1024x768.jpg 1024w\" sizes=\"auto, (max-width: 300px) 100vw, 300px\" \/><img loading=\"lazy\" decoding=\"async\" class=\"aligncenter size-medium wp-image-280\" src=\"http:\/\/www.unioviedo.es\/leonardcohen\/wp-content\/uploads\/2018\/03\/IMG_5257-300x225.jpg\" alt=\"\" width=\"300\" height=\"225\" srcset=\"https:\/\/www.unioviedo.es\/leonardcohen\/wp-content\/uploads\/2018\/03\/IMG_5257-300x225.jpg 300w, https:\/\/www.unioviedo.es\/leonardcohen\/wp-content\/uploads\/2018\/03\/IMG_5257-768x576.jpg 768w, https:\/\/www.unioviedo.es\/leonardcohen\/wp-content\/uploads\/2018\/03\/IMG_5257-1024x768.jpg 1024w\" sizes=\"auto, (max-width: 300px) 100vw, 300px\" \/><\/p>\n","protected":false},"excerpt":{"rendered":"<p>El 29 de noviembre de 2016 se inaugur\u00f3 un nuevo ciclo M\u00fasica y palabra en la canci\u00f3n con una taller de canto los d\u00edas 29 y 30 de noviembre sobre las Canciones Gallegas de Antonio Fern\u00e1ndez Cid los d\u00edas 29 y 30 de noviembre impartidos por el profesor y pianista Borja Mari\u00f1o (http:\/\/www.borjamarino.com\/), cuyos resultados &hellip; <a href=\"https:\/\/www.unioviedo.es\/leonardcohen\/index.php\/2018\/03\/06\/cantar-poesia-interpretacion-de-un-ciclo-de-canciones-excepcional\/\" class=\"more-link\">Sigue leyendo <span class=\"screen-reader-text\">Cantar poes\u00eda: interpretaci\u00f3n de un ciclo de canciones excepcional<\/span><\/a><\/p>\n","protected":false},"author":1,"featured_media":200,"comment_status":"closed","ping_status":"closed","sticky":false,"template":"","format":"standard","meta":{"footnotes":""},"categories":[1],"tags":[],"class_list":["post-199","post","type-post","status-publish","format-standard","has-post-thumbnail","hentry","category-sin-categoria"],"_links":{"self":[{"href":"https:\/\/www.unioviedo.es\/leonardcohen\/index.php\/wp-json\/wp\/v2\/posts\/199","targetHints":{"allow":["GET"]}}],"collection":[{"href":"https:\/\/www.unioviedo.es\/leonardcohen\/index.php\/wp-json\/wp\/v2\/posts"}],"about":[{"href":"https:\/\/www.unioviedo.es\/leonardcohen\/index.php\/wp-json\/wp\/v2\/types\/post"}],"author":[{"embeddable":true,"href":"https:\/\/www.unioviedo.es\/leonardcohen\/index.php\/wp-json\/wp\/v2\/users\/1"}],"replies":[{"embeddable":true,"href":"https:\/\/www.unioviedo.es\/leonardcohen\/index.php\/wp-json\/wp\/v2\/comments?post=199"}],"version-history":[{"count":3,"href":"https:\/\/www.unioviedo.es\/leonardcohen\/index.php\/wp-json\/wp\/v2\/posts\/199\/revisions"}],"predecessor-version":[{"id":282,"href":"https:\/\/www.unioviedo.es\/leonardcohen\/index.php\/wp-json\/wp\/v2\/posts\/199\/revisions\/282"}],"wp:featuredmedia":[{"embeddable":true,"href":"https:\/\/www.unioviedo.es\/leonardcohen\/index.php\/wp-json\/wp\/v2\/media\/200"}],"wp:attachment":[{"href":"https:\/\/www.unioviedo.es\/leonardcohen\/index.php\/wp-json\/wp\/v2\/media?parent=199"}],"wp:term":[{"taxonomy":"category","embeddable":true,"href":"https:\/\/www.unioviedo.es\/leonardcohen\/index.php\/wp-json\/wp\/v2\/categories?post=199"},{"taxonomy":"post_tag","embeddable":true,"href":"https:\/\/www.unioviedo.es\/leonardcohen\/index.php\/wp-json\/wp\/v2\/tags?post=199"}],"curies":[{"name":"wp","href":"https:\/\/api.w.org\/{rel}","templated":true}]}}