{"id":207,"date":"2018-03-07T15:50:06","date_gmt":"2018-03-07T14:50:06","guid":{"rendered":"http:\/\/www.unioviedo.es\/leonardcohen\/?p=207"},"modified":"2018-03-07T15:50:06","modified_gmt":"2018-03-07T14:50:06","slug":"el-universo-creativo-de-cervantes","status":"publish","type":"post","link":"https:\/\/www.unioviedo.es\/leonardcohen\/index.php\/2018\/03\/07\/el-universo-creativo-de-cervantes\/","title":{"rendered":"El universo creativo de Cervantes"},"content":{"rendered":"<p>El 4 de noviembre de 2016 la C\u00e1tedra colabor\u00f3 en las Jornadas cervantinas <em>El universo creativo de Cervantes, 400 a\u00f1os despu\u00e9s<\/em>, invitando a la doctora en Musicolog\u00eda, pianista y periodista Ana Vega Toscano. Colabor\u00f3 en la mesa redonda organizada a prop\u00f3sito de las jornadas para tratar la m\u00fasica escrita a prop\u00f3sito de <em>El Quijote<\/em>, junto a los intervinientes Andr\u00e9s Barradas, Pablo Su\u00e1rez y Emilio Mart\u00ednez Mata.<\/p>\n","protected":false},"excerpt":{"rendered":"<p>El 4 de noviembre de 2016 la C\u00e1tedra colabor\u00f3 en las Jornadas cervantinas El universo creativo de Cervantes, 400 a\u00f1os despu\u00e9s, invitando a la doctora en Musicolog\u00eda, pianista y periodista Ana Vega Toscano. Colabor\u00f3 en la mesa redonda organizada a prop\u00f3sito de las jornadas para tratar la m\u00fasica escrita a prop\u00f3sito de El Quijote, junto &hellip; <a href=\"https:\/\/www.unioviedo.es\/leonardcohen\/index.php\/2018\/03\/07\/el-universo-creativo-de-cervantes\/\" class=\"more-link\">Sigue leyendo <span class=\"screen-reader-text\">El universo creativo de Cervantes<\/span><\/a><\/p>\n","protected":false},"author":1,"featured_media":208,"comment_status":"closed","ping_status":"closed","sticky":false,"template":"","format":"standard","meta":{"footnotes":""},"categories":[1],"tags":[],"class_list":["post-207","post","type-post","status-publish","format-standard","has-post-thumbnail","hentry","category-sin-categoria"],"_links":{"self":[{"href":"https:\/\/www.unioviedo.es\/leonardcohen\/index.php\/wp-json\/wp\/v2\/posts\/207","targetHints":{"allow":["GET"]}}],"collection":[{"href":"https:\/\/www.unioviedo.es\/leonardcohen\/index.php\/wp-json\/wp\/v2\/posts"}],"about":[{"href":"https:\/\/www.unioviedo.es\/leonardcohen\/index.php\/wp-json\/wp\/v2\/types\/post"}],"author":[{"embeddable":true,"href":"https:\/\/www.unioviedo.es\/leonardcohen\/index.php\/wp-json\/wp\/v2\/users\/1"}],"replies":[{"embeddable":true,"href":"https:\/\/www.unioviedo.es\/leonardcohen\/index.php\/wp-json\/wp\/v2\/comments?post=207"}],"version-history":[{"count":1,"href":"https:\/\/www.unioviedo.es\/leonardcohen\/index.php\/wp-json\/wp\/v2\/posts\/207\/revisions"}],"predecessor-version":[{"id":209,"href":"https:\/\/www.unioviedo.es\/leonardcohen\/index.php\/wp-json\/wp\/v2\/posts\/207\/revisions\/209"}],"wp:featuredmedia":[{"embeddable":true,"href":"https:\/\/www.unioviedo.es\/leonardcohen\/index.php\/wp-json\/wp\/v2\/media\/208"}],"wp:attachment":[{"href":"https:\/\/www.unioviedo.es\/leonardcohen\/index.php\/wp-json\/wp\/v2\/media?parent=207"}],"wp:term":[{"taxonomy":"category","embeddable":true,"href":"https:\/\/www.unioviedo.es\/leonardcohen\/index.php\/wp-json\/wp\/v2\/categories?post=207"},{"taxonomy":"post_tag","embeddable":true,"href":"https:\/\/www.unioviedo.es\/leonardcohen\/index.php\/wp-json\/wp\/v2\/tags?post=207"}],"curies":[{"name":"wp","href":"https:\/\/api.w.org\/{rel}","templated":true}]}}