{"id":216,"date":"2018-03-07T17:13:23","date_gmt":"2018-03-07T16:13:23","guid":{"rendered":"http:\/\/www.unioviedo.es\/leonardcohen\/?p=216"},"modified":"2018-03-07T17:13:23","modified_gmt":"2018-03-07T16:13:23","slug":"la-memoria-de-las-canciones-jesus-cifuentes-cifu","status":"publish","type":"post","link":"https:\/\/www.unioviedo.es\/leonardcohen\/index.php\/2018\/03\/07\/la-memoria-de-las-canciones-jesus-cifuentes-cifu\/","title":{"rendered":"La memoria de las canciones: Jes\u00fas Cifuentes \u201cCifu\u201d"},"content":{"rendered":"<p>El Ciclo \u201cLa memoria de las canciones\u201d cont\u00f3 el d\u00eda 11 de febrero con la presencia de Jes\u00fas Cifuentes \u201cCifu\u201d, cantante de Celtas Cortos, que habl\u00f3 con Eleva Vares, destacada investigadora, ante el p\u00fablico que llen\u00f3 el Paraninfo del proceso de construcci\u00f3n de su canci\u00f3n \u201cLa senda del tiempo\u201d y del valor de la m\u00fasica en la sociedad. Cerr\u00f3 el acto interpretando la canci\u00f3n acompa\u00f1ado por la joven m\u00fasica Claudia Garc\u00eda Mor\u00e1n a la flauta travesera.<\/p>\n","protected":false},"excerpt":{"rendered":"<p>El Ciclo \u201cLa memoria de las canciones\u201d cont\u00f3 el d\u00eda 11 de febrero con la presencia de Jes\u00fas Cifuentes \u201cCifu\u201d, cantante de Celtas Cortos, que habl\u00f3 con Eleva Vares, destacada investigadora, ante el p\u00fablico que llen\u00f3 el Paraninfo del proceso de construcci\u00f3n de su canci\u00f3n \u201cLa senda del tiempo\u201d y del valor de la m\u00fasica &hellip; <a href=\"https:\/\/www.unioviedo.es\/leonardcohen\/index.php\/2018\/03\/07\/la-memoria-de-las-canciones-jesus-cifuentes-cifu\/\" class=\"more-link\">Sigue leyendo <span class=\"screen-reader-text\">La memoria de las canciones: Jes\u00fas Cifuentes \u201cCifu\u201d<\/span><\/a><\/p>\n","protected":false},"author":1,"featured_media":217,"comment_status":"closed","ping_status":"closed","sticky":false,"template":"","format":"standard","meta":{"footnotes":""},"categories":[1],"tags":[],"class_list":["post-216","post","type-post","status-publish","format-standard","has-post-thumbnail","hentry","category-sin-categoria"],"_links":{"self":[{"href":"https:\/\/www.unioviedo.es\/leonardcohen\/index.php\/wp-json\/wp\/v2\/posts\/216","targetHints":{"allow":["GET"]}}],"collection":[{"href":"https:\/\/www.unioviedo.es\/leonardcohen\/index.php\/wp-json\/wp\/v2\/posts"}],"about":[{"href":"https:\/\/www.unioviedo.es\/leonardcohen\/index.php\/wp-json\/wp\/v2\/types\/post"}],"author":[{"embeddable":true,"href":"https:\/\/www.unioviedo.es\/leonardcohen\/index.php\/wp-json\/wp\/v2\/users\/1"}],"replies":[{"embeddable":true,"href":"https:\/\/www.unioviedo.es\/leonardcohen\/index.php\/wp-json\/wp\/v2\/comments?post=216"}],"version-history":[{"count":1,"href":"https:\/\/www.unioviedo.es\/leonardcohen\/index.php\/wp-json\/wp\/v2\/posts\/216\/revisions"}],"predecessor-version":[{"id":218,"href":"https:\/\/www.unioviedo.es\/leonardcohen\/index.php\/wp-json\/wp\/v2\/posts\/216\/revisions\/218"}],"wp:featuredmedia":[{"embeddable":true,"href":"https:\/\/www.unioviedo.es\/leonardcohen\/index.php\/wp-json\/wp\/v2\/media\/217"}],"wp:attachment":[{"href":"https:\/\/www.unioviedo.es\/leonardcohen\/index.php\/wp-json\/wp\/v2\/media?parent=216"}],"wp:term":[{"taxonomy":"category","embeddable":true,"href":"https:\/\/www.unioviedo.es\/leonardcohen\/index.php\/wp-json\/wp\/v2\/categories?post=216"},{"taxonomy":"post_tag","embeddable":true,"href":"https:\/\/www.unioviedo.es\/leonardcohen\/index.php\/wp-json\/wp\/v2\/tags?post=216"}],"curies":[{"name":"wp","href":"https:\/\/api.w.org\/{rel}","templated":true}]}}