{"id":233,"date":"2018-03-07T17:36:01","date_gmt":"2018-03-07T16:36:01","guid":{"rendered":"http:\/\/www.unioviedo.es\/leonardcohen\/?p=233"},"modified":"2018-03-07T17:36:01","modified_gmt":"2018-03-07T16:36:01","slug":"catedra-cohen-y-fixc","status":"publish","type":"post","link":"https:\/\/www.unioviedo.es\/leonardcohen\/index.php\/2018\/03\/07\/catedra-cohen-y-fixc\/","title":{"rendered":"C\u00e1tedra Cohen y FIXC"},"content":{"rendered":"<p>Los d\u00edas 22, 23 y 24 de noviembre la C\u00e1tedra colabor\u00f3 con el FICX (Festival Internacional de Cine de Gij\u00f3n) en la gesti\u00f3n de unas <em>Conversaciones entre el Cine y la Universidad<\/em>, con charlas entre actores del panorama del cine actual (directores, compositores, productores y cr\u00edticos) entretejida con el an\u00e1lisis que proviene de la reflexi\u00f3n acad\u00e9mica en un entorno distendido de conversaci\u00f3n entre ambos entornos. En la colaboraci\u00f3n gestionada por la C\u00e1tedra particip\u00f3 el especialista en Cervantes Pablo Carvajal (\u00abEl Quijote en el cine en su centenario\u00bb), la profesora de Arte Mar\u00eda del Mar D\u00edaz (\u00abEl terror en el cine y nuevas tendencias\u00bb) y el doctor en Musicolog\u00eda Alejandro Gonz\u00e1lez Villalibre (\u00abLa m\u00fasica en el cine\u00bb).<\/p>\n<p>Colaboraci\u00f3n con el FIXC (<a href=\"http:\/\/www.gijonfilmfestival.com\/\">http:\/\/www.gijonfilmfestival.com)<\/a><\/p>\n","protected":false},"excerpt":{"rendered":"<p>Los d\u00edas 22, 23 y 24 de noviembre la C\u00e1tedra colabor\u00f3 con el FICX (Festival Internacional de Cine de Gij\u00f3n) en la gesti\u00f3n de unas Conversaciones entre el Cine y la Universidad, con charlas entre actores del panorama del cine actual (directores, compositores, productores y cr\u00edticos) entretejida con el an\u00e1lisis que proviene de la reflexi\u00f3n &hellip; <a href=\"https:\/\/www.unioviedo.es\/leonardcohen\/index.php\/2018\/03\/07\/catedra-cohen-y-fixc\/\" class=\"more-link\">Sigue leyendo <span class=\"screen-reader-text\">C\u00e1tedra Cohen y FIXC<\/span><\/a><\/p>\n","protected":false},"author":1,"featured_media":211,"comment_status":"closed","ping_status":"closed","sticky":false,"template":"","format":"standard","meta":{"footnotes":""},"categories":[1],"tags":[],"class_list":["post-233","post","type-post","status-publish","format-standard","has-post-thumbnail","hentry","category-sin-categoria"],"_links":{"self":[{"href":"https:\/\/www.unioviedo.es\/leonardcohen\/index.php\/wp-json\/wp\/v2\/posts\/233","targetHints":{"allow":["GET"]}}],"collection":[{"href":"https:\/\/www.unioviedo.es\/leonardcohen\/index.php\/wp-json\/wp\/v2\/posts"}],"about":[{"href":"https:\/\/www.unioviedo.es\/leonardcohen\/index.php\/wp-json\/wp\/v2\/types\/post"}],"author":[{"embeddable":true,"href":"https:\/\/www.unioviedo.es\/leonardcohen\/index.php\/wp-json\/wp\/v2\/users\/1"}],"replies":[{"embeddable":true,"href":"https:\/\/www.unioviedo.es\/leonardcohen\/index.php\/wp-json\/wp\/v2\/comments?post=233"}],"version-history":[{"count":1,"href":"https:\/\/www.unioviedo.es\/leonardcohen\/index.php\/wp-json\/wp\/v2\/posts\/233\/revisions"}],"predecessor-version":[{"id":234,"href":"https:\/\/www.unioviedo.es\/leonardcohen\/index.php\/wp-json\/wp\/v2\/posts\/233\/revisions\/234"}],"wp:featuredmedia":[{"embeddable":true,"href":"https:\/\/www.unioviedo.es\/leonardcohen\/index.php\/wp-json\/wp\/v2\/media\/211"}],"wp:attachment":[{"href":"https:\/\/www.unioviedo.es\/leonardcohen\/index.php\/wp-json\/wp\/v2\/media?parent=233"}],"wp:term":[{"taxonomy":"category","embeddable":true,"href":"https:\/\/www.unioviedo.es\/leonardcohen\/index.php\/wp-json\/wp\/v2\/categories?post=233"},{"taxonomy":"post_tag","embeddable":true,"href":"https:\/\/www.unioviedo.es\/leonardcohen\/index.php\/wp-json\/wp\/v2\/tags?post=233"}],"curies":[{"name":"wp","href":"https:\/\/api.w.org\/{rel}","templated":true}]}}