{"id":247,"date":"2018-03-07T17:55:35","date_gmt":"2018-03-07T16:55:35","guid":{"rendered":"http:\/\/www.unioviedo.es\/leonardcohen\/?p=247"},"modified":"2018-03-07T17:55:35","modified_gmt":"2018-03-07T16:55:35","slug":"la-memoria-de-las-canciones-los-suaves","status":"publish","type":"post","link":"https:\/\/www.unioviedo.es\/leonardcohen\/index.php\/2018\/03\/07\/la-memoria-de-las-canciones-los-suaves\/","title":{"rendered":"La memoria de las canciones: Los Suaves"},"content":{"rendered":"<p>El 16 de diciembre se realiz\u00f3 la \u00faltima actividad del ciclo, invitando al bajista de <em>Los Suaves,<\/em> Charli Dom\u00ednguez, quien es fundador de esta legendaria banda espa\u00f1ola y ourensana. En la actividad habl\u00f3 de su participaci\u00f3n en el proceso creativo de una de las canciones en las que tom\u00f3 parte activa, \u201cPobre jugador\u201d, desde el punto de vista musical y textual, as\u00ed como la gesti\u00f3n que rodea el proceso de creaci\u00f3n hasta la comunicaci\u00f3n con el p\u00fablico.<\/p>\n","protected":false},"excerpt":{"rendered":"<p>El 16 de diciembre se realiz\u00f3 la \u00faltima actividad del ciclo, invitando al bajista de Los Suaves, Charli Dom\u00ednguez, quien es fundador de esta legendaria banda espa\u00f1ola y ourensana. En la actividad habl\u00f3 de su participaci\u00f3n en el proceso creativo de una de las canciones en las que tom\u00f3 parte activa, \u201cPobre jugador\u201d, desde el &hellip; <a href=\"https:\/\/www.unioviedo.es\/leonardcohen\/index.php\/2018\/03\/07\/la-memoria-de-las-canciones-los-suaves\/\" class=\"more-link\">Sigue leyendo <span class=\"screen-reader-text\">La memoria de las canciones: Los Suaves<\/span><\/a><\/p>\n","protected":false},"author":1,"featured_media":248,"comment_status":"closed","ping_status":"closed","sticky":false,"template":"","format":"standard","meta":{"footnotes":""},"categories":[1],"tags":[],"class_list":["post-247","post","type-post","status-publish","format-standard","has-post-thumbnail","hentry","category-sin-categoria"],"_links":{"self":[{"href":"https:\/\/www.unioviedo.es\/leonardcohen\/index.php\/wp-json\/wp\/v2\/posts\/247","targetHints":{"allow":["GET"]}}],"collection":[{"href":"https:\/\/www.unioviedo.es\/leonardcohen\/index.php\/wp-json\/wp\/v2\/posts"}],"about":[{"href":"https:\/\/www.unioviedo.es\/leonardcohen\/index.php\/wp-json\/wp\/v2\/types\/post"}],"author":[{"embeddable":true,"href":"https:\/\/www.unioviedo.es\/leonardcohen\/index.php\/wp-json\/wp\/v2\/users\/1"}],"replies":[{"embeddable":true,"href":"https:\/\/www.unioviedo.es\/leonardcohen\/index.php\/wp-json\/wp\/v2\/comments?post=247"}],"version-history":[{"count":1,"href":"https:\/\/www.unioviedo.es\/leonardcohen\/index.php\/wp-json\/wp\/v2\/posts\/247\/revisions"}],"predecessor-version":[{"id":249,"href":"https:\/\/www.unioviedo.es\/leonardcohen\/index.php\/wp-json\/wp\/v2\/posts\/247\/revisions\/249"}],"wp:featuredmedia":[{"embeddable":true,"href":"https:\/\/www.unioviedo.es\/leonardcohen\/index.php\/wp-json\/wp\/v2\/media\/248"}],"wp:attachment":[{"href":"https:\/\/www.unioviedo.es\/leonardcohen\/index.php\/wp-json\/wp\/v2\/media?parent=247"}],"wp:term":[{"taxonomy":"category","embeddable":true,"href":"https:\/\/www.unioviedo.es\/leonardcohen\/index.php\/wp-json\/wp\/v2\/categories?post=247"},{"taxonomy":"post_tag","embeddable":true,"href":"https:\/\/www.unioviedo.es\/leonardcohen\/index.php\/wp-json\/wp\/v2\/tags?post=247"}],"curies":[{"name":"wp","href":"https:\/\/api.w.org\/{rel}","templated":true}]}}