{"id":291,"date":"2018-03-22T12:55:52","date_gmt":"2018-03-22T11:55:52","guid":{"rendered":"http:\/\/www.unioviedo.es\/leonardcohen\/?p=291"},"modified":"2018-03-22T12:58:53","modified_gmt":"2018-03-22T11:58:53","slug":"arantxa-aguirre-dancing-beethoven","status":"publish","type":"post","link":"https:\/\/www.unioviedo.es\/leonardcohen\/index.php\/2018\/03\/22\/arantxa-aguirre-dancing-beethoven\/","title":{"rendered":"Arantxa Aguirre: Dancing Beethoven"},"content":{"rendered":"<h2><strong>Presentaci\u00f3n de <em>Dancing Beethoven:\u00a0<\/em>C\u00e1tedra Cohen en colaboraci\u00f3n con SACO<\/strong><\/h2>\n<p>Prensa:<\/p>\n<ul>\n<li><a href=\"http:\/\/www.elcomercio.es\/culturas\/espana-puede-vivir-20180318004041-ntvo.html\"><em>El comercio: <\/em><\/a><em><a style=\"font-size: 1rem;\" href=\"http:\/\/www.elcomercio.es\/culturas\/espana-puede-vivir-20180318004041-ntvo.html\">\u00abEn Espa\u00f1a no se puede vivir del documental\u00bb<\/a><\/em><\/li>\n<li><a href=\"http:\/\/www.rtpa.es\/sociedad:-El-Teatro-Filarmonica-acoge-la-proyeccion-de--%27Dancing-Beethoven%27_111521316682.html\">TPA: \u00abEl Teatro Filarm\u00f3nica acoge la proyecci\u00f3n de <em>Dancing Beethoven\u00bb<\/em><\/a><\/li>\n<li><a href=\"http:\/\/www.rtpa.es\/audio:La+radio+es+m%C3%ADa_1521115845.html\">RPA: La radio es m\u00eda<\/a>. Minuto 45<\/li>\n<\/ul>\n<p>(<a href=\"http:\/\/www.semanasaco.net\/saco-4\/)\">http:\/\/www.semanasaco.net\/saco-4\/)<\/a><\/p>\n<p>El documental <em>Dancing Beethoven s<\/em>e proyectar\u00e1 en el marco de SACO el 17 de marzo en el Teatro Filarm\u00f3nica a las 18:30 con presentaci\u00f3n y charla de su directora.<\/p>\n<p>La directora Arantxa Aguirre tiene una larga trayectoria como cineasta documental de la compa\u00f1\u00eda B\u00e9jart Ballet Lausanne.\u00a0Su \u00faltimo trabajo con esta compa\u00f1\u00eda de ballet, precisamente\u00a0<em>Dancing Beethoven<\/em>, obtuvo una nominaci\u00f3n a los premios Goya 2018.<\/p>\n<p>Esta pel\u00edcula trata sobre el rodaje en 2014 de la recuperaci\u00f3n que el B\u00e9jart Ballet de Lausanne hizo de una las coreograf\u00edas m\u00edticas de su fundador, la pieza que Maurice B\u00e9jart mont\u00f3 en 1964 para su compa\u00f1\u00eda sobre la m\u00fasica de la Novena Sinfon\u00eda de Beethoven.\u00bbLos meses de preparaci\u00f3n, el trabajo de bailarines y m\u00fasicos, las reflexiones de los participantes, y las historias humanas acontecidas durante esos meses, todo ello forman parte de una pel\u00edcula de hermos\u00edsima factura, con la mejor de las bandas sonoras posible\u00bb. <a href=\"http:\/\/www.laquintademahler.com\/shop\/evento.aspx?id=81721\">http:\/\/www.laquintademahler.com\/shop\/evento.aspx?id=81721<\/a><\/p>\n<p><a href=\"http:\/\/www.unioviedo.es\/leonardcohen\/wp-content\/uploads\/2018\/03\/cartel-Dancing-Beethoven-copia.jpg\"><img loading=\"lazy\" decoding=\"async\" class=\"aligncenter size-medium wp-image-254\" src=\"http:\/\/www.unioviedo.es\/leonardcohen\/wp-content\/uploads\/2018\/03\/cartel-Dancing-Beethoven-copia-217x300.jpg\" alt=\"\" width=\"217\" height=\"300\" srcset=\"https:\/\/www.unioviedo.es\/leonardcohen\/wp-content\/uploads\/2018\/03\/cartel-Dancing-Beethoven-copia-217x300.jpg 217w, https:\/\/www.unioviedo.es\/leonardcohen\/wp-content\/uploads\/2018\/03\/cartel-Dancing-Beethoven-copia-768x1063.jpg 768w, https:\/\/www.unioviedo.es\/leonardcohen\/wp-content\/uploads\/2018\/03\/cartel-Dancing-Beethoven-copia-740x1024.jpg 740w, https:\/\/www.unioviedo.es\/leonardcohen\/wp-content\/uploads\/2018\/03\/cartel-Dancing-Beethoven-copia.jpg 1891w\" sizes=\"auto, (max-width: 217px) 100vw, 217px\" \/><\/a><\/p>\n","protected":false},"excerpt":{"rendered":"<p>Presentaci\u00f3n de Dancing Beethoven:\u00a0C\u00e1tedra Cohen en colaboraci\u00f3n con SACO Prensa: El comercio: \u00abEn Espa\u00f1a no se puede vivir del documental\u00bb TPA: \u00abEl Teatro Filarm\u00f3nica acoge la proyecci\u00f3n de Dancing Beethoven\u00bb RPA: La radio es m\u00eda. Minuto 45 (http:\/\/www.semanasaco.net\/saco-4\/) El documental Dancing Beethoven se proyectar\u00e1 en el marco de SACO el 17 de marzo en el &hellip; <a href=\"https:\/\/www.unioviedo.es\/leonardcohen\/index.php\/2018\/03\/22\/arantxa-aguirre-dancing-beethoven\/\" class=\"more-link\">Sigue leyendo <span class=\"screen-reader-text\">Arantxa Aguirre: Dancing Beethoven<\/span><\/a><\/p>\n","protected":false},"author":1,"featured_media":263,"comment_status":"closed","ping_status":"closed","sticky":false,"template":"","format":"standard","meta":{"footnotes":""},"categories":[1],"tags":[],"class_list":["post-291","post","type-post","status-publish","format-standard","has-post-thumbnail","hentry","category-sin-categoria"],"_links":{"self":[{"href":"https:\/\/www.unioviedo.es\/leonardcohen\/index.php\/wp-json\/wp\/v2\/posts\/291","targetHints":{"allow":["GET"]}}],"collection":[{"href":"https:\/\/www.unioviedo.es\/leonardcohen\/index.php\/wp-json\/wp\/v2\/posts"}],"about":[{"href":"https:\/\/www.unioviedo.es\/leonardcohen\/index.php\/wp-json\/wp\/v2\/types\/post"}],"author":[{"embeddable":true,"href":"https:\/\/www.unioviedo.es\/leonardcohen\/index.php\/wp-json\/wp\/v2\/users\/1"}],"replies":[{"embeddable":true,"href":"https:\/\/www.unioviedo.es\/leonardcohen\/index.php\/wp-json\/wp\/v2\/comments?post=291"}],"version-history":[{"count":2,"href":"https:\/\/www.unioviedo.es\/leonardcohen\/index.php\/wp-json\/wp\/v2\/posts\/291\/revisions"}],"predecessor-version":[{"id":295,"href":"https:\/\/www.unioviedo.es\/leonardcohen\/index.php\/wp-json\/wp\/v2\/posts\/291\/revisions\/295"}],"wp:featuredmedia":[{"embeddable":true,"href":"https:\/\/www.unioviedo.es\/leonardcohen\/index.php\/wp-json\/wp\/v2\/media\/263"}],"wp:attachment":[{"href":"https:\/\/www.unioviedo.es\/leonardcohen\/index.php\/wp-json\/wp\/v2\/media?parent=291"}],"wp:term":[{"taxonomy":"category","embeddable":true,"href":"https:\/\/www.unioviedo.es\/leonardcohen\/index.php\/wp-json\/wp\/v2\/categories?post=291"},{"taxonomy":"post_tag","embeddable":true,"href":"https:\/\/www.unioviedo.es\/leonardcohen\/index.php\/wp-json\/wp\/v2\/tags?post=291"}],"curies":[{"name":"wp","href":"https:\/\/api.w.org\/{rel}","templated":true}]}}