{"id":367,"date":"2018-05-17T11:46:42","date_gmt":"2018-05-17T09:46:42","guid":{"rendered":"http:\/\/www.unioviedo.es\/leonardcohen\/?p=367"},"modified":"2018-05-17T11:57:33","modified_gmt":"2018-05-17T09:57:33","slug":"psicologia-e-interpretacion-musical","status":"publish","type":"post","link":"https:\/\/www.unioviedo.es\/leonardcohen\/index.php\/2018\/05\/17\/psicologia-e-interpretacion-musical\/","title":{"rendered":"Psicolog\u00eda e Interpretaci\u00f3n Musical"},"content":{"rendered":"<p>La C\u00e1tedra Leonard Cohen y la C\u00e1tedra Asturias Prevenci\u00f3n realizaron en colaboraci\u00f3n unas Jornadas de Psicolog\u00eda e Interpretaci\u00f3n musical en la que tambi\u00e9n estuvieron presentes AMPOS (Asociaci\u00f3n de M\u00fasicos Profesionales de Orquestas Sinf\u00f3nicas) y AEOS (Asociaci\u00f3n Espa\u00f1ola de Orquestas Sinf\u00f3nicas).<\/p>\n<p><span style=\"color: #ff0000;\"><strong>8 de mayo<\/strong><\/span><br \/>\n<span style=\"color: #ff0000;\"><strong>Aula Severo Ochoa de la<\/strong><\/span><br \/>\n<span style=\"color: #ff0000;\"><strong>Universidad de Oviedo<\/strong><\/span><\/p>\n<ul>\n<li>19 h. CONFERENCIA<br \/>\nLA RESPUESTA AFECTIVA DEL<br \/>\nM\u00daSICO: EL CASO DE LA<br \/>\nANSIEDAD ESC\u00c9NICA<br \/>\n<strong>Francisco de Paula,\u00a0<\/strong>profesor de piano del Conservatorio de Isla Cristina<br \/>\n(Huelva), psic\u00f3logo,\u00a0 musicoterapeuta, y miembro fundador y secretario de la Asociaci\u00f3n Espa\u00f1ola de Psicolog\u00eda de la M\u00fasica y la Interpretaci\u00f3n Musical, AEPMIM. Profesor del M\u00e1ster en Psicolog\u00eda y M\u00fasica de la UNED.<\/li>\n<\/ul>\n<p>&nbsp;<\/p>\n<ul>\n<li>20 h. CONFERENCIA<br \/>\nENTRENAMIENTO MENTAL<br \/>\nPARA LA ACTUACI\u00d3N<br \/>\n<strong>Guillermo Dalia,\u00a0<\/strong>Psic\u00f3logo Cl\u00ednico de la Unidad de la M\u00fasica y las Artes esc\u00e9nicas del Hospital de Manises, Valencia. Director y Profesor del M\u00e1ster Pr\u00e1ctico de Terapia de Conducta del COP- CV, en el Master de Interpretaci\u00f3n Solista en el Superior Katarina Gurska de Madrid, en La Escuela de Altos Estudios Musicales (EAEM) de la Real Filharmon\u00eda de Galicia, y en<br \/>\nel M\u00e1ster Propio en \u201cMedicina Aplicada a la Actividad Musical\u201d, de la Facultad de Medicina de la Universidad de Valencia<\/li>\n<\/ul>\n<p><a href=\"http:\/\/www.unioviedo.es\/leonardcohen\/wp-content\/uploads\/2018\/05\/JORNADA-PSICOLOGIA-MUSICA_6405.jpg\"><img loading=\"lazy\" decoding=\"async\" class=\"aligncenter size-medium wp-image-370\" src=\"http:\/\/www.unioviedo.es\/leonardcohen\/wp-content\/uploads\/2018\/05\/JORNADA-PSICOLOGIA-MUSICA_6405-300x200.jpg\" alt=\"\" width=\"300\" height=\"200\" srcset=\"https:\/\/www.unioviedo.es\/leonardcohen\/wp-content\/uploads\/2018\/05\/JORNADA-PSICOLOGIA-MUSICA_6405-300x200.jpg 300w, https:\/\/www.unioviedo.es\/leonardcohen\/wp-content\/uploads\/2018\/05\/JORNADA-PSICOLOGIA-MUSICA_6405-768x512.jpg 768w, https:\/\/www.unioviedo.es\/leonardcohen\/wp-content\/uploads\/2018\/05\/JORNADA-PSICOLOGIA-MUSICA_6405-1024x683.jpg 1024w\" sizes=\"auto, (max-width: 300px) 100vw, 300px\" \/><\/a> <a href=\"http:\/\/www.unioviedo.es\/leonardcohen\/wp-content\/uploads\/2018\/05\/JORNADA-PSICOLOGIA-MUSICA_6460.jpg\"><img loading=\"lazy\" decoding=\"async\" class=\"aligncenter size-medium wp-image-372\" src=\"http:\/\/www.unioviedo.es\/leonardcohen\/wp-content\/uploads\/2018\/05\/JORNADA-PSICOLOGIA-MUSICA_6460-300x200.jpg\" alt=\"\" width=\"300\" height=\"200\" srcset=\"https:\/\/www.unioviedo.es\/leonardcohen\/wp-content\/uploads\/2018\/05\/JORNADA-PSICOLOGIA-MUSICA_6460-300x200.jpg 300w, https:\/\/www.unioviedo.es\/leonardcohen\/wp-content\/uploads\/2018\/05\/JORNADA-PSICOLOGIA-MUSICA_6460-768x512.jpg 768w, https:\/\/www.unioviedo.es\/leonardcohen\/wp-content\/uploads\/2018\/05\/JORNADA-PSICOLOGIA-MUSICA_6460-1024x683.jpg 1024w\" sizes=\"auto, (max-width: 300px) 100vw, 300px\" \/><\/a> <a href=\"http:\/\/www.unioviedo.es\/leonardcohen\/wp-content\/uploads\/2018\/05\/JORNADA-PSICOLOGIA-MUSICA_6487.jpg\"><img loading=\"lazy\" decoding=\"async\" class=\"aligncenter size-medium wp-image-373\" src=\"http:\/\/www.unioviedo.es\/leonardcohen\/wp-content\/uploads\/2018\/05\/JORNADA-PSICOLOGIA-MUSICA_6487-300x200.jpg\" alt=\"\" width=\"300\" height=\"200\" srcset=\"https:\/\/www.unioviedo.es\/leonardcohen\/wp-content\/uploads\/2018\/05\/JORNADA-PSICOLOGIA-MUSICA_6487-300x200.jpg 300w, https:\/\/www.unioviedo.es\/leonardcohen\/wp-content\/uploads\/2018\/05\/JORNADA-PSICOLOGIA-MUSICA_6487-768x513.jpg 768w, https:\/\/www.unioviedo.es\/leonardcohen\/wp-content\/uploads\/2018\/05\/JORNADA-PSICOLOGIA-MUSICA_6487-1024x684.jpg 1024w\" sizes=\"auto, (max-width: 300px) 100vw, 300px\" \/><\/a> <a href=\"http:\/\/www.unioviedo.es\/leonardcohen\/wp-content\/uploads\/2018\/05\/JORNADA-PSICOLOGIA-MUSICA_6564.jpg\"><img loading=\"lazy\" decoding=\"async\" class=\"aligncenter size-medium wp-image-374\" src=\"http:\/\/www.unioviedo.es\/leonardcohen\/wp-content\/uploads\/2018\/05\/JORNADA-PSICOLOGIA-MUSICA_6564-300x200.jpg\" alt=\"\" width=\"300\" height=\"200\" srcset=\"https:\/\/www.unioviedo.es\/leonardcohen\/wp-content\/uploads\/2018\/05\/JORNADA-PSICOLOGIA-MUSICA_6564-300x200.jpg 300w, https:\/\/www.unioviedo.es\/leonardcohen\/wp-content\/uploads\/2018\/05\/JORNADA-PSICOLOGIA-MUSICA_6564-768x513.jpg 768w, https:\/\/www.unioviedo.es\/leonardcohen\/wp-content\/uploads\/2018\/05\/JORNADA-PSICOLOGIA-MUSICA_6564-1024x684.jpg 1024w\" sizes=\"auto, (max-width: 300px) 100vw, 300px\" \/><\/a><a href=\"http:\/\/www.unioviedo.es\/leonardcohen\/wp-content\/uploads\/2018\/05\/JORNADA-PSICOLOGIA-MUSICA_6619.jpg\"><img loading=\"lazy\" decoding=\"async\" class=\"aligncenter size-medium wp-image-382\" src=\"http:\/\/www.unioviedo.es\/leonardcohen\/wp-content\/uploads\/2018\/05\/JORNADA-PSICOLOGIA-MUSICA_6619-300x200.jpg\" alt=\"\" width=\"300\" height=\"200\" srcset=\"https:\/\/www.unioviedo.es\/leonardcohen\/wp-content\/uploads\/2018\/05\/JORNADA-PSICOLOGIA-MUSICA_6619-300x200.jpg 300w, https:\/\/www.unioviedo.es\/leonardcohen\/wp-content\/uploads\/2018\/05\/JORNADA-PSICOLOGIA-MUSICA_6619-768x513.jpg 768w, https:\/\/www.unioviedo.es\/leonardcohen\/wp-content\/uploads\/2018\/05\/JORNADA-PSICOLOGIA-MUSICA_6619-1024x684.jpg 1024w\" sizes=\"auto, (max-width: 300px) 100vw, 300px\" \/><\/a> <a href=\"http:\/\/www.unioviedo.es\/leonardcohen\/wp-content\/uploads\/2018\/05\/JORNADA-PSICOLOGIA-MUSICA_6679.jpg\"><img loading=\"lazy\" decoding=\"async\" class=\"aligncenter size-medium wp-image-375\" src=\"http:\/\/www.unioviedo.es\/leonardcohen\/wp-content\/uploads\/2018\/05\/JORNADA-PSICOLOGIA-MUSICA_6679-300x200.jpg\" alt=\"\" width=\"300\" height=\"200\" srcset=\"https:\/\/www.unioviedo.es\/leonardcohen\/wp-content\/uploads\/2018\/05\/JORNADA-PSICOLOGIA-MUSICA_6679-300x200.jpg 300w, https:\/\/www.unioviedo.es\/leonardcohen\/wp-content\/uploads\/2018\/05\/JORNADA-PSICOLOGIA-MUSICA_6679-768x513.jpg 768w, https:\/\/www.unioviedo.es\/leonardcohen\/wp-content\/uploads\/2018\/05\/JORNADA-PSICOLOGIA-MUSICA_6679-1024x684.jpg 1024w\" sizes=\"auto, (max-width: 300px) 100vw, 300px\" \/><\/a><\/p>\n<p><span style=\"color: #ff0000;\"><strong>9 de mayo<\/strong><\/span><br \/>\n<span style=\"color: #ff0000;\"><strong>Facultad de Psicolog\u00eda de la<\/strong><\/span><br \/>\n<span style=\"color: #ff0000;\"><strong>Universidad de Oviedo<\/strong><\/span><\/p>\n<ul>\n<li>16 a 20 h.\u00a0\u00a0<strong>Guillermo Dalia<\/strong><br \/>\nRELAJACI\u00d3N APLICADA Y<br \/>\nVISUALIZACI\u00d3N PARA<br \/>\nM\u00daSICOS,<br \/>\n<a href=\"http:\/\/www.unioviedo.es\/leonardcohen\/wp-content\/uploads\/2018\/05\/32226936_10156372783514127_2517001253800640512_n.jpg\"><img loading=\"lazy\" decoding=\"async\" class=\"aligncenter size-medium wp-image-376\" src=\"http:\/\/www.unioviedo.es\/leonardcohen\/wp-content\/uploads\/2018\/05\/32226936_10156372783514127_2517001253800640512_n-300x168.jpg\" alt=\"\" width=\"300\" height=\"168\" srcset=\"https:\/\/www.unioviedo.es\/leonardcohen\/wp-content\/uploads\/2018\/05\/32226936_10156372783514127_2517001253800640512_n-300x168.jpg 300w, https:\/\/www.unioviedo.es\/leonardcohen\/wp-content\/uploads\/2018\/05\/32226936_10156372783514127_2517001253800640512_n-768x431.jpg 768w, https:\/\/www.unioviedo.es\/leonardcohen\/wp-content\/uploads\/2018\/05\/32226936_10156372783514127_2517001253800640512_n.jpg 960w\" sizes=\"auto, (max-width: 300px) 100vw, 300px\" \/><\/a> <a href=\"http:\/\/www.unioviedo.es\/leonardcohen\/wp-content\/uploads\/2018\/05\/32231246_10155644285463262_2833797809625366528_n.jpg\"><img loading=\"lazy\" decoding=\"async\" class=\"aligncenter size-medium wp-image-377\" src=\"http:\/\/www.unioviedo.es\/leonardcohen\/wp-content\/uploads\/2018\/05\/32231246_10155644285463262_2833797809625366528_n-300x169.jpg\" alt=\"\" width=\"300\" height=\"169\" srcset=\"https:\/\/www.unioviedo.es\/leonardcohen\/wp-content\/uploads\/2018\/05\/32231246_10155644285463262_2833797809625366528_n-300x169.jpg 300w, https:\/\/www.unioviedo.es\/leonardcohen\/wp-content\/uploads\/2018\/05\/32231246_10155644285463262_2833797809625366528_n-768x432.jpg 768w, https:\/\/www.unioviedo.es\/leonardcohen\/wp-content\/uploads\/2018\/05\/32231246_10155644285463262_2833797809625366528_n.jpg 960w\" sizes=\"auto, (max-width: 300px) 100vw, 300px\" \/><\/a><\/li>\n<\/ul>\n<p><a href=\"http:\/\/www.unioviedo.es\/leonardcohen\/wp-content\/uploads\/2018\/05\/D\u00edptico-Jornadas-de-Psicolog\u00eda-e-Interpretaci\u00f3n-Musical.pdf\">D\u00edptico Jornadas de Psicolog\u00eda e Interpretaci\u00f3n Musical<\/a><\/p>\n<p>&nbsp;<\/p>\n<p>&nbsp;<\/p>\n","protected":false},"excerpt":{"rendered":"<p>La C\u00e1tedra Leonard Cohen y la C\u00e1tedra Asturias Prevenci\u00f3n realizaron en colaboraci\u00f3n unas Jornadas de Psicolog\u00eda e Interpretaci\u00f3n musical en la que tambi\u00e9n estuvieron presentes AMPOS (Asociaci\u00f3n de M\u00fasicos Profesionales de Orquestas Sinf\u00f3nicas) y AEOS (Asociaci\u00f3n Espa\u00f1ola de Orquestas Sinf\u00f3nicas). 8 de mayo Aula Severo Ochoa de la Universidad de Oviedo 19 h. CONFERENCIA LA &hellip; <a href=\"https:\/\/www.unioviedo.es\/leonardcohen\/index.php\/2018\/05\/17\/psicologia-e-interpretacion-musical\/\" class=\"more-link\">Sigue leyendo <span class=\"screen-reader-text\">Psicolog\u00eda e Interpretaci\u00f3n Musical<\/span><\/a><\/p>\n","protected":false},"author":1,"featured_media":0,"comment_status":"closed","ping_status":"closed","sticky":false,"template":"","format":"standard","meta":{"footnotes":""},"categories":[1],"tags":[],"class_list":["post-367","post","type-post","status-publish","format-standard","hentry","category-sin-categoria"],"_links":{"self":[{"href":"https:\/\/www.unioviedo.es\/leonardcohen\/index.php\/wp-json\/wp\/v2\/posts\/367","targetHints":{"allow":["GET"]}}],"collection":[{"href":"https:\/\/www.unioviedo.es\/leonardcohen\/index.php\/wp-json\/wp\/v2\/posts"}],"about":[{"href":"https:\/\/www.unioviedo.es\/leonardcohen\/index.php\/wp-json\/wp\/v2\/types\/post"}],"author":[{"embeddable":true,"href":"https:\/\/www.unioviedo.es\/leonardcohen\/index.php\/wp-json\/wp\/v2\/users\/1"}],"replies":[{"embeddable":true,"href":"https:\/\/www.unioviedo.es\/leonardcohen\/index.php\/wp-json\/wp\/v2\/comments?post=367"}],"version-history":[{"count":4,"href":"https:\/\/www.unioviedo.es\/leonardcohen\/index.php\/wp-json\/wp\/v2\/posts\/367\/revisions"}],"predecessor-version":[{"id":383,"href":"https:\/\/www.unioviedo.es\/leonardcohen\/index.php\/wp-json\/wp\/v2\/posts\/367\/revisions\/383"}],"wp:attachment":[{"href":"https:\/\/www.unioviedo.es\/leonardcohen\/index.php\/wp-json\/wp\/v2\/media?parent=367"}],"wp:term":[{"taxonomy":"category","embeddable":true,"href":"https:\/\/www.unioviedo.es\/leonardcohen\/index.php\/wp-json\/wp\/v2\/categories?post=367"},{"taxonomy":"post_tag","embeddable":true,"href":"https:\/\/www.unioviedo.es\/leonardcohen\/index.php\/wp-json\/wp\/v2\/tags?post=367"}],"curies":[{"name":"wp","href":"https:\/\/api.w.org\/{rel}","templated":true}]}}