{"id":399,"date":"2018-06-15T12:08:43","date_gmt":"2018-06-15T10:08:43","guid":{"rendered":"http:\/\/www.unioviedo.es\/leonardcohen\/?p=399"},"modified":"2018-06-15T12:08:43","modified_gmt":"2018-06-15T10:08:43","slug":"pancho-varona-taller-de-creacion-de-canciones","status":"publish","type":"post","link":"https:\/\/www.unioviedo.es\/leonardcohen\/index.php\/2018\/06\/15\/pancho-varona-taller-de-creacion-de-canciones\/","title":{"rendered":"Pancho Varona: taller de creaci\u00f3n de canciones"},"content":{"rendered":"<h1>LNE:\u00a0Taller de Pancho Varona para hacer canciones en Oviedo<\/h1>\n<p><a href=\"http:\/\/www.lne.es\/oviedo\/2018\/05\/29\/taller-componer-canciones-pancho-varona\/2294320.html\">http:\/\/www.lne.es\/oviedo\/2018\/05\/29\/taller-componer-canciones-pancho-varona\/2294320.html\u00a0<\/a><\/p>\n<h1>LNE:La lecci\u00f3n de m\u00fasica que ense\u00f1an los crucigramas<\/h1>\n<p>Elena FERN\u00c1NDEZ-PELLO\u00a0 01.06.2018 <a href=\"http:\/\/www.lne.es\/oviedo\/2018\/06\/01\/leccion-musica-ensenan-crucigramas\/2295893.html\">\u00a0http:\/\/www.lne.es\/oviedo\/2018\/06\/01\/leccion-musica-ensenan-crucigramas\/2295893.html<\/a><\/p>\n<h1>\u00abHace a\u00f1os que Sabina adelant\u00f3 por la izquierda al resto de letristas\u00bb<\/h1>\n<p><span class=\"autor_sup\"><a href=\"http:\/\/www.lne.es\/autores\/david-orihuela.html\">David Orihuela <\/a><\/span><span class=\"fecha_hora\">30.05.2018 |<\/span><\/p>\n<p><a href=\"http:\/\/www.lne.es\/oviedo\/2018\/05\/30\/anos-sabina-adelanto-izquierda-resto\/2294676.html\">http:\/\/www.lne.es\/oviedo\/2018\/05\/30\/anos-sabina-adelanto-izquierda-resto\/2294676.html<\/a><\/p>\n<p>31 de mayo de 2018, Pancho Varona realiz\u00f3 un taller de creaci\u00f3n de canciones en la Sala de Grados de la <a href=\"https:\/\/psicologia.uniovi.es\/\">Facultad de Psicolog\u00eda de la Universidad de Oviedo de 17:30 a 19:30 horas<\/a><\/p>\n<p>Varona, compositor, guitarrista, y como \u00e9l mismo explica en su twitter, desde 1982 compa\u00f1ero, amigo y m\u00fasico de Joaqu\u00edn Sabina. Ha escrito con \u00e9l algunos de sus temas m\u00e1s conocidos, y tambi\u00e9n para otros artistas, como Ana Bel\u00e9n o Luz Casal. Es la segunda vez que visita la C\u00e1tedra Leonard Cohen, esta vez en calidad de maestro.<\/p>\n<p>&nbsp;<\/p>\n<p><a href=\"http:\/\/www.unioviedo.es\/leonardcohen\/wp-content\/uploads\/2018\/05\/Cartel-Pancho-Varona-nuev.png\"><img loading=\"lazy\" decoding=\"async\" class=\"aligncenter size-medium wp-image-392\" src=\"http:\/\/www.unioviedo.es\/leonardcohen\/wp-content\/uploads\/2018\/05\/Cartel-Pancho-Varona-nuev-217x300.png\" alt=\"\" width=\"217\" height=\"300\" srcset=\"https:\/\/www.unioviedo.es\/leonardcohen\/wp-content\/uploads\/2018\/05\/Cartel-Pancho-Varona-nuev-217x300.png 217w, https:\/\/www.unioviedo.es\/leonardcohen\/wp-content\/uploads\/2018\/05\/Cartel-Pancho-Varona-nuev-768x1063.png 768w, https:\/\/www.unioviedo.es\/leonardcohen\/wp-content\/uploads\/2018\/05\/Cartel-Pancho-Varona-nuev-740x1024.png 740w, https:\/\/www.unioviedo.es\/leonardcohen\/wp-content\/uploads\/2018\/05\/Cartel-Pancho-Varona-nuev.png 1891w\" sizes=\"auto, (max-width: 217px) 100vw, 217px\" \/><\/a><\/p>\n","protected":false},"excerpt":{"rendered":"<p>LNE:\u00a0Taller de Pancho Varona para hacer canciones en Oviedo http:\/\/www.lne.es\/oviedo\/2018\/05\/29\/taller-componer-canciones-pancho-varona\/2294320.html\u00a0 LNE:La lecci\u00f3n de m\u00fasica que ense\u00f1an los crucigramas Elena FERN\u00c1NDEZ-PELLO\u00a0 01.06.2018 \u00a0http:\/\/www.lne.es\/oviedo\/2018\/06\/01\/leccion-musica-ensenan-crucigramas\/2295893.html \u00abHace a\u00f1os que Sabina adelant\u00f3 por la izquierda al resto de letristas\u00bb David Orihuela 30.05.2018 | http:\/\/www.lne.es\/oviedo\/2018\/05\/30\/anos-sabina-adelanto-izquierda-resto\/2294676.html 31 de mayo de 2018, Pancho Varona realiz\u00f3 un taller de creaci\u00f3n de canciones en la &hellip; <a href=\"https:\/\/www.unioviedo.es\/leonardcohen\/index.php\/2018\/06\/15\/pancho-varona-taller-de-creacion-de-canciones\/\" class=\"more-link\">Sigue leyendo <span class=\"screen-reader-text\">Pancho Varona: taller de creaci\u00f3n de canciones<\/span><\/a><\/p>\n","protected":false},"author":1,"featured_media":400,"comment_status":"closed","ping_status":"closed","sticky":false,"template":"","format":"standard","meta":{"footnotes":""},"categories":[1],"tags":[],"class_list":["post-399","post","type-post","status-publish","format-standard","has-post-thumbnail","hentry","category-sin-categoria"],"_links":{"self":[{"href":"https:\/\/www.unioviedo.es\/leonardcohen\/index.php\/wp-json\/wp\/v2\/posts\/399","targetHints":{"allow":["GET"]}}],"collection":[{"href":"https:\/\/www.unioviedo.es\/leonardcohen\/index.php\/wp-json\/wp\/v2\/posts"}],"about":[{"href":"https:\/\/www.unioviedo.es\/leonardcohen\/index.php\/wp-json\/wp\/v2\/types\/post"}],"author":[{"embeddable":true,"href":"https:\/\/www.unioviedo.es\/leonardcohen\/index.php\/wp-json\/wp\/v2\/users\/1"}],"replies":[{"embeddable":true,"href":"https:\/\/www.unioviedo.es\/leonardcohen\/index.php\/wp-json\/wp\/v2\/comments?post=399"}],"version-history":[{"count":1,"href":"https:\/\/www.unioviedo.es\/leonardcohen\/index.php\/wp-json\/wp\/v2\/posts\/399\/revisions"}],"predecessor-version":[{"id":401,"href":"https:\/\/www.unioviedo.es\/leonardcohen\/index.php\/wp-json\/wp\/v2\/posts\/399\/revisions\/401"}],"wp:featuredmedia":[{"embeddable":true,"href":"https:\/\/www.unioviedo.es\/leonardcohen\/index.php\/wp-json\/wp\/v2\/media\/400"}],"wp:attachment":[{"href":"https:\/\/www.unioviedo.es\/leonardcohen\/index.php\/wp-json\/wp\/v2\/media?parent=399"}],"wp:term":[{"taxonomy":"category","embeddable":true,"href":"https:\/\/www.unioviedo.es\/leonardcohen\/index.php\/wp-json\/wp\/v2\/categories?post=399"},{"taxonomy":"post_tag","embeddable":true,"href":"https:\/\/www.unioviedo.es\/leonardcohen\/index.php\/wp-json\/wp\/v2\/tags?post=399"}],"curies":[{"name":"wp","href":"https:\/\/api.w.org\/{rel}","templated":true}]}}