{"id":551,"date":"2019-03-14T17:45:08","date_gmt":"2019-03-14T16:45:08","guid":{"rendered":"http:\/\/www.unioviedo.es\/leonardcohen\/?p=551"},"modified":"2019-03-15T19:03:40","modified_gmt":"2019-03-15T18:03:40","slug":"el-cuple-del-siglo-xx-al-xxi-cancion-y-cambio-social","status":"publish","type":"post","link":"https:\/\/www.unioviedo.es\/leonardcohen\/index.php\/2019\/03\/14\/el-cuple-del-siglo-xx-al-xxi-cancion-y-cambio-social\/","title":{"rendered":"El cupl\u00e9, del siglo XX al XXI: canci\u00f3n y cambio social"},"content":{"rendered":"\n<figure class=\"wp-block-image\"><img loading=\"lazy\" decoding=\"async\" width=\"960\" height=\"640\" src=\"https:\/\/www.unioviedo.es\/leonardcohen\/wp-content\/uploads\/2019\/03\/Presentaci\u00f3n.jpg\" alt=\"\" class=\"wp-image-564\" srcset=\"https:\/\/www.unioviedo.es\/leonardcohen\/wp-content\/uploads\/2019\/03\/Presentaci\u00f3n.jpg 960w, https:\/\/www.unioviedo.es\/leonardcohen\/wp-content\/uploads\/2019\/03\/Presentaci\u00f3n-300x200.jpg 300w, https:\/\/www.unioviedo.es\/leonardcohen\/wp-content\/uploads\/2019\/03\/Presentaci\u00f3n-768x512.jpg 768w\" sizes=\"auto, (max-width: 960px) 100vw, 960px\" \/><\/figure>\n\n\n<p>La C\u00e1tedra Leonard Cohen organiz\u00f3 el encuentro <em>Canci\u00f3n y cambio social: El cupl\u00e9, del siglo XX al XXI<\/em> (11 de marzo de 2019) con el fin de mostrar la importancia y significados de la canci\u00f3n (m\u00fasica, texto y <em>performance<\/em>) cualesquiera sea su contexto social e hist\u00f3rico. En esta ocasi\u00f3n se quiso comprender y analizar la pr\u00e1ctica art\u00edstica denominada cupl\u00e9, una palabra capaz de vehicular diferentes expresiones musicales a lo largo de diversas historias culturales.&nbsp;<\/p>\n<p>Esta Jornada de Estudio cont\u00f3 con la participaci\u00f3n a trav\u00e9s del testimonio y del discurso de los artistas&nbsp;<strong><span style=\"color: #339966;\"><a style=\"color: #339966;\" href=\"https:\/\/javierbarreiro.wordpress.com\/2012\/02\/06\/lilian-de-celis\/\">Lilian de Celis<\/a><\/span> y <span style=\"color: #339966;\"><a style=\"color: #339966;\" href=\"http:\/\/rodrigocuevas.sexy\">Rodrigo Cuevas<\/a><\/span>.<\/strong><\/p>\n<p>Investigadores, especialistas y estudiantes colaboraron con comunicaciones para analizar y comprender, desde diferentes \u00e1mbitos y miradas, el estimulante universo del cupl\u00e9 vinculado a la modernidad, ya de manera historiogr\u00e1fica, ya mediante las relecturas e interpretaciones que esta pr\u00e1ctica contempor\u00e1nea conlleva. M\u00e1s abajo se puede descargar el programa con los abstracts.<\/p>\n\n\n<h3 class=\"wp-block-heading\">PROGRAMA:<\/h3>\n\n\n\n<p>Presentaci\u00f3n&nbsp; y&nbsp;<strong>Encuentro<\/strong>: <strong>Rodrigo Cuevas.<\/strong> Presenta: Dr. Enrique Encabo &nbsp;  <\/p>\n\n\n\n<figure class=\"wp-block-embed-youtube wp-block-embed is-type-video is-provider-youtube wp-embed-aspect-16-9 wp-has-aspect-ratio\"><div class=\"wp-block-embed__wrapper\">\n<iframe loading=\"lazy\" title=\"Encuentro con Rodrigo Cuevas (DR. Enrique Encabo) C\u00e1tedra Cohen\" width=\"660\" height=\"371\" src=\"https:\/\/www.youtube.com\/embed\/8vaxwb8IG5Y?feature=oembed\" frameborder=\"0\" allow=\"accelerometer; autoplay; clipboard-write; encrypted-media; gyroscope; picture-in-picture; web-share\" referrerpolicy=\"strict-origin-when-cross-origin\" allowfullscreen><\/iframe>\n<\/div><\/figure>\n\n\n\n<ul class=\"wp-block-gallery columns-3 is-cropped wp-block-gallery-1 is-layout-flex wp-block-gallery-is-layout-flex\"><li class=\"blocks-gallery-item\"><figure><img loading=\"lazy\" decoding=\"async\" width=\"694\" height=\"1024\" src=\"http:\/\/www.unioviedo.es\/leonardcohen\/wp-content\/uploads\/2019\/03\/05-694x1024.jpg\" alt=\"\" data-id=\"565\" data-link=\"http:\/\/www.unioviedo.es\/leonardcohen\/index.php\/2019\/03\/14\/el-cuple-del-siglo-xx-al-xxi-cancion-y-cambio-social\/attachment\/05\/\" class=\"wp-image-565\" srcset=\"https:\/\/www.unioviedo.es\/leonardcohen\/wp-content\/uploads\/2019\/03\/05-694x1024.jpg 694w, https:\/\/www.unioviedo.es\/leonardcohen\/wp-content\/uploads\/2019\/03\/05-203x300.jpg 203w, https:\/\/www.unioviedo.es\/leonardcohen\/wp-content\/uploads\/2019\/03\/05-768x1133.jpg 768w\" sizes=\"auto, (max-width: 694px) 100vw, 694px\" \/><figcaption>\u00a9 Alberto Morante<\/figcaption><\/figure><\/li><li class=\"blocks-gallery-item\"><figure><img loading=\"lazy\" decoding=\"async\" width=\"1024\" height=\"708\" src=\"http:\/\/www.unioviedo.es\/leonardcohen\/wp-content\/uploads\/2019\/03\/01-1-1024x708.jpg\" alt=\"\" data-id=\"556\" data-link=\"http:\/\/www.unioviedo.es\/leonardcohen\/index.php\/2019\/03\/14\/el-cuple-del-siglo-xx-al-xxi-cancion-y-cambio-social\/01-2\/\" class=\"wp-image-556\" srcset=\"https:\/\/www.unioviedo.es\/leonardcohen\/wp-content\/uploads\/2019\/03\/01-1-1024x708.jpg 1024w, https:\/\/www.unioviedo.es\/leonardcohen\/wp-content\/uploads\/2019\/03\/01-1-300x208.jpg 300w, https:\/\/www.unioviedo.es\/leonardcohen\/wp-content\/uploads\/2019\/03\/01-1-768x531.jpg 768w\" sizes=\"auto, (max-width: 1024px) 100vw, 1024px\" \/><figcaption>\u00a9 Alberto Morante<\/figcaption><\/figure><\/li><li class=\"blocks-gallery-item\"><figure><img loading=\"lazy\" decoding=\"async\" width=\"1024\" height=\"757\" src=\"http:\/\/www.unioviedo.es\/leonardcohen\/wp-content\/uploads\/2019\/03\/02-1-1024x757.jpg\" alt=\"\" data-id=\"557\" data-link=\"http:\/\/www.unioviedo.es\/leonardcohen\/index.php\/2019\/03\/14\/el-cuple-del-siglo-xx-al-xxi-cancion-y-cambio-social\/02-2\/\" class=\"wp-image-557\" srcset=\"https:\/\/www.unioviedo.es\/leonardcohen\/wp-content\/uploads\/2019\/03\/02-1-1024x757.jpg 1024w, https:\/\/www.unioviedo.es\/leonardcohen\/wp-content\/uploads\/2019\/03\/02-1-300x222.jpg 300w, https:\/\/www.unioviedo.es\/leonardcohen\/wp-content\/uploads\/2019\/03\/02-1-768x568.jpg 768w\" sizes=\"auto, (max-width: 1024px) 100vw, 1024px\" \/><figcaption>\u00a9 Alberto Morante<\/figcaption><\/figure><\/li><li class=\"blocks-gallery-item\"><figure><img loading=\"lazy\" decoding=\"async\" width=\"1024\" height=\"669\" src=\"http:\/\/www.unioviedo.es\/leonardcohen\/wp-content\/uploads\/2019\/03\/04-1-1024x669.jpg\" alt=\"\" data-id=\"558\" data-link=\"http:\/\/www.unioviedo.es\/leonardcohen\/index.php\/2019\/03\/14\/el-cuple-del-siglo-xx-al-xxi-cancion-y-cambio-social\/04-2\/\" class=\"wp-image-558\" srcset=\"https:\/\/www.unioviedo.es\/leonardcohen\/wp-content\/uploads\/2019\/03\/04-1-1024x669.jpg 1024w, https:\/\/www.unioviedo.es\/leonardcohen\/wp-content\/uploads\/2019\/03\/04-1-300x196.jpg 300w, https:\/\/www.unioviedo.es\/leonardcohen\/wp-content\/uploads\/2019\/03\/04-1-768x501.jpg 768w\" sizes=\"auto, (max-width: 1024px) 100vw, 1024px\" \/><figcaption>\u00a9 Alberto Morante<\/figcaption><\/figure><\/li><\/ul>\n\n\n\n<p><strong>MESA 1 y MESA 2: <\/strong>Comunicaciones&nbsp; <\/p>\n\n\n\n<div class=\"wp-block-file\"><a href=\"http:\/\/www.unioviedo.es\/leonardcohen\/wp-content\/uploads\/2019\/03\/Comunicaciones-Canci\u00f3n-y-Cambio-social.-C\u00e1tedra-Cohen.pdf\">Comunicaciones Canci\u00f3n y Cambio social. C\u00e1tedra Cohen<\/a><a href=\"http:\/\/www.unioviedo.es\/leonardcohen\/wp-content\/uploads\/2019\/03\/Comunicaciones-Canci\u00f3n-y-Cambio-social.-C\u00e1tedra-Cohen.pdf\" class=\"wp-block-file__button\" download>Descargar<\/a><\/div>\n\n\n\n<p><\/p>\n\n\n\n<p><strong>Encuentro<\/strong>: <strong>Lili\u00e1n de Celis. <\/strong>\nPresenta: Dr. Javier Barreiro<\/p>\n\n\n\n<figure class=\"wp-block-embed-youtube wp-block-embed is-type-video is-provider-youtube wp-embed-aspect-16-9 wp-has-aspect-ratio\"><div class=\"wp-block-embed__wrapper\">\n<iframe loading=\"lazy\" title=\"Conferencia de Javier Barreiro sobre cupl\u00e9 y Encuentro con Lilia\u0301n de Celis\" width=\"660\" height=\"371\" src=\"https:\/\/www.youtube.com\/embed\/hgGjbgVY9k8?feature=oembed\" frameborder=\"0\" allow=\"accelerometer; autoplay; clipboard-write; encrypted-media; gyroscope; picture-in-picture; web-share\" referrerpolicy=\"strict-origin-when-cross-origin\" allowfullscreen><\/iframe>\n<\/div><\/figure>\n\n\n\n<figure class=\"wp-block-image\"><img loading=\"lazy\" decoding=\"async\" width=\"670\" height=\"491\" src=\"https:\/\/www.unioviedo.es\/leonardcohen\/wp-content\/uploads\/2019\/03\/Lili\u00e1n-y-Javier-1.jpg\" alt=\"\" class=\"wp-image-567\" srcset=\"https:\/\/www.unioviedo.es\/leonardcohen\/wp-content\/uploads\/2019\/03\/Lili\u00e1n-y-Javier-1.jpg 670w, https:\/\/www.unioviedo.es\/leonardcohen\/wp-content\/uploads\/2019\/03\/Lili\u00e1n-y-Javier-1-300x220.jpg 300w\" sizes=\"auto, (max-width: 670px) 100vw, 670px\" \/><\/figure>\n\n\n\n<p><strong>Coloquio-concierto entre Rodrigo Cuevas y Lili\u00e1n de Celis<\/strong><\/p>\n\n\n\n<figure class=\"wp-block-embed-youtube wp-block-embed is-type-video is-provider-youtube wp-embed-aspect-16-9 wp-has-aspect-ratio\"><div class=\"wp-block-embed__wrapper\">\n<iframe loading=\"lazy\" title=\"Concierto Rodrigo Cuevas y Lili\u00e1n de Celis\" width=\"660\" height=\"371\" src=\"https:\/\/www.youtube.com\/embed\/I--HxIso7ok?feature=oembed\" frameborder=\"0\" allow=\"accelerometer; autoplay; clipboard-write; encrypted-media; gyroscope; picture-in-picture; web-share\" referrerpolicy=\"strict-origin-when-cross-origin\" allowfullscreen><\/iframe>\n<\/div><\/figure>\n\n\n\n<ul class=\"wp-block-gallery columns-2 is-cropped wp-block-gallery-2 is-layout-flex wp-block-gallery-is-layout-flex\"><li class=\"blocks-gallery-item\"><figure><img loading=\"lazy\" decoding=\"async\" width=\"1024\" height=\"661\" src=\"https:\/\/www.unioviedo.es\/leonardcohen\/wp-content\/uploads\/2019\/03\/Miriam-Perandones-02-1024x661.jpg\" alt=\"\" data-id=\"562\" data-link=\"https:\/\/www.unioviedo.es\/leonardcohen\/?attachment_id=562\" class=\"wp-image-562\" srcset=\"https:\/\/www.unioviedo.es\/leonardcohen\/wp-content\/uploads\/2019\/03\/Miriam-Perandones-02-1024x661.jpg 1024w, https:\/\/www.unioviedo.es\/leonardcohen\/wp-content\/uploads\/2019\/03\/Miriam-Perandones-02-300x194.jpg 300w, https:\/\/www.unioviedo.es\/leonardcohen\/wp-content\/uploads\/2019\/03\/Miriam-Perandones-02-768x496.jpg 768w\" sizes=\"auto, (max-width: 1024px) 100vw, 1024px\" \/><figcaption>\u00a9 Alberto Morante<\/figcaption><\/figure><\/li><li class=\"blocks-gallery-item\"><figure><img loading=\"lazy\" decoding=\"async\" width=\"1024\" height=\"683\" src=\"https:\/\/www.unioviedo.es\/leonardcohen\/wp-content\/uploads\/2019\/03\/Miriam-Perandones-03-1-1024x683.jpg\" alt=\"\" data-id=\"563\" data-link=\"https:\/\/www.unioviedo.es\/leonardcohen\/?attachment_id=563\" class=\"wp-image-563\" srcset=\"https:\/\/www.unioviedo.es\/leonardcohen\/wp-content\/uploads\/2019\/03\/Miriam-Perandones-03-1-1024x683.jpg 1024w, https:\/\/www.unioviedo.es\/leonardcohen\/wp-content\/uploads\/2019\/03\/Miriam-Perandones-03-1-300x200.jpg 300w, https:\/\/www.unioviedo.es\/leonardcohen\/wp-content\/uploads\/2019\/03\/Miriam-Perandones-03-1-768x512.jpg 768w\" sizes=\"auto, (max-width: 1024px) 100vw, 1024px\" \/><figcaption>\u00a9 Alberto Morante<\/figcaption><\/figure><\/li><\/ul>\n\n\n\n<p>PRENSA: <\/p>\n\n\n\n<p><em>El Comercio: <\/em><a>A. VILLACORTA:<\/a><em> \u00ab<\/em><a href=\"https:\/\/www.elcomercio.es\/culturas\/musica\/cuple-sigue-vigente-20190312001945-ntvo.html\">El cupl\u00e9 sigue vigente en el siglo XXI\u00bb. <\/a><\/p>\n\n\n\n<p>TPA: <a href=\"https:\/\/www.rtpa.es\/video:TPA%20Noticias.%20Primera%20edicion_551552334346.html\">Noticias, primera edici\u00f3n<\/a> minuto 33:35, 11 de marzo de 2019<\/p>\n\n\n\n<p>TPA: <a href=\"https:\/\/www.rtpa.es\/video:TPA%20Noticias.%20Segunda%20edicion_551552396914.html\">Noticias, Segunda Edici\u00f3n<\/a>, minuto 38:10, 11 de marzo de 2019<\/p>\n\n\n\n<p>TVE: <a href=\"http:\/\/www.rtve.es\/alacarta\/videos\/panorama-regional\/panorama-regional-2-11-03-19\/5051221\/\">Panorama region<\/a>al, minuto 3:07, 11 de marzo de 2019<\/p>\n\n\n\n<p>TVE: <a href=\"http:\/\/www.rtve.es\/alacarta\/videos\/panorama-regional\/panorama-regional-12-03-19\/5054339\/\">Panorama regional, <\/a>minuto 25:30, 12 de marzo de 2019<a href=\"http:\/\/www.rtve.es\/alacarta\/videos\/panorama-regional\/panorama-regional-2-11-03-19\/5051221\/\">a<\/a><\/p>\n\n\n\n<p>TPA: <a href=\"https:\/\/www.rtpa.es\/video:TPA%20Noticias.%20Matinal_551552407376.html\">Noticias, Matinal, 12 de marzo de 2019.<\/a> Minuto: 55:25 hasta 58:42<\/p>\n\n\n\n<p>TPA: <a href=\"https:\/\/www.rtpa.es\/video:conexion%20asturias_551552389094.html\">Conexi\u00f3n Asturia<\/a>s, 11 de marzo:  Minuto 32:50, entrevista en directo a Rodrigo Cuevas y Lili\u00e1n de Celis; minuto 49:28, <em>La violetera<\/em><\/p>\n","protected":false},"excerpt":{"rendered":"<p>La C\u00e1tedra Leonard Cohen organiz\u00f3 el encuentro Canci\u00f3n y cambio social: El cupl\u00e9, del siglo XX al XXI (11 de marzo de 2019) con el fin de mostrar la importancia y significados de la canci\u00f3n (m\u00fasica, texto y performance) cualesquiera sea su contexto social e hist\u00f3rico. En esta ocasi\u00f3n se quiso comprender y analizar la &hellip; <a href=\"https:\/\/www.unioviedo.es\/leonardcohen\/index.php\/2019\/03\/14\/el-cuple-del-siglo-xx-al-xxi-cancion-y-cambio-social\/\" class=\"more-link\">Sigue leyendo <span class=\"screen-reader-text\">El cupl\u00e9, del siglo XX al XXI: canci\u00f3n y cambio social<\/span><\/a><\/p>\n","protected":false},"author":1,"featured_media":559,"comment_status":"closed","ping_status":"closed","sticky":false,"template":"","format":"standard","meta":{"footnotes":""},"categories":[1],"tags":[],"class_list":["post-551","post","type-post","status-publish","format-standard","has-post-thumbnail","hentry","category-sin-categoria"],"_links":{"self":[{"href":"https:\/\/www.unioviedo.es\/leonardcohen\/index.php\/wp-json\/wp\/v2\/posts\/551","targetHints":{"allow":["GET"]}}],"collection":[{"href":"https:\/\/www.unioviedo.es\/leonardcohen\/index.php\/wp-json\/wp\/v2\/posts"}],"about":[{"href":"https:\/\/www.unioviedo.es\/leonardcohen\/index.php\/wp-json\/wp\/v2\/types\/post"}],"author":[{"embeddable":true,"href":"https:\/\/www.unioviedo.es\/leonardcohen\/index.php\/wp-json\/wp\/v2\/users\/1"}],"replies":[{"embeddable":true,"href":"https:\/\/www.unioviedo.es\/leonardcohen\/index.php\/wp-json\/wp\/v2\/comments?post=551"}],"version-history":[{"count":13,"href":"https:\/\/www.unioviedo.es\/leonardcohen\/index.php\/wp-json\/wp\/v2\/posts\/551\/revisions"}],"predecessor-version":[{"id":597,"href":"https:\/\/www.unioviedo.es\/leonardcohen\/index.php\/wp-json\/wp\/v2\/posts\/551\/revisions\/597"}],"wp:featuredmedia":[{"embeddable":true,"href":"https:\/\/www.unioviedo.es\/leonardcohen\/index.php\/wp-json\/wp\/v2\/media\/559"}],"wp:attachment":[{"href":"https:\/\/www.unioviedo.es\/leonardcohen\/index.php\/wp-json\/wp\/v2\/media?parent=551"}],"wp:term":[{"taxonomy":"category","embeddable":true,"href":"https:\/\/www.unioviedo.es\/leonardcohen\/index.php\/wp-json\/wp\/v2\/categories?post=551"},{"taxonomy":"post_tag","embeddable":true,"href":"https:\/\/www.unioviedo.es\/leonardcohen\/index.php\/wp-json\/wp\/v2\/tags?post=551"}],"curies":[{"name":"wp","href":"https:\/\/api.w.org\/{rel}","templated":true}]}}