{"id":877,"date":"2019-11-03T20:07:34","date_gmt":"2019-11-03T19:07:34","guid":{"rendered":"http:\/\/www.unioviedo.es\/leonardcohen\/?p=877"},"modified":"2019-11-03T20:22:25","modified_gmt":"2019-11-03T19:22:25","slug":"james-rhodes-playlist","status":"publish","type":"post","link":"https:\/\/www.unioviedo.es\/leonardcohen\/index.php\/2019\/11\/03\/james-rhodes-playlist\/","title":{"rendered":"James Rhodes, \u00abPlaylist\u00bb"},"content":{"rendered":"\n<p>La C\u00e1tedra Leonard Cohen, en colaboraci\u00f3n con el Ciclo de la Palabra del Centro Niemeyer (Avil\u00e9s), colabor\u00f3 en un proyecto did\u00e1ctico cuyo objetivo es la reflexi\u00f3n sobre el formato de concierto de la m\u00fasica <em>cl\u00e1sica <\/em>a trav\u00e9s del pianista James Rhodes, quien present\u00f3 su \u00faltimo libro, <em>Playlist<\/em>, en este acto, entrevistado por Pep Gorgori, cr\u00edtico, gestor y periodista musical  (<a href=\"http:\/\/www.leitmotiv.es\/pep-gorgori\">http:\/\/www.leitmotiv.es\/pep-gorgori<\/a>) . Interpret\u00f3, adem\u00e1s, algunas obras al piano.<\/p>\n\n\n\n<p>Fecha: 22 de octubre, 20 horas.<\/p>\n\n\n\n<p>Lugar: Centro Niemeyer (Avil\u00e9s)<\/p>\n\n\n\n<p class=\"has-background has-yellow-background-color\"> James Rhodes es un int\u00e9rprete de m\u00fasica cl\u00e1sica no convencional: su vestimenta, su forma de hablar al p\u00fablico, lo que dice, el planteamiento del concierto, los espacios&#8230; se alejan de lo que es un concierto \u00abnormal\u00bb del \u00e1mbito cl\u00e1sico. Rhodes es un paradigma de nuestro tiempo: estamos en un momento de cambio, donde diferentes int\u00e9rpretes exploran otras posibilidades de interpretaci\u00f3n de la m\u00fasica acad\u00e9mica, intentando acercarla a nuevos p\u00fablicos porque, seg\u00fan todos los indicios, este tipo de m\u00fasica \u00abse muere\u00bb por falta de demanda. El propio Rhodes ha se\u00f1alado que \u00abla m\u00fasica es m\u00fasica\u00bb, y que tiene poco sentido la separaci\u00f3n por estilos y los prejuicios asociados.<\/p>\n\n\n\n<p class=\"has-background has-yellow-background-color\"><br>La presentaci\u00f3n del libro es un momento perfecto para reflexionar sobre c\u00f3mo es el concierto hoy, qu\u00e9 otras opciones existen y qu\u00e9 otras podr\u00edamos crear. Para ello, en colaboraci\u00f3n con la editorial Planeta, la C\u00e1tedra realiza una gu\u00eda did\u00e1ctica en forma de tr\u00edptico para que se invite a estudiantes, profesores y p\u00fablico en general, a la reflexi\u00f3n: \u00bfqu\u00e9 nos espera en el futuro como int\u00e9rpretes\/escuchantes de m\u00fasica cl\u00e1sica, o de otras m\u00fasicas? <br><br><\/p>\n\n\n\n<p><strong>Asistieron al acto 270 estudiantes y profesores de los conservatorios Profesionales y Superior de Asturias<\/strong> y alumnado de la Universidad de Oviedo a trav\u00e9s de un breve proyecto did\u00e1ctico realizado por <strong>Pep Gorgori.<\/strong><\/p>\n\n\n\n<p>En la l\u00ednea que sigue la C\u00e1tedra\u00a0de\u00a0b\u00fasqueda\u00a0de\u00a0colaboraciones y di\u00e1logos con otras instituciones, interrelacionamos y colaboramos Universidad de Oviedo y conservatorios, instituciones que trabajan sobre la misma expresi\u00f3n art\u00edstica (la m\u00fasica) pero que suelen trabajar en paralelo, \u00abcruz\u00e1ndose\u00bb en contadas ocasiones.  En este sentido, la actividad es novedosa en el panorama musical\u00a0de la ciudad ovetense y de Asturias.\u00a0<br><\/p>\n\n\n\n<figure class=\"wp-block-image\"><img loading=\"lazy\" decoding=\"async\" width=\"1024\" height=\"741\" src=\"https:\/\/www.unioviedo.es\/leonardcohen\/wp-content\/uploads\/2019\/09\/Imagen-Rhodes-1-1024x741.png\" alt=\"\" class=\"wp-image-843\" srcset=\"https:\/\/www.unioviedo.es\/leonardcohen\/wp-content\/uploads\/2019\/09\/Imagen-Rhodes-1-1024x741.png 1024w, https:\/\/www.unioviedo.es\/leonardcohen\/wp-content\/uploads\/2019\/09\/Imagen-Rhodes-1-300x217.png 300w, https:\/\/www.unioviedo.es\/leonardcohen\/wp-content\/uploads\/2019\/09\/Imagen-Rhodes-1-768x556.png 768w, https:\/\/www.unioviedo.es\/leonardcohen\/wp-content\/uploads\/2019\/09\/Imagen-Rhodes-1.png 1132w\" sizes=\"auto, (max-width: 1024px) 100vw, 1024px\" \/><figcaption>Portada del tr\u00edptico \u00abRebeldes y revolucionarios\u00bb<\/figcaption><\/figure>\n\n\n\n<div class=\"wp-block-file\"><a href=\"https:\/\/www.unioviedo.es\/leonardcohen\/wp-content\/uploads\/2019\/09\/Folleto-A3-1.pdf\">Tr\u00edptico did\u00e1ctico<\/a><a href=\"https:\/\/www.unioviedo.es\/leonardcohen\/wp-content\/uploads\/2019\/09\/Folleto-A3-1.pdf\" class=\"wp-block-file__button\" download>Descarga<\/a><\/div>\n\n\n\n<p>Entre las empresas colaboradoras en el acto se cuentan:<\/p>\n\n\n\n<p>Autocares Alcot\u00e1n<\/p>\n\n\n\n<figure class=\"wp-block-image\"><img loading=\"lazy\" decoding=\"async\" width=\"300\" height=\"49\" src=\"https:\/\/www.unioviedo.es\/leonardcohen\/wp-content\/uploads\/2019\/09\/Logo-Alcotan-01-2-iloveimg-converted-300x49.jpg\" alt=\"\" class=\"wp-image-854\" srcset=\"https:\/\/www.unioviedo.es\/leonardcohen\/wp-content\/uploads\/2019\/09\/Logo-Alcotan-01-2-iloveimg-converted-300x49.jpg 300w, https:\/\/www.unioviedo.es\/leonardcohen\/wp-content\/uploads\/2019\/09\/Logo-Alcotan-01-2-iloveimg-converted-768x126.jpg 768w, https:\/\/www.unioviedo.es\/leonardcohen\/wp-content\/uploads\/2019\/09\/Logo-Alcotan-01-2-iloveimg-converted-1024x168.jpg 1024w\" sizes=\"auto, (max-width: 300px) 100vw, 300px\" \/><\/figure>\n\n\n\n<p>Autocares Cabo Pe\u00f1as<\/p>\n\n\n\n<figure class=\"wp-block-image\"><img loading=\"lazy\" decoding=\"async\" width=\"300\" height=\"94\" src=\"https:\/\/www.unioviedo.es\/leonardcohen\/wp-content\/uploads\/2019\/09\/LOGOTIPO-NOMBRE-jpg-300x94.jpg\" alt=\"\" class=\"wp-image-855\" srcset=\"https:\/\/www.unioviedo.es\/leonardcohen\/wp-content\/uploads\/2019\/09\/LOGOTIPO-NOMBRE-jpg-300x94.jpg 300w, https:\/\/www.unioviedo.es\/leonardcohen\/wp-content\/uploads\/2019\/09\/LOGOTIPO-NOMBRE-jpg-768x240.jpg 768w, https:\/\/www.unioviedo.es\/leonardcohen\/wp-content\/uploads\/2019\/09\/LOGOTIPO-NOMBRE-jpg-1024x320.jpg 1024w\" sizes=\"auto, (max-width: 300px) 100vw, 300px\" \/><\/figure>\n\n\n\n<p>Autos Villa<\/p>\n\n\n\n<figure class=\"wp-block-image is-resized\"><img loading=\"lazy\" decoding=\"async\" src=\"https:\/\/www.unioviedo.es\/leonardcohen\/wp-content\/uploads\/2019\/09\/autos_villa-300x171.png\" alt=\"\" class=\"wp-image-856\" width=\"170\" height=\"97\" srcset=\"https:\/\/www.unioviedo.es\/leonardcohen\/wp-content\/uploads\/2019\/09\/autos_villa-300x171.png 300w, https:\/\/www.unioviedo.es\/leonardcohen\/wp-content\/uploads\/2019\/09\/autos_villa-768x439.png 768w, https:\/\/www.unioviedo.es\/leonardcohen\/wp-content\/uploads\/2019\/09\/autos_villa-1024x585.png 1024w, https:\/\/www.unioviedo.es\/leonardcohen\/wp-content\/uploads\/2019\/09\/autos_villa.png 1654w\" sizes=\"auto, (max-width: 170px) 100vw, 170px\" \/><\/figure>\n\n\n\n<p>Autocares Epifanio<\/p>\n\n\n\n<figure class=\"wp-block-image\"><img loading=\"lazy\" decoding=\"async\" width=\"253\" height=\"132\" src=\"https:\/\/www.unioviedo.es\/leonardcohen\/wp-content\/uploads\/2019\/09\/autocares-epifanio-1.png\" alt=\"\" class=\"wp-image-858\"\/><\/figure>\n\n\n\n<p>Autocares Medina  <\/p>\n\n\n\n<figure class=\"wp-block-image is-resized\"><img loading=\"lazy\" decoding=\"async\" src=\"https:\/\/www.unioviedo.es\/leonardcohen\/wp-content\/uploads\/2019\/09\/medina-logo1-300x203.gif\" alt=\"\" class=\"wp-image-859\" width=\"377\" height=\"255\" srcset=\"https:\/\/www.unioviedo.es\/leonardcohen\/wp-content\/uploads\/2019\/09\/medina-logo1-300x203.gif 300w, https:\/\/www.unioviedo.es\/leonardcohen\/wp-content\/uploads\/2019\/09\/medina-logo1-768x520.gif 768w, https:\/\/www.unioviedo.es\/leonardcohen\/wp-content\/uploads\/2019\/09\/medina-logo1-1024x693.gif 1024w\" sizes=\"auto, (max-width: 377px) 100vw, 377px\" \/><\/figure>\n\n\n\n<p> <strong>Prensa:<\/strong><\/p>\n\n\n\n<p> <em>El comercio,<\/em> 23 de octubre de 2019: James Rhodes: \u00abMe encantar\u00eda vivir en Avil\u00e9s\u00bb. https:\/\/www.elcomercio.es\/culturas\/james-rhodes-encantaria-20191023022859-nt.html <\/p>\n\n\n\n<p><em>LNE, <\/em>23 de octubre de 2019: Rhodes odia el esnobismo en la m\u00fasica cl\u00e1sica https:\/\/www.lne.es\/vida-y-estilo\/gente\/2019\/10\/23\/rhodes-odia-esnobismo-musica-clasica\/2547415.html <\/p>\n\n\n\n<h4 class=\"wp-block-heading\">RTPA, 22 de octubre: James Rhodes acerca los cl\u00e1sicos al p\u00fablico m\u00e1s joven<\/h4>\n\n\n\n<figure class=\"wp-block-embed\"><div class=\"wp-block-embed__wrapper\">\nhttps:\/\/www.rtpa.es\/sociedad:James-Rhodes-acerca-los-clasicos-al-publico-mas-joven_111571742406.html\n<\/div><\/figure>\n\n\n\n<p><\/p>\n","protected":false},"excerpt":{"rendered":"<p>La C\u00e1tedra Leonard Cohen, en colaboraci\u00f3n con el Ciclo de la Palabra del Centro Niemeyer (Avil\u00e9s), colabor\u00f3 en un proyecto did\u00e1ctico cuyo objetivo es la reflexi\u00f3n sobre el formato de concierto de la m\u00fasica cl\u00e1sica a trav\u00e9s del pianista James Rhodes, quien present\u00f3 su \u00faltimo libro, Playlist, en este acto, entrevistado por Pep Gorgori, cr\u00edtico, &hellip; <a href=\"https:\/\/www.unioviedo.es\/leonardcohen\/index.php\/2019\/11\/03\/james-rhodes-playlist\/\" class=\"more-link\">Sigue leyendo <span class=\"screen-reader-text\">James Rhodes, \u00abPlaylist\u00bb<\/span><\/a><\/p>\n","protected":false},"author":1,"featured_media":0,"comment_status":"closed","ping_status":"closed","sticky":false,"template":"","format":"standard","meta":{"footnotes":""},"categories":[1],"tags":[],"class_list":["post-877","post","type-post","status-publish","format-standard","hentry","category-sin-categoria"],"_links":{"self":[{"href":"https:\/\/www.unioviedo.es\/leonardcohen\/index.php\/wp-json\/wp\/v2\/posts\/877","targetHints":{"allow":["GET"]}}],"collection":[{"href":"https:\/\/www.unioviedo.es\/leonardcohen\/index.php\/wp-json\/wp\/v2\/posts"}],"about":[{"href":"https:\/\/www.unioviedo.es\/leonardcohen\/index.php\/wp-json\/wp\/v2\/types\/post"}],"author":[{"embeddable":true,"href":"https:\/\/www.unioviedo.es\/leonardcohen\/index.php\/wp-json\/wp\/v2\/users\/1"}],"replies":[{"embeddable":true,"href":"https:\/\/www.unioviedo.es\/leonardcohen\/index.php\/wp-json\/wp\/v2\/comments?post=877"}],"version-history":[{"count":3,"href":"https:\/\/www.unioviedo.es\/leonardcohen\/index.php\/wp-json\/wp\/v2\/posts\/877\/revisions"}],"predecessor-version":[{"id":882,"href":"https:\/\/www.unioviedo.es\/leonardcohen\/index.php\/wp-json\/wp\/v2\/posts\/877\/revisions\/882"}],"wp:attachment":[{"href":"https:\/\/www.unioviedo.es\/leonardcohen\/index.php\/wp-json\/wp\/v2\/media?parent=877"}],"wp:term":[{"taxonomy":"category","embeddable":true,"href":"https:\/\/www.unioviedo.es\/leonardcohen\/index.php\/wp-json\/wp\/v2\/categories?post=877"},{"taxonomy":"post_tag","embeddable":true,"href":"https:\/\/www.unioviedo.es\/leonardcohen\/index.php\/wp-json\/wp\/v2\/tags?post=877"}],"curies":[{"name":"wp","href":"https:\/\/api.w.org\/{rel}","templated":true}]}}