{"id":1013,"date":"2022-04-19T13:08:36","date_gmt":"2022-04-19T11:08:36","guid":{"rendered":"https:\/\/www.unioviedo.es\/mastersiac\/?p=1013"},"modified":"2022-04-29T10:55:47","modified_gmt":"2022-04-29T08:55:47","slug":"mesa-redonda-sobre-el-perfil-profesional-de-la-contabilidad-y-auditoria","status":"publish","type":"post","link":"https:\/\/www.unioviedo.es\/mastersiac\/index.php\/2022\/04\/19\/mesa-redonda-sobre-el-perfil-profesional-de-la-contabilidad-y-auditoria\/","title":{"rendered":"Mesa redonda sobre el Perfil Profesional de la Contabilidad y Auditor\u00eda"},"content":{"rendered":"\n\n\n<figure class=\"wp-block-image size-large is-style-default\"><img loading=\"lazy\" decoding=\"async\" width=\"1024\" height=\"576\" src=\"https:\/\/www.unioviedo.es\/mastersiac\/wp-content\/uploads\/2022\/04\/Captura-de-pantalla-2022-04-29-105340-1024x576.png\" alt=\"\" class=\"wp-image-1018\" srcset=\"https:\/\/www.unioviedo.es\/mastersiac\/wp-content\/uploads\/2022\/04\/Captura-de-pantalla-2022-04-29-105340-1024x576.png 1024w, https:\/\/www.unioviedo.es\/mastersiac\/wp-content\/uploads\/2022\/04\/Captura-de-pantalla-2022-04-29-105340-300x169.png 300w, https:\/\/www.unioviedo.es\/mastersiac\/wp-content\/uploads\/2022\/04\/Captura-de-pantalla-2022-04-29-105340-768x432.png 768w, https:\/\/www.unioviedo.es\/mastersiac\/wp-content\/uploads\/2022\/04\/Captura-de-pantalla-2022-04-29-105340.png 1203w\" sizes=\"auto, (max-width: 706px) 89vw, (max-width: 767px) 82vw, 740px\" \/><\/figure>\n\n\n\n<p>Esta mesa redonda se organiza con el \u00e1nimo de servir como medio de difusi\u00f3n de la profesi\u00f3n auditora y contable entre los estudiantes de la Facultad ya que gran parte de los egresados en carreras empresariales se incorporan al mercado laboral en puestos relacionados directamente con el \u00e1rea de la contabilidad, auditor\u00eda y fiscalidad.<\/p>\n<p><strong>Organizadores<\/strong>: Departamento de Contabilidad y M\u00e1ster en Sistemas de Informaci\u00f3n y An\u00e1lisis Contable (SIAC) de la Universidad de Oviedo, con la colaboraci\u00f3n del Instituto de Censores Jurados de Cuentas de Espa\u00f1a.<\/p>\n<p><strong>Lugar:<\/strong> Online a trav\u00e9s de <em>Microsoft Teams<\/em><\/p>\n<p><strong>Inscripci\u00f3n:<\/strong> Cubriendo el formulario que aparece en <a href=\"https:\/\/forms.office.com\/r\/SjiR5GX6jh\">https:\/\/forms.office.com\/r\/SjiR5GX6jh<\/a>.<\/p>\n<p><strong>PROGRAMA<\/strong><\/p>\n<p><strong>Presentaci\u00f3n:<\/strong><\/p>\n<ul>\n<li>D\u00f1a. Carmen Benavides Gonz\u00e1lez. <em>Decana de la Facultad de Econom\u00eda y Empresa<\/em><\/li>\n<li>D. Victorino Garc\u00eda Fern\u00e1ndez. <em>Coordinador del M\u00e1ster SIAC<\/em><\/li>\n<\/ul>\n<p><strong>Mesa redonda:<\/strong><\/p>\n<ul>\n<li>D. Arturo D\u00edaz Dapena. <em>Agrupaci\u00f3n Territorial Novena del Instituto de Censores Jurados de Cuentas de Espa\u00f1a<\/em><\/li>\n<li>D. Conrado Cea S\u00e1nchez. <em>PricewaterhouseCoopers Auditores<\/em><\/li>\n<li>D. Fernando \u00c1lvarez S\u00e1nchez. <em>SAMOA Industrial<\/em><\/li>\n<li>D\u00f1a. Eugenia On\u00eds Ruiz-Garma. <em>Corteva- Agriscience<br \/><\/em><\/li>\n<\/ul>\n","protected":false},"excerpt":{"rendered":"<p>Esta mesa redonda se organiza con el \u00e1nimo de servir como medio de difusi\u00f3n de la profesi\u00f3n auditora y contable entre los estudiantes de la Facultad ya que gran parte de los egresados en carreras empresariales se incorporan al mercado laboral en puestos relacionados directamente con el \u00e1rea de la contabilidad, auditor\u00eda y fiscalidad. Organizadores: &hellip; <\/p>\n<p class=\"link-more\"><a href=\"https:\/\/www.unioviedo.es\/mastersiac\/index.php\/2022\/04\/19\/mesa-redonda-sobre-el-perfil-profesional-de-la-contabilidad-y-auditoria\/\" class=\"more-link\">Continuar leyendo<span class=\"screen-reader-text\"> \u00abMesa redonda sobre el Perfil Profesional de la Contabilidad y Auditor\u00eda\u00bb<\/span><\/a><\/p>\n","protected":false},"author":1,"featured_media":0,"comment_status":"closed","ping_status":"closed","sticky":false,"template":"","format":"standard","meta":{"footnotes":""},"categories":[4],"tags":[],"class_list":["post-1013","post","type-post","status-publish","format-standard","hentry","category-seminarios-y-actividades"],"_links":{"self":[{"href":"https:\/\/www.unioviedo.es\/mastersiac\/index.php\/wp-json\/wp\/v2\/posts\/1013","targetHints":{"allow":["GET"]}}],"collection":[{"href":"https:\/\/www.unioviedo.es\/mastersiac\/index.php\/wp-json\/wp\/v2\/posts"}],"about":[{"href":"https:\/\/www.unioviedo.es\/mastersiac\/index.php\/wp-json\/wp\/v2\/types\/post"}],"author":[{"embeddable":true,"href":"https:\/\/www.unioviedo.es\/mastersiac\/index.php\/wp-json\/wp\/v2\/users\/1"}],"replies":[{"embeddable":true,"href":"https:\/\/www.unioviedo.es\/mastersiac\/index.php\/wp-json\/wp\/v2\/comments?post=1013"}],"version-history":[{"count":3,"href":"https:\/\/www.unioviedo.es\/mastersiac\/index.php\/wp-json\/wp\/v2\/posts\/1013\/revisions"}],"predecessor-version":[{"id":1020,"href":"https:\/\/www.unioviedo.es\/mastersiac\/index.php\/wp-json\/wp\/v2\/posts\/1013\/revisions\/1020"}],"wp:attachment":[{"href":"https:\/\/www.unioviedo.es\/mastersiac\/index.php\/wp-json\/wp\/v2\/media?parent=1013"}],"wp:term":[{"taxonomy":"category","embeddable":true,"href":"https:\/\/www.unioviedo.es\/mastersiac\/index.php\/wp-json\/wp\/v2\/categories?post=1013"},{"taxonomy":"post_tag","embeddable":true,"href":"https:\/\/www.unioviedo.es\/mastersiac\/index.php\/wp-json\/wp\/v2\/tags?post=1013"}],"curies":[{"name":"wp","href":"https:\/\/api.w.org\/{rel}","templated":true}]}}