{"id":1141,"date":"2023-10-25T16:13:04","date_gmt":"2023-10-25T14:13:04","guid":{"rendered":"https:\/\/www.unioviedo.es\/mastersiac\/?p=1141"},"modified":"2023-10-25T16:13:51","modified_gmt":"2023-10-25T14:13:51","slug":"conferenciainformacion-corporativa-en-sostenibilidad-y-su-impacto-en-el-area-contable","status":"publish","type":"post","link":"https:\/\/www.unioviedo.es\/mastersiac\/index.php\/2023\/10\/25\/conferenciainformacion-corporativa-en-sostenibilidad-y-su-impacto-en-el-area-contable\/","title":{"rendered":"Conferencia \u00abInformaci\u00f3n corporativa en sostenibilidad y su impacto en el \u00c1rea Contable\u00bb"},"content":{"rendered":"\n<p style=\"text-align: justify;\">El pr\u00f3ximo jueves, 2 de noviembre de 2023, de 12 a 14 horas, a trav\u00e9s de Microsoft Teams, tendr\u00e1 lugar la Conferencia titulada: <b>Informaci\u00f3n corporativa en sostenibilidad y su impacto en el \u00c1rea Contable<\/b>, organizada por el Departamento de Contabilidad e impartida por el <strong>Dr. D. Bernab\u00e9 Escobar P\u00e9rez<\/strong>, Catedr\u00e1tico de la Universidad de Sevilla y Presidente de la Asociaci\u00f3n Espa\u00f1ola de Profesores Universitarios de Contabilidad.<\/p>\n<p style=\"text-align: justify;\">Para inscribirse es necesario cubrir un formulario al que se accede a trav\u00e9s del siguiente enlace:<\/p>\n<p style=\"text-align: justify;\">\u00a0<a id=\"LPlnk963380\" href=\"https:\/\/forms.office.com\/e\/wm1XzQ2iPG\" target=\"_blank\" rel=\"noopener noreferrer\" data-auth=\"NotApplicable\" data-linkindex=\"0\">https:\/\/forms.office.com\/e\/wm1XzQ2iPG<\/a><\/p>\n","protected":false},"excerpt":{"rendered":"<p>El pr\u00f3ximo jueves, 2 de noviembre de 2023, de 12 a 14 horas, a trav\u00e9s de Microsoft Teams, tendr\u00e1 lugar la Conferencia titulada: Informaci\u00f3n corporativa en sostenibilidad y su impacto en el \u00c1rea Contable, organizada por el Departamento de Contabilidad e impartida por el Dr. D. Bernab\u00e9 Escobar P\u00e9rez, Catedr\u00e1tico de la Universidad de Sevilla &hellip; <\/p>\n<p class=\"link-more\"><a href=\"https:\/\/www.unioviedo.es\/mastersiac\/index.php\/2023\/10\/25\/conferenciainformacion-corporativa-en-sostenibilidad-y-su-impacto-en-el-area-contable\/\" class=\"more-link\">Continuar leyendo<span class=\"screen-reader-text\"> \u00abConferencia \u00abInformaci\u00f3n corporativa en sostenibilidad y su impacto en el \u00c1rea Contable\u00bb\u00bb<\/span><\/a><\/p>\n","protected":false},"author":1,"featured_media":0,"comment_status":"closed","ping_status":"closed","sticky":false,"template":"","format":"standard","meta":{"footnotes":""},"categories":[4],"tags":[],"class_list":["post-1141","post","type-post","status-publish","format-standard","hentry","category-seminarios-y-actividades"],"_links":{"self":[{"href":"https:\/\/www.unioviedo.es\/mastersiac\/index.php\/wp-json\/wp\/v2\/posts\/1141","targetHints":{"allow":["GET"]}}],"collection":[{"href":"https:\/\/www.unioviedo.es\/mastersiac\/index.php\/wp-json\/wp\/v2\/posts"}],"about":[{"href":"https:\/\/www.unioviedo.es\/mastersiac\/index.php\/wp-json\/wp\/v2\/types\/post"}],"author":[{"embeddable":true,"href":"https:\/\/www.unioviedo.es\/mastersiac\/index.php\/wp-json\/wp\/v2\/users\/1"}],"replies":[{"embeddable":true,"href":"https:\/\/www.unioviedo.es\/mastersiac\/index.php\/wp-json\/wp\/v2\/comments?post=1141"}],"version-history":[{"count":3,"href":"https:\/\/www.unioviedo.es\/mastersiac\/index.php\/wp-json\/wp\/v2\/posts\/1141\/revisions"}],"predecessor-version":[{"id":1144,"href":"https:\/\/www.unioviedo.es\/mastersiac\/index.php\/wp-json\/wp\/v2\/posts\/1141\/revisions\/1144"}],"wp:attachment":[{"href":"https:\/\/www.unioviedo.es\/mastersiac\/index.php\/wp-json\/wp\/v2\/media?parent=1141"}],"wp:term":[{"taxonomy":"category","embeddable":true,"href":"https:\/\/www.unioviedo.es\/mastersiac\/index.php\/wp-json\/wp\/v2\/categories?post=1141"},{"taxonomy":"post_tag","embeddable":true,"href":"https:\/\/www.unioviedo.es\/mastersiac\/index.php\/wp-json\/wp\/v2\/tags?post=1141"}],"curies":[{"name":"wp","href":"https:\/\/api.w.org\/{rel}","templated":true}]}}