{"id":1155,"date":"2024-04-06T20:41:29","date_gmt":"2024-04-06T18:41:29","guid":{"rendered":"https:\/\/www.unioviedo.es\/mastersiac\/?p=1155"},"modified":"2024-04-06T20:41:30","modified_gmt":"2024-04-06T18:41:30","slug":"conferencia-responsabilidad-digital-corporativa-marco-de-informacion-y-lineas-de-investigacion","status":"publish","type":"post","link":"https:\/\/www.unioviedo.es\/mastersiac\/index.php\/2024\/04\/06\/conferencia-responsabilidad-digital-corporativa-marco-de-informacion-y-lineas-de-investigacion\/","title":{"rendered":"Conferencia: \u00abResponsabilidad digital corporativa: marco de informaci\u00f3n y l\u00edneas de investigaci\u00f3n\u00bb"},"content":{"rendered":"\n<p>El pr\u00f3ximo jueves d\u00eda <b>11 de abril de 2024<\/b>, de <b>12:30 a 14 horas, <\/b>y a trav\u00e9s de la plataforma Ms Teams, se celebrar\u00e1 la Conferencia titulada: <b>Responsabilidad digital corporativa: marco de informaci\u00f3n y l\u00edneas de investigaci\u00f3n<\/b>, organizada por el Departamento de Contabilidad de la Universidad de Oviedo e impartida por <b>Dr. D.<\/b> <b>Enrique Bons\u00f3n Ponte<\/b>, Catedr\u00e1tico de Econom\u00eda Financiera y Contabilidad de la Universidad de Huelva y Presidente de la Comisi\u00f3n de Nuevas Tecnolog\u00edas de AECA y del Comit\u00e9 directivo del Observatorio BIDA.<\/p>\n<p>Se podr\u00e1 acceder a la conferencia desde <a href=\"_wp_link_placeholder\" data-wplink-edit=\"true\">este enlace<\/a>.<\/p>\n","protected":false},"excerpt":{"rendered":"<p>El pr\u00f3ximo jueves d\u00eda 11 de abril de 2024, de 12:30 a 14 horas, y a trav\u00e9s de la plataforma Ms Teams, se celebrar\u00e1 la Conferencia titulada: Responsabilidad digital corporativa: marco de informaci\u00f3n y l\u00edneas de investigaci\u00f3n, organizada por el Departamento de Contabilidad de la Universidad de Oviedo e impartida por Dr. D. Enrique Bons\u00f3n &hellip; <\/p>\n<p class=\"link-more\"><a href=\"https:\/\/www.unioviedo.es\/mastersiac\/index.php\/2024\/04\/06\/conferencia-responsabilidad-digital-corporativa-marco-de-informacion-y-lineas-de-investigacion\/\" class=\"more-link\">Continuar leyendo<span class=\"screen-reader-text\"> \u00abConferencia: \u00abResponsabilidad digital corporativa: marco de informaci\u00f3n y l\u00edneas de investigaci\u00f3n\u00bb\u00bb<\/span><\/a><\/p>\n","protected":false},"author":1,"featured_media":0,"comment_status":"closed","ping_status":"closed","sticky":false,"template":"","format":"standard","meta":{"footnotes":""},"categories":[4],"tags":[],"class_list":["post-1155","post","type-post","status-publish","format-standard","hentry","category-seminarios-y-actividades"],"_links":{"self":[{"href":"https:\/\/www.unioviedo.es\/mastersiac\/index.php\/wp-json\/wp\/v2\/posts\/1155","targetHints":{"allow":["GET"]}}],"collection":[{"href":"https:\/\/www.unioviedo.es\/mastersiac\/index.php\/wp-json\/wp\/v2\/posts"}],"about":[{"href":"https:\/\/www.unioviedo.es\/mastersiac\/index.php\/wp-json\/wp\/v2\/types\/post"}],"author":[{"embeddable":true,"href":"https:\/\/www.unioviedo.es\/mastersiac\/index.php\/wp-json\/wp\/v2\/users\/1"}],"replies":[{"embeddable":true,"href":"https:\/\/www.unioviedo.es\/mastersiac\/index.php\/wp-json\/wp\/v2\/comments?post=1155"}],"version-history":[{"count":1,"href":"https:\/\/www.unioviedo.es\/mastersiac\/index.php\/wp-json\/wp\/v2\/posts\/1155\/revisions"}],"predecessor-version":[{"id":1156,"href":"https:\/\/www.unioviedo.es\/mastersiac\/index.php\/wp-json\/wp\/v2\/posts\/1155\/revisions\/1156"}],"wp:attachment":[{"href":"https:\/\/www.unioviedo.es\/mastersiac\/index.php\/wp-json\/wp\/v2\/media?parent=1155"}],"wp:term":[{"taxonomy":"category","embeddable":true,"href":"https:\/\/www.unioviedo.es\/mastersiac\/index.php\/wp-json\/wp\/v2\/categories?post=1155"},{"taxonomy":"post_tag","embeddable":true,"href":"https:\/\/www.unioviedo.es\/mastersiac\/index.php\/wp-json\/wp\/v2\/tags?post=1155"}],"curies":[{"name":"wp","href":"https:\/\/api.w.org\/{rel}","templated":true}]}}