{"id":424,"date":"2019-01-10T11:51:55","date_gmt":"2019-01-10T11:51:55","guid":{"rendered":"http:\/\/www.unioviedo.es\/percebes\/?p=424"},"modified":"2019-01-10T14:52:27","modified_gmt":"2019-01-10T14:52:27","slug":"feliz-2019","status":"publish","type":"post","link":"https:\/\/www.unioviedo.es\/percebes\/2019\/01\/10\/feliz-2019\/","title":{"rendered":"\u00a1Feliz 2019!"},"content":{"rendered":"<p>El invierno ha sido bastante benigno hasta el momento en la costa de Asturias. El buen tiempo durante las Navidades ha asegurado una buena cosecha de percebes, que se vendieron a precios muy altos. Los precios ahora ya han bajado, pero todav\u00eda quedan algunas de las mejores piedras abiertas al marisqueo.\u00a0 Abraham\u00a0y Fran, de la Cofrad\u00eda de Luanco, han accedido amablemente a llevarnos a la Isla de La Erbosa, un sitio impresionante en el que se pueden encontrar algunos de los mejores percebes de Asturias. All\u00ed hicimos un vuelo de dron para ilustrar un dia de trabajo en \u00e9ste paisaje impresionante. A la vuelta, Abraham se detuvo en las rocas de &#8220;El Corviru&#8221;, para recoger percebes para nuestras mediciones de reclutamiento, que usaremos para validar los modelos de transporte larvario. Sin la colaboraci\u00f3n de pescadores como Abraham, \u00e9ste proyecto no ser\u00eda posible.<\/p>\n<div id=\"attachment_431\" style=\"width: 1146px\" class=\"wp-caption alignnone\"><img loading=\"lazy\" decoding=\"async\" aria-describedby=\"caption-attachment-431\" class=\"size-full wp-image-431\" src=\"http:\/\/www.unioviedo.es\/percebes\/wp-content\/uploads\/2019\/01\/jorge.jpg\" alt=\"\" width=\"1136\" height=\"640\" srcset=\"https:\/\/www.unioviedo.es\/percebes\/wp-content\/uploads\/2019\/01\/jorge.jpg 1136w, https:\/\/www.unioviedo.es\/percebes\/wp-content\/uploads\/2019\/01\/jorge-300x169.jpg 300w, https:\/\/www.unioviedo.es\/percebes\/wp-content\/uploads\/2019\/01\/jorge-768x433.jpg 768w, https:\/\/www.unioviedo.es\/percebes\/wp-content\/uploads\/2019\/01\/jorge-1024x577.jpg 1024w, https:\/\/www.unioviedo.es\/percebes\/wp-content\/uploads\/2019\/01\/jorge-660x372.jpg 660w\" sizes=\"auto, (max-width: 1136px) 100vw, 1136px\" \/><p id=\"caption-attachment-431\" class=\"wp-caption-text\">Jorge Chachero, de <a href=\"http:\/\/documentazul.com\/\">DOCUMENTAZUL<\/a>, opera el drone desde la \u201cMonista de Tierra\u201d. Se pueden ver algunos perceberos en las rocas, y lanchas que los transportan de unas rocas a otras.<\/p><\/div>\n<div id=\"attachment_420\" style=\"width: 4577px\" class=\"wp-caption alignnone\"><img loading=\"lazy\" decoding=\"async\" aria-describedby=\"caption-attachment-420\" class=\"wp-image-420 size-full\" src=\"http:\/\/www.unioviedo.es\/percebes\/wp-content\/uploads\/2019\/01\/20190108_122251.jpg\" alt=\"\" width=\"4567\" height=\"2622\" srcset=\"https:\/\/www.unioviedo.es\/percebes\/wp-content\/uploads\/2019\/01\/20190108_122251.jpg 4567w, https:\/\/www.unioviedo.es\/percebes\/wp-content\/uploads\/2019\/01\/20190108_122251-300x172.jpg 300w, https:\/\/www.unioviedo.es\/percebes\/wp-content\/uploads\/2019\/01\/20190108_122251-768x441.jpg 768w, https:\/\/www.unioviedo.es\/percebes\/wp-content\/uploads\/2019\/01\/20190108_122251-1024x588.jpg 1024w, https:\/\/www.unioviedo.es\/percebes\/wp-content\/uploads\/2019\/01\/20190108_122251-660x379.jpg 660w\" sizes=\"auto, (max-width: 4567px) 100vw, 4567px\" \/><p id=\"caption-attachment-420\" class=\"wp-caption-text\">Perceberos trabajando en &#8220;La Corverina&#8221;, una roca que pertenece a la zona de extracci\u00f3n de &#8220;Las Piedras de la Crianza&#8221;. Al fondo, la isla de La Erbosa, situada a 1 Km de Cabo Pe\u00f1as, en Asturias, Norte de Espa\u00f1a.<\/p><\/div>\n<p>&nbsp;<\/p>\n","protected":false},"excerpt":{"rendered":"<p>El invierno ha sido bastante benigno hasta el momento en la costa de Asturias. El buen tiempo durante las Navidades ha asegurado una buena cosecha de percebes, que se vendieron a precios muy altos. Los precios ahora ya han bajado, pero todav\u00eda quedan algunas de las mejores piedras abiertas al marisqueo.\u00a0 Abraham\u00a0y Fran, de la\u2026 <span class=\"read-more\"><a href=\"https:\/\/www.unioviedo.es\/percebes\/2019\/01\/10\/feliz-2019\/\">Read More &raquo;<\/a><\/span><\/p>\n","protected":false},"author":1,"featured_media":0,"comment_status":"closed","ping_status":"open","sticky":false,"template":"","format":"standard","meta":{"footnotes":""},"categories":[14,6,13],"tags":[],"class_list":["post-424","post","type-post","status-publish","format-standard","hentry","category-bioeconomic-models","category-espanol","category-video-documentary"],"_links":{"self":[{"href":"https:\/\/www.unioviedo.es\/percebes\/wp-json\/wp\/v2\/posts\/424","targetHints":{"allow":["GET"]}}],"collection":[{"href":"https:\/\/www.unioviedo.es\/percebes\/wp-json\/wp\/v2\/posts"}],"about":[{"href":"https:\/\/www.unioviedo.es\/percebes\/wp-json\/wp\/v2\/types\/post"}],"author":[{"embeddable":true,"href":"https:\/\/www.unioviedo.es\/percebes\/wp-json\/wp\/v2\/users\/1"}],"replies":[{"embeddable":true,"href":"https:\/\/www.unioviedo.es\/percebes\/wp-json\/wp\/v2\/comments?post=424"}],"version-history":[{"count":12,"href":"https:\/\/www.unioviedo.es\/percebes\/wp-json\/wp\/v2\/posts\/424\/revisions"}],"predecessor-version":[{"id":437,"href":"https:\/\/www.unioviedo.es\/percebes\/wp-json\/wp\/v2\/posts\/424\/revisions\/437"}],"wp:attachment":[{"href":"https:\/\/www.unioviedo.es\/percebes\/wp-json\/wp\/v2\/media?parent=424"}],"wp:term":[{"taxonomy":"category","embeddable":true,"href":"https:\/\/www.unioviedo.es\/percebes\/wp-json\/wp\/v2\/categories?post=424"},{"taxonomy":"post_tag","embeddable":true,"href":"https:\/\/www.unioviedo.es\/percebes\/wp-json\/wp\/v2\/tags?post=424"}],"curies":[{"name":"wp","href":"https:\/\/api.w.org\/{rel}","templated":true}]}}