{"id":508,"date":"2025-09-25T13:40:48","date_gmt":"2025-09-25T11:40:48","guid":{"rendered":"https:\/\/www.unioviedo.es\/physalia\/?p=508"},"modified":"2025-09-25T13:40:49","modified_gmt":"2025-09-25T11:40:49","slug":"noticia-en-la-tpa","status":"publish","type":"post","link":"https:\/\/www.unioviedo.es\/physalia\/noticia-en-la-tpa\/","title":{"rendered":"Noticia en la TPA"},"content":{"rendered":"\n<h2 class=\"wp-block-heading\">Investigar\u00e1n c\u00f3mo navegan y c\u00f3mo se distribuyen para predecir su llegada a las playas<\/h2>\n\n\n\n<p>El primer ejemplar de carabela portuguesa&nbsp;que lleg\u00f3 al Acuario fue recogido esta semana en la playa de Xag\u00f3 se\u00f1ala Reyes Descalzo, conservadora del Bioparc Acuario de Gij\u00f3n.<\/p>\n\n\n\n<p>Hasta ahora los adultos no sobreviv\u00edan m\u00e1s que unos pocos d\u00edas fuera del mar abierto, por lo que hac\u00eda muy dif\u00edcil su estudio asegura Fernando Gonz\u00e1lez Taboada, cient\u00edfico titular en el Centro Oceanogr\u00e1fico de Gij\u00f3n (IEO-CSIC).<\/p>\n\n\n\n<p>Al descubrimiento de su biolog\u00eda se une el inter\u00e9s por saber c\u00f3mo se mueven y llegan a nuestras costas desde zonas tropicales. Drones, veh\u00edculos submarinos y embarcaciones permitir\u00e1 al Oceanogr\u00e1fico y a la Universidad de Oviedo hacer el seguimiento en el agua apunta Carlos Cuadrado, t\u00e9cnico de la Universidad de Oviedo. Piden adem\u00e1s la colaboraci\u00f3n ciudadana.<\/p>\n\n\n\n<p>Un proyecto financiado por la Agencia Estatal de investigaci\u00f3n al que se han sumado tambi\u00e9n la Universidad de Las Palmas de Gran Canaria y el Instituto de Ciencias Marinas de Andaluc\u00eda.<\/p>\n\n\n\n<p><a href=\"https:\/\/www.rtpa.es\/noticias-ciencia\/2025-07-26\/El-Acuario-y-la-Universidad-estudian-la-llegada-de-las-carabelas-portuguesas-a-las-costas-asturianas_111753547006.html\">Enlace al video de la noticia<\/a><\/p>\n","protected":false},"excerpt":{"rendered":"<p>Investigar\u00e1n c\u00f3mo navegan y c\u00f3mo se distribuyen para predecir su llegada a las playas El primer ejemplar de carabela portuguesa&nbsp;que lleg\u00f3 al Acuario fue recogido esta semana en la playa de Xag\u00f3 se\u00f1ala Reyes Descalzo, conservadora del Bioparc Acuario de &hellip; <a href=\"https:\/\/www.unioviedo.es\/physalia\/noticia-en-la-tpa\/\">Continue reading <span class=\"meta-nav\">&rarr;<\/span><\/a><\/p>\n","protected":false},"author":1,"featured_media":0,"comment_status":"open","ping_status":"closed","sticky":false,"template":"","format":"standard","meta":{"footnotes":""},"categories":[1],"tags":[],"class_list":["post-508","post","type-post","status-publish","format-standard","hentry","category-sin-categoria"],"_links":{"self":[{"href":"https:\/\/www.unioviedo.es\/physalia\/wp-json\/wp\/v2\/posts\/508","targetHints":{"allow":["GET"]}}],"collection":[{"href":"https:\/\/www.unioviedo.es\/physalia\/wp-json\/wp\/v2\/posts"}],"about":[{"href":"https:\/\/www.unioviedo.es\/physalia\/wp-json\/wp\/v2\/types\/post"}],"author":[{"embeddable":true,"href":"https:\/\/www.unioviedo.es\/physalia\/wp-json\/wp\/v2\/users\/1"}],"replies":[{"embeddable":true,"href":"https:\/\/www.unioviedo.es\/physalia\/wp-json\/wp\/v2\/comments?post=508"}],"version-history":[{"count":2,"href":"https:\/\/www.unioviedo.es\/physalia\/wp-json\/wp\/v2\/posts\/508\/revisions"}],"predecessor-version":[{"id":510,"href":"https:\/\/www.unioviedo.es\/physalia\/wp-json\/wp\/v2\/posts\/508\/revisions\/510"}],"wp:attachment":[{"href":"https:\/\/www.unioviedo.es\/physalia\/wp-json\/wp\/v2\/media?parent=508"}],"wp:term":[{"taxonomy":"category","embeddable":true,"href":"https:\/\/www.unioviedo.es\/physalia\/wp-json\/wp\/v2\/categories?post=508"},{"taxonomy":"post_tag","embeddable":true,"href":"https:\/\/www.unioviedo.es\/physalia\/wp-json\/wp\/v2\/tags?post=508"}],"curies":[{"name":"wp","href":"https:\/\/api.w.org\/{rel}","templated":true}]}}