{"id":1009,"date":"2016-01-29T19:39:13","date_gmt":"2016-01-29T18:39:13","guid":{"rendered":"http:\/\/www.unioviedo.es\/promebi\/?p=1009"},"modified":"2017-06-01T12:02:46","modified_gmt":"2017-06-01T10:02:46","slug":"xii-congreso-espanol-de-sociologia","status":"publish","type":"post","link":"https:\/\/www.unioviedo.es\/promebi\/xii-congreso-espanol-de-sociologia\/","title":{"rendered":"XII Congreso Espa\u00f1ol de Sociolog\u00eda"},"content":{"rendered":"<p><a href=\"http:\/\/www.fes-sociologia.com\/xii-congreso-espanol-de-sociologia\/congress\/12\/\"><img loading=\"lazy\" decoding=\"async\" class=\"size-medium wp-image-1107 alignleft\" src=\"http:\/\/www.unioviedo.es\/promebi\/wp-content\/uploads\/2016\/01\/congress-news_002-300x150.jpg\" alt=\"Cartel del congreso_short\" width=\"300\" height=\"150\" srcset=\"https:\/\/www.unioviedo.es\/promebi\/wp-content\/uploads\/2016\/01\/congress-news_002-300x150.jpg 300w, https:\/\/www.unioviedo.es\/promebi\/wp-content\/uploads\/2016\/01\/congress-news_002.jpg 460w\" sizes=\"auto, (max-width: 300px) 100vw, 300px\" \/><\/a>Los d\u00edas <strong>30 de junio, 1 y 2 de juli<\/strong>o de 2016 se celebra en Gij\u00f3n (Asturias) el XII Congreso Espa\u00f1ol de Sociolog\u00eda: Grandes <strong>transformaciones sociales<\/strong>, nuevos desaf\u00edos para la <strong>sociolog\u00eda. E<\/strong>st\u00e1 organizado por la Asociaci\u00f3n Asturiana de Sociolog\u00eda (ASS), el Departamento de Sociolog\u00eda de la Universidad de Oviedo y la Federaci\u00f3n Espa\u00f1ola de Sociolog\u00eda.<\/p>\n<p>El periodo para la presentaci\u00f3n de res\u00famenes empieza el <strong>20 de noviembre de 2015<\/strong> y termina el <strong>20 de febrero de 2016<\/strong>. La confirmaci\u00f3n de la aceptaci\u00f3n de res\u00famenes ser\u00e1 el <strong>20 de marzo de 2016.<\/strong><\/p>\n<p>Entre los grupos de trabajo del Congreso est\u00e1n el <strong><a href=\"http:\/\/www.fes-sociologia.com\/sociologia-del-trabajo\/congress-workgroups\/44\/\">GT7 Sociolog\u00eda del Trabajo<\/a>, <a href=\"http:\/\/www.fes-sociologia.com\/southern-european-societies\/congress-workgroups\/79\/\">GT 11 Southern European Societies<\/a>, <a href=\"http:\/\/www.fes-sociologia.com\/politica-social-y-trabajo-social\/congress-workgroups\/77\/\">GT 33 Pol\u00edtica Social y Trabajo Social<\/a> y <a href=\"http:\/\/www.fes-sociologia.com\/grupo-de-trabajo-para-estudiantes-de-sociologia\/congress-workgroups\/81\/\">GT 42 Grupo de Trabajo para Estudiantes de Sociolog\u00eda<\/a>.<\/strong><\/p>\n<p>M\u00e1s informaci\u00f3n en la<strong> <a href=\"http:\/\/www.fes-sociologia.com\/xii-congreso-espanol-de-sociologia\/congress\/12\/\">p\u00e1gina web de la FES<\/a>\u00a0<\/strong> y en el siguiente <strong><a href=\"http:\/\/www.unioviedo.es\/promebi\/wp-content\/uploads\/2016\/01\/DIPTICO_XII-Congreso_IMP_dise\u00f1o-def.pdf\" rel=\"\">documento<\/a>.<\/strong><\/p>\n<p>La semana siguiente a la celebraci\u00f3n del Congreso (del 4 al 8 de julio) tendr\u00e1 lugar una <strong>Summer School<\/strong> en Oviedo (Asturias) organizada por <strong>Promebi<\/strong>. En breve publicaremos m\u00e1s informaci\u00f3n<\/p>\n<h3><\/h3>\n<p>&nbsp;<\/p>\n","protected":false},"excerpt":{"rendered":"<p>Los d\u00edas 30 de junio, 1 y 2 de julio de 2016 se celebra en Gij\u00f3n (Asturias) el XII Congreso Espa\u00f1ol de Sociolog\u00eda: Grandes transformaciones sociales, nuevos desaf\u00edos para la sociolog\u00eda. Est\u00e1 organizado por la Asociaci\u00f3n Asturiana de Sociolog\u00eda (ASS), el Departamento de Sociolog\u00eda de la Universidad de Oviedo y la Federaci\u00f3n Espa\u00f1ola de Sociolog\u00eda. [&hellip;]<\/p>\n","protected":false},"author":1,"featured_media":1107,"comment_status":"open","ping_status":"open","sticky":false,"template":"","format":"standard","meta":{"_genesis_hide_title":false,"_genesis_hide_breadcrumbs":false,"_genesis_hide_singular_image":false,"_genesis_hide_footer_widgets":false,"_genesis_custom_body_class":"","_genesis_custom_post_class":"","_genesis_layout":"","footnotes":""},"categories":[55,37,39],"tags":[53,34],"class_list":{"0":"post-1009","1":"post","2":"type-post","3":"status-publish","4":"format-standard","5":"has-post-thumbnail","7":"category-destacados","8":"category-noticias","9":"category-otros-eventos","10":"tag-congreso","11":"tag-noticias","12":"entry","13":"gs-1","14":"gs-odd","15":"gs-even","16":"gs-featured-content-entry"},"_links":{"self":[{"href":"https:\/\/www.unioviedo.es\/promebi\/wp-json\/wp\/v2\/posts\/1009","targetHints":{"allow":["GET"]}}],"collection":[{"href":"https:\/\/www.unioviedo.es\/promebi\/wp-json\/wp\/v2\/posts"}],"about":[{"href":"https:\/\/www.unioviedo.es\/promebi\/wp-json\/wp\/v2\/types\/post"}],"author":[{"embeddable":true,"href":"https:\/\/www.unioviedo.es\/promebi\/wp-json\/wp\/v2\/users\/1"}],"replies":[{"embeddable":true,"href":"https:\/\/www.unioviedo.es\/promebi\/wp-json\/wp\/v2\/comments?post=1009"}],"version-history":[{"count":7,"href":"https:\/\/www.unioviedo.es\/promebi\/wp-json\/wp\/v2\/posts\/1009\/revisions"}],"predecessor-version":[{"id":1185,"href":"https:\/\/www.unioviedo.es\/promebi\/wp-json\/wp\/v2\/posts\/1009\/revisions\/1185"}],"wp:featuredmedia":[{"embeddable":true,"href":"https:\/\/www.unioviedo.es\/promebi\/wp-json\/wp\/v2\/media\/1107"}],"wp:attachment":[{"href":"https:\/\/www.unioviedo.es\/promebi\/wp-json\/wp\/v2\/media?parent=1009"}],"wp:term":[{"taxonomy":"category","embeddable":true,"href":"https:\/\/www.unioviedo.es\/promebi\/wp-json\/wp\/v2\/categories?post=1009"},{"taxonomy":"post_tag","embeddable":true,"href":"https:\/\/www.unioviedo.es\/promebi\/wp-json\/wp\/v2\/tags?post=1009"}],"curies":[{"name":"wp","href":"https:\/\/api.w.org\/{rel}","templated":true}]}}