{"id":1349,"date":"2016-10-24T12:43:28","date_gmt":"2016-10-24T10:43:28","guid":{"rendered":"http:\/\/www.unioviedo.es\/promebi\/?p=1349"},"modified":"2016-10-24T12:45:39","modified_gmt":"2016-10-24T10:45:39","slug":"ana-m-guillen-participa-dg-research-and-innovation-seminar-2","status":"publish","type":"post","link":"https:\/\/www.unioviedo.es\/promebi\/ana-m-guillen-participa-dg-research-and-innovation-seminar-2\/","title":{"rendered":"Ana M. Guill\u00e9n participa en el DG Research and Innovation Seminar"},"content":{"rendered":"<p>Ana M. Guill\u00e9n ha sido invitada a participar el pasado 10 de octubre en el seminario <a href=\"https:\/\/ec.europa.eu\/research\/social-sciences\/index.cfm?pg=newspage&amp;item=160901\">\u00abThe future of work and welfare in Europe &#8211; The Research Perspective\u00bb<\/a> organizado por el DG Research and Innovation de la Comisi\u00f3n Europea.<\/p>\n<p>Durante el seminario se present\u00f3 evidencia sobre el presente y el futuro de las pol\u00edticas de bienestar y empleo en Europa; as\u00ed como de la situaci\u00f3n de la desigualdad, la inversi\u00f3n social y la pobreza. Los resultados se discutieron desde la perspectiva de an\u00e1lisis de pol\u00edticas con el objetivo de contribuir al di\u00e1logo existente sobre los derechos sociales. El seminario congreg\u00f3 a diferentes investigadores l\u00edderes en las l\u00edneas de investigaci\u00f3n de pol\u00edticas de empleo, as\u00ed como a agentes pol\u00edticos europeos, expertos internacionales y otros agentes sociales.<\/p>\n<p>Ana M. Guill\u00e9n coordin\u00f3 la sesi\u00f3n \u00abThe future of the Welfare State\u00bb, junto con Martin Seeleib-Kaiser (Universidad de Oxford) y Frak Vandenbroucke (Universidad de Amsterdam).<\/p>\n<p>&nbsp;<\/p>\n","protected":false},"excerpt":{"rendered":"<p>Ana M. Guill\u00e9n ha sido invitada a participar el pasado 10 de octubre en el seminario \u00abThe future of work and welfare in Europe &#8211; The Research Perspective\u00bb organizado por el DG Research and Innovation de la Comisi\u00f3n Europea. Durante el seminario se present\u00f3 evidencia sobre el presente y el futuro de las pol\u00edticas de [&hellip;]<\/p>\n","protected":false},"author":5,"featured_media":1342,"comment_status":"open","ping_status":"open","sticky":false,"template":"","format":"standard","meta":{"_genesis_hide_title":false,"_genesis_hide_breadcrumbs":false,"_genesis_hide_singular_image":false,"_genesis_hide_footer_widgets":false,"_genesis_custom_body_class":"","_genesis_custom_post_class":"","_genesis_layout":"","footnotes":""},"categories":[55,37],"tags":[35],"class_list":{"0":"post-1349","1":"post","2":"type-post","3":"status-publish","4":"format-standard","5":"has-post-thumbnail","7":"category-destacados","8":"category-noticias","9":"tag-seminario","10":"entry","11":"gs-1","12":"gs-odd","13":"gs-even","14":"gs-featured-content-entry"},"_links":{"self":[{"href":"https:\/\/www.unioviedo.es\/promebi\/wp-json\/wp\/v2\/posts\/1349","targetHints":{"allow":["GET"]}}],"collection":[{"href":"https:\/\/www.unioviedo.es\/promebi\/wp-json\/wp\/v2\/posts"}],"about":[{"href":"https:\/\/www.unioviedo.es\/promebi\/wp-json\/wp\/v2\/types\/post"}],"author":[{"embeddable":true,"href":"https:\/\/www.unioviedo.es\/promebi\/wp-json\/wp\/v2\/users\/5"}],"replies":[{"embeddable":true,"href":"https:\/\/www.unioviedo.es\/promebi\/wp-json\/wp\/v2\/comments?post=1349"}],"version-history":[{"count":1,"href":"https:\/\/www.unioviedo.es\/promebi\/wp-json\/wp\/v2\/posts\/1349\/revisions"}],"predecessor-version":[{"id":1350,"href":"https:\/\/www.unioviedo.es\/promebi\/wp-json\/wp\/v2\/posts\/1349\/revisions\/1350"}],"wp:featuredmedia":[{"embeddable":true,"href":"https:\/\/www.unioviedo.es\/promebi\/wp-json\/wp\/v2\/media\/1342"}],"wp:attachment":[{"href":"https:\/\/www.unioviedo.es\/promebi\/wp-json\/wp\/v2\/media?parent=1349"}],"wp:term":[{"taxonomy":"category","embeddable":true,"href":"https:\/\/www.unioviedo.es\/promebi\/wp-json\/wp\/v2\/categories?post=1349"},{"taxonomy":"post_tag","embeddable":true,"href":"https:\/\/www.unioviedo.es\/promebi\/wp-json\/wp\/v2\/tags?post=1349"}],"curies":[{"name":"wp","href":"https:\/\/api.w.org\/{rel}","templated":true}]}}