{"id":1571,"date":"2016-11-02T10:19:54","date_gmt":"2016-11-02T09:19:54","guid":{"rendered":"http:\/\/www.unioviedo.es\/promebi\/?p=1571"},"modified":"2016-11-03T11:55:36","modified_gmt":"2016-11-03T10:55:36","slug":"articulo-del-equipo-style-la-nueva-espana","status":"publish","type":"post","link":"https:\/\/www.unioviedo.es\/promebi\/articulo-del-equipo-style-la-nueva-espana\/","title":{"rendered":"Art\u00edculo del equipo STYLE en La Nueva Espa\u00f1a"},"content":{"rendered":"<p>La Nueva Espa\u00f1a ha publicado un art\u00edculo sobre el an\u00e1lisis que se ha hecho de la Formaci\u00f3n Profesional Dual en el proyecto STYLE: <a href=\"http:\/\/www.lne.es\/economia\/2016\/10\/30\/fp-dual-espana\/2005619.html\">\u00abSobre la FP dual en Espa\u00f1a\u00bb.<\/a><\/p>\n<p><a href=\"http:\/\/www.unioviedo.es\/promebi\/wp-content\/uploads\/2016\/11\/FP-en-Espa\u00f1a-Oct.-2016.pdf\">Sobre la FP Dual En Espa\u00f1a (La Nueva Espa\u00f1a)<\/a><\/p>\n","protected":false},"excerpt":{"rendered":"<p>La Nueva Espa\u00f1a ha publicado un art\u00edculo sobre el an\u00e1lisis que se ha hecho de la Formaci\u00f3n Profesional Dual en el proyecto STYLE: \u00abSobre la FP dual en Espa\u00f1a\u00bb. Sobre la FP Dual En Espa\u00f1a (La Nueva Espa\u00f1a)<\/p>\n","protected":false},"author":5,"featured_media":1573,"comment_status":"open","ping_status":"open","sticky":false,"template":"","format":"standard","meta":{"_genesis_hide_title":false,"_genesis_hide_breadcrumbs":false,"_genesis_hide_singular_image":false,"_genesis_hide_footer_widgets":false,"_genesis_custom_body_class":"","_genesis_custom_post_class":"","_genesis_layout":"","footnotes":""},"categories":[55,37,43],"tags":[],"class_list":{"0":"post-1571","1":"post","2":"type-post","3":"status-publish","4":"format-standard","5":"has-post-thumbnail","7":"category-destacados","8":"category-noticias","9":"category-presencia-en-los-medios","10":"entry","11":"gs-1","12":"gs-odd","13":"gs-even","14":"gs-featured-content-entry"},"_links":{"self":[{"href":"https:\/\/www.unioviedo.es\/promebi\/wp-json\/wp\/v2\/posts\/1571","targetHints":{"allow":["GET"]}}],"collection":[{"href":"https:\/\/www.unioviedo.es\/promebi\/wp-json\/wp\/v2\/posts"}],"about":[{"href":"https:\/\/www.unioviedo.es\/promebi\/wp-json\/wp\/v2\/types\/post"}],"author":[{"embeddable":true,"href":"https:\/\/www.unioviedo.es\/promebi\/wp-json\/wp\/v2\/users\/5"}],"replies":[{"embeddable":true,"href":"https:\/\/www.unioviedo.es\/promebi\/wp-json\/wp\/v2\/comments?post=1571"}],"version-history":[{"count":2,"href":"https:\/\/www.unioviedo.es\/promebi\/wp-json\/wp\/v2\/posts\/1571\/revisions"}],"predecessor-version":[{"id":1624,"href":"https:\/\/www.unioviedo.es\/promebi\/wp-json\/wp\/v2\/posts\/1571\/revisions\/1624"}],"wp:featuredmedia":[{"embeddable":true,"href":"https:\/\/www.unioviedo.es\/promebi\/wp-json\/wp\/v2\/media\/1573"}],"wp:attachment":[{"href":"https:\/\/www.unioviedo.es\/promebi\/wp-json\/wp\/v2\/media?parent=1571"}],"wp:term":[{"taxonomy":"category","embeddable":true,"href":"https:\/\/www.unioviedo.es\/promebi\/wp-json\/wp\/v2\/categories?post=1571"},{"taxonomy":"post_tag","embeddable":true,"href":"https:\/\/www.unioviedo.es\/promebi\/wp-json\/wp\/v2\/tags?post=1571"}],"curies":[{"name":"wp","href":"https:\/\/api.w.org\/{rel}","templated":true}]}}