{"id":1635,"date":"2016-05-16T09:17:00","date_gmt":"2016-05-16T07:17:00","guid":{"rendered":"http:\/\/www.unioviedo.es\/promebi\/?p=1635"},"modified":"2016-11-22T09:21:47","modified_gmt":"2016-11-22T08:21:47","slug":"la-politica-empleo-juvenil-examen-entrevista-equipo-style","status":"publish","type":"post","link":"https:\/\/www.unioviedo.es\/promebi\/la-politica-empleo-juvenil-examen-entrevista-equipo-style\/","title":{"rendered":"\u00abLa pol\u00edtica de empleo juvenil, a examen\u00bb (Entrevista equipo STYLE)"},"content":{"rendered":"<p>El pasado 16 de mayo de 2016 La Nueva Espa\u00f1a entrevist\u00f3 a Mar\u00eda C. Gonz\u00e1lez Men\u00e9ndez, Bego\u00f1a Cueto y Aroa Tejero, miembros del equipo de investigaci\u00f3n del <a href=\"http:\/\/style-research.eu\">proyecto STYLE<\/a>, sobre los resultados principales de la investigaci\u00f3n hasta el momento.<\/p>\n<p>El el art\u00edculo <a href=\"http:\/\/www.lne.es\/economia\/2016\/05\/16\/politica-empleo-juvenil-examen\/1927396.html\">\u00abLa pol\u00edtica de empleo juvenil, a examen\u00bb<\/a> se hace un repaso de las principales medidas que se han tomado para enfrentar el alto paro juvenil, especialmente, de la Garant\u00eda Juvenil y la Formaci\u00f3n Profesional Dual.<\/p>\n","protected":false},"excerpt":{"rendered":"<p>El pasado 16 de mayo de 2016 La Nueva Espa\u00f1a entrevist\u00f3 a Mar\u00eda C. Gonz\u00e1lez Men\u00e9ndez, Bego\u00f1a Cueto y Aroa Tejero, miembros del equipo de investigaci\u00f3n del proyecto STYLE, sobre los resultados principales de la investigaci\u00f3n hasta el momento. El el art\u00edculo \u00abLa pol\u00edtica de empleo juvenil, a examen\u00bb se hace un repaso de las [&hellip;]<\/p>\n","protected":false},"author":5,"featured_media":1636,"comment_status":"open","ping_status":"open","sticky":false,"template":"","format":"standard","meta":{"_genesis_hide_title":false,"_genesis_hide_breadcrumbs":false,"_genesis_hide_singular_image":false,"_genesis_hide_footer_widgets":false,"_genesis_custom_body_class":"","_genesis_custom_post_class":"","_genesis_layout":"","footnotes":""},"categories":[55,37,43],"tags":[],"class_list":{"0":"post-1635","1":"post","2":"type-post","3":"status-publish","4":"format-standard","5":"has-post-thumbnail","7":"category-destacados","8":"category-noticias","9":"category-presencia-en-los-medios","10":"entry","11":"gs-1","12":"gs-odd","13":"gs-even","14":"gs-featured-content-entry"},"_links":{"self":[{"href":"https:\/\/www.unioviedo.es\/promebi\/wp-json\/wp\/v2\/posts\/1635","targetHints":{"allow":["GET"]}}],"collection":[{"href":"https:\/\/www.unioviedo.es\/promebi\/wp-json\/wp\/v2\/posts"}],"about":[{"href":"https:\/\/www.unioviedo.es\/promebi\/wp-json\/wp\/v2\/types\/post"}],"author":[{"embeddable":true,"href":"https:\/\/www.unioviedo.es\/promebi\/wp-json\/wp\/v2\/users\/5"}],"replies":[{"embeddable":true,"href":"https:\/\/www.unioviedo.es\/promebi\/wp-json\/wp\/v2\/comments?post=1635"}],"version-history":[{"count":1,"href":"https:\/\/www.unioviedo.es\/promebi\/wp-json\/wp\/v2\/posts\/1635\/revisions"}],"predecessor-version":[{"id":1637,"href":"https:\/\/www.unioviedo.es\/promebi\/wp-json\/wp\/v2\/posts\/1635\/revisions\/1637"}],"wp:featuredmedia":[{"embeddable":true,"href":"https:\/\/www.unioviedo.es\/promebi\/wp-json\/wp\/v2\/media\/1636"}],"wp:attachment":[{"href":"https:\/\/www.unioviedo.es\/promebi\/wp-json\/wp\/v2\/media?parent=1635"}],"wp:term":[{"taxonomy":"category","embeddable":true,"href":"https:\/\/www.unioviedo.es\/promebi\/wp-json\/wp\/v2\/categories?post=1635"},{"taxonomy":"post_tag","embeddable":true,"href":"https:\/\/www.unioviedo.es\/promebi\/wp-json\/wp\/v2\/tags?post=1635"}],"curies":[{"name":"wp","href":"https:\/\/api.w.org\/{rel}","templated":true}]}}