{"id":1638,"date":"2015-07-01T09:23:25","date_gmt":"2015-07-01T07:23:25","guid":{"rendered":"http:\/\/www.unioviedo.es\/promebi\/?p=1638"},"modified":"2016-11-22T09:30:07","modified_gmt":"2016-11-22T08:30:07","slug":"mesa-redonda-pobreza-exclusion-social","status":"publish","type":"post","link":"https:\/\/www.unioviedo.es\/promebi\/mesa-redonda-pobreza-exclusion-social\/","title":{"rendered":"Mesa redonda sobre pobreza y exclusi\u00f3n social"},"content":{"rendered":"<p>El pasado 31 de junio de 2015 Vanesa Rodr\u00edguez y Aroa Tejero participaron en una <a href=\"http:\/\/www.elcomercio.es\/gijon\/201507\/01\/asturianos-estan-riesgo-exclusion-20150701003106-v.html\">mesa redonda sobre pobreza y desigualdad<\/a> organizada por la Asociaci\u00f3n Asturiana de Sociolog\u00eda y celebrada en el Centro Cultural Antiguo Instituto de Gij\u00f3n.<\/p>\n<p>En un debate en el que se abord\u00f3 la pobreza y la desigualdad desde diferentes perspectivas, Vanesa Rodr\u00edguez se encarg\u00f3 de exponer la situaci\u00f3n a la que se enfrentan los pensionistas, mientras que Aroa Tejero expuso los riesgos que sufren las personas trabajadoras.<\/p>\n<p><strong>Rese\u00f1a de El Comercio.<\/strong><\/p>\n","protected":false},"excerpt":{"rendered":"<p>El pasado 31 de junio de 2015 Vanesa Rodr\u00edguez y Aroa Tejero participaron en una mesa redonda sobre pobreza y desigualdad organizada por la Asociaci\u00f3n Asturiana de Sociolog\u00eda y celebrada en el Centro Cultural Antiguo Instituto de Gij\u00f3n. En un debate en el que se abord\u00f3 la pobreza y la desigualdad desde diferentes perspectivas, Vanesa [&hellip;]<\/p>\n","protected":false},"author":5,"featured_media":1639,"comment_status":"open","ping_status":"open","sticky":false,"template":"","format":"standard","meta":{"_genesis_hide_title":false,"_genesis_hide_breadcrumbs":false,"_genesis_hide_singular_image":false,"_genesis_hide_footer_widgets":false,"_genesis_custom_body_class":"","_genesis_custom_post_class":"","_genesis_layout":"","footnotes":""},"categories":[55,37,43],"tags":[],"class_list":{"0":"post-1638","1":"post","2":"type-post","3":"status-publish","4":"format-standard","5":"has-post-thumbnail","7":"category-destacados","8":"category-noticias","9":"category-presencia-en-los-medios","10":"entry","11":"gs-1","12":"gs-odd","13":"gs-even","14":"gs-featured-content-entry"},"_links":{"self":[{"href":"https:\/\/www.unioviedo.es\/promebi\/wp-json\/wp\/v2\/posts\/1638","targetHints":{"allow":["GET"]}}],"collection":[{"href":"https:\/\/www.unioviedo.es\/promebi\/wp-json\/wp\/v2\/posts"}],"about":[{"href":"https:\/\/www.unioviedo.es\/promebi\/wp-json\/wp\/v2\/types\/post"}],"author":[{"embeddable":true,"href":"https:\/\/www.unioviedo.es\/promebi\/wp-json\/wp\/v2\/users\/5"}],"replies":[{"embeddable":true,"href":"https:\/\/www.unioviedo.es\/promebi\/wp-json\/wp\/v2\/comments?post=1638"}],"version-history":[{"count":1,"href":"https:\/\/www.unioviedo.es\/promebi\/wp-json\/wp\/v2\/posts\/1638\/revisions"}],"predecessor-version":[{"id":1640,"href":"https:\/\/www.unioviedo.es\/promebi\/wp-json\/wp\/v2\/posts\/1638\/revisions\/1640"}],"wp:featuredmedia":[{"embeddable":true,"href":"https:\/\/www.unioviedo.es\/promebi\/wp-json\/wp\/v2\/media\/1639"}],"wp:attachment":[{"href":"https:\/\/www.unioviedo.es\/promebi\/wp-json\/wp\/v2\/media?parent=1638"}],"wp:term":[{"taxonomy":"category","embeddable":true,"href":"https:\/\/www.unioviedo.es\/promebi\/wp-json\/wp\/v2\/categories?post=1638"},{"taxonomy":"post_tag","embeddable":true,"href":"https:\/\/www.unioviedo.es\/promebi\/wp-json\/wp\/v2\/tags?post=1638"}],"curies":[{"name":"wp","href":"https:\/\/api.w.org\/{rel}","templated":true}]}}