{"id":1768,"date":"2017-05-10T12:03:42","date_gmt":"2017-05-10T10:03:42","guid":{"rendered":"http:\/\/www.unioviedo.es\/promebi\/?p=1768"},"modified":"2017-05-10T12:05:33","modified_gmt":"2017-05-10T10:05:33","slug":"presentacion-estudios-salario-social-basico-asturias","status":"publish","type":"post","link":"https:\/\/www.unioviedo.es\/promebi\/presentacion-estudios-salario-social-basico-asturias\/","title":{"rendered":"Presentaci\u00f3n de estudios sobre el Salario Social B\u00e1sico en Asturias"},"content":{"rendered":"<p>El pasado 9 de enero tuvo lugar la <a href=\"https:\/\/www.asturias.es\/portal\/site\/webasturias\/menuitem.4b280f8214549ead3e2d6f77f2300030\/?vgnextoid=624e5eabf68eb510VgnVCM10000098030a0aRCRD&amp;vgnextchannel=84c402a263b6e210VgnVCM1000002f030003RCRD&amp;i18n.http.lang=es\">jornada \u00ab10 a\u00f1os del Salario Social B\u00e1sico en Asturias. Presentaci\u00f3n de estudios sobre Salario Social B\u00e1sico\u00bb<\/a> organizada por la Consejer\u00eda de Servicios y Derechos Sociales y el Servicios P\u00fablico de Empleo del Principado de Asturias.<\/p>\n<p>F. Javier Mato, coordinador del informe <a href=\"https:\/\/www.asturias.es\/Asturias\/descargas\/PDF_TEMAS\/Asuntos%20Sociales\/Inclusion_social\/Resumen%20Ejecutivo%20SSB%201.pdf\">\u00abEvoluci\u00f3n socioecon\u00f3mica del Salario Social B\u00e1sico en Asturias\u00bb<\/a>, present\u00f3 los principales resultados del estudio.<\/p>\n","protected":false},"excerpt":{"rendered":"<p>El pasado 9 de enero tuvo lugar la jornada \u00ab10 a\u00f1os del Salario Social B\u00e1sico en Asturias. Presentaci\u00f3n de estudios sobre Salario Social B\u00e1sico\u00bb organizada por la Consejer\u00eda de Servicios y Derechos Sociales y el Servicios P\u00fablico de Empleo del Principado de Asturias. F. Javier Mato, coordinador del informe \u00abEvoluci\u00f3n socioecon\u00f3mica del Salario Social B\u00e1sico [&hellip;]<\/p>\n","protected":false},"author":5,"featured_media":1771,"comment_status":"open","ping_status":"open","sticky":false,"template":"","format":"standard","meta":{"_genesis_hide_title":false,"_genesis_hide_breadcrumbs":false,"_genesis_hide_singular_image":false,"_genesis_hide_footer_widgets":false,"_genesis_custom_body_class":"","_genesis_custom_post_class":"","_genesis_layout":"","footnotes":""},"categories":[55,37],"tags":[],"class_list":{"0":"post-1768","1":"post","2":"type-post","3":"status-publish","4":"format-standard","5":"has-post-thumbnail","7":"category-destacados","8":"category-noticias","9":"entry","10":"gs-1","11":"gs-odd","12":"gs-even","13":"gs-featured-content-entry"},"_links":{"self":[{"href":"https:\/\/www.unioviedo.es\/promebi\/wp-json\/wp\/v2\/posts\/1768","targetHints":{"allow":["GET"]}}],"collection":[{"href":"https:\/\/www.unioviedo.es\/promebi\/wp-json\/wp\/v2\/posts"}],"about":[{"href":"https:\/\/www.unioviedo.es\/promebi\/wp-json\/wp\/v2\/types\/post"}],"author":[{"embeddable":true,"href":"https:\/\/www.unioviedo.es\/promebi\/wp-json\/wp\/v2\/users\/5"}],"replies":[{"embeddable":true,"href":"https:\/\/www.unioviedo.es\/promebi\/wp-json\/wp\/v2\/comments?post=1768"}],"version-history":[{"count":1,"href":"https:\/\/www.unioviedo.es\/promebi\/wp-json\/wp\/v2\/posts\/1768\/revisions"}],"predecessor-version":[{"id":1770,"href":"https:\/\/www.unioviedo.es\/promebi\/wp-json\/wp\/v2\/posts\/1768\/revisions\/1770"}],"wp:featuredmedia":[{"embeddable":true,"href":"https:\/\/www.unioviedo.es\/promebi\/wp-json\/wp\/v2\/media\/1771"}],"wp:attachment":[{"href":"https:\/\/www.unioviedo.es\/promebi\/wp-json\/wp\/v2\/media?parent=1768"}],"wp:term":[{"taxonomy":"category","embeddable":true,"href":"https:\/\/www.unioviedo.es\/promebi\/wp-json\/wp\/v2\/categories?post=1768"},{"taxonomy":"post_tag","embeddable":true,"href":"https:\/\/www.unioviedo.es\/promebi\/wp-json\/wp\/v2\/tags?post=1768"}],"curies":[{"name":"wp","href":"https:\/\/api.w.org\/{rel}","templated":true}]}}