{"id":2120,"date":"2019-09-10T15:58:49","date_gmt":"2019-09-10T13:58:49","guid":{"rendered":"http:\/\/www.unioviedo.es\/promebi\/?p=2120"},"modified":"2019-10-22T16:00:39","modified_gmt":"2019-10-22T14:00:39","slug":"participacion-promebi-en-el-congreso-espanet-europa","status":"publish","type":"post","link":"https:\/\/www.unioviedo.es\/promebi\/participacion-promebi-en-el-congreso-espanet-europa\/","title":{"rendered":"Participaci\u00f3n PROMEBI en el Congreso ESPANet Europa"},"content":{"rendered":"<p><a href=\"http:\/\/www.unioviedo.es\/promebi\/wp-content\/uploads\/2019\/10\/ESPANET.jpg\"><img loading=\"lazy\" decoding=\"async\" class=\"aligncenter size-full wp-image-2122\" src=\"http:\/\/www.unioviedo.es\/promebi\/wp-content\/uploads\/2019\/10\/ESPANET.jpg\" alt=\"\" width=\"960\" height=\"198\" srcset=\"https:\/\/www.unioviedo.es\/promebi\/wp-content\/uploads\/2019\/10\/ESPANET.jpg 960w, https:\/\/www.unioviedo.es\/promebi\/wp-content\/uploads\/2019\/10\/ESPANET-300x62.jpg 300w, https:\/\/www.unioviedo.es\/promebi\/wp-content\/uploads\/2019\/10\/ESPANET-768x158.jpg 768w\" sizes=\"auto, (max-width: 960px) 100vw, 960px\" \/><\/a><\/p>\n<p>Los miembros del grupo de investigaci\u00f3n PROMEBI, y del proyecto \u00abBienestar Ocupacional en Espa\u00f1a (BIOCES)\u00bb, han participado en el \u00faltimo <a href=\"https:\/\/espanet2019.se\/\">congreso de la European Network for Social Policy Analysis (ESPAnet Europe)<\/a> que tuvo lugar entre el 5 y el 7 de septiembre de 2019 en Estocolmo (Suecia).<\/p>\n<p>Ana M.Guill\u00e9n present\u00f3 la comunicaci\u00f3n \u201cHealthcare in post-crisis South Europe: patterns of inclusion\/exclusi\u00f3n\u201d.<\/p>\n<p>Sigita Doblyt\u0117 y Aroa Tejero presentaron la comunicaci\u00f3n \u201cWelfare attitudes towards work-family reconciliation policies in South European societies: Do cultural values matter?\u201d.<\/p>\n","protected":false},"excerpt":{"rendered":"<p>Los miembros del grupo de investigaci\u00f3n PROMEBI, y del proyecto \u00abBienestar Ocupacional en Espa\u00f1a (BIOCES)\u00bb, han participado en el \u00faltimo congreso de la European Network for Social Policy Analysis (ESPAnet Europe) que tuvo lugar entre el 5 y el 7 de septiembre de 2019 en Estocolmo (Suecia). Ana M.Guill\u00e9n present\u00f3 la comunicaci\u00f3n \u201cHealthcare in post-crisis [&hellip;]<\/p>\n","protected":false},"author":5,"featured_media":2121,"comment_status":"open","ping_status":"open","sticky":false,"template":"","format":"standard","meta":{"_genesis_hide_title":false,"_genesis_hide_breadcrumbs":false,"_genesis_hide_singular_image":false,"_genesis_hide_footer_widgets":false,"_genesis_custom_body_class":"","_genesis_custom_post_class":"","_genesis_layout":"","footnotes":""},"categories":[17,55,37],"tags":[],"class_list":{"0":"post-2120","1":"post","2":"type-post","3":"status-publish","4":"format-standard","5":"has-post-thumbnail","7":"category-congresos","8":"category-destacados","9":"category-noticias","10":"entry","11":"gs-1","12":"gs-odd","13":"gs-even","14":"gs-featured-content-entry"},"_links":{"self":[{"href":"https:\/\/www.unioviedo.es\/promebi\/wp-json\/wp\/v2\/posts\/2120","targetHints":{"allow":["GET"]}}],"collection":[{"href":"https:\/\/www.unioviedo.es\/promebi\/wp-json\/wp\/v2\/posts"}],"about":[{"href":"https:\/\/www.unioviedo.es\/promebi\/wp-json\/wp\/v2\/types\/post"}],"author":[{"embeddable":true,"href":"https:\/\/www.unioviedo.es\/promebi\/wp-json\/wp\/v2\/users\/5"}],"replies":[{"embeddable":true,"href":"https:\/\/www.unioviedo.es\/promebi\/wp-json\/wp\/v2\/comments?post=2120"}],"version-history":[{"count":1,"href":"https:\/\/www.unioviedo.es\/promebi\/wp-json\/wp\/v2\/posts\/2120\/revisions"}],"predecessor-version":[{"id":2123,"href":"https:\/\/www.unioviedo.es\/promebi\/wp-json\/wp\/v2\/posts\/2120\/revisions\/2123"}],"wp:featuredmedia":[{"embeddable":true,"href":"https:\/\/www.unioviedo.es\/promebi\/wp-json\/wp\/v2\/media\/2121"}],"wp:attachment":[{"href":"https:\/\/www.unioviedo.es\/promebi\/wp-json\/wp\/v2\/media?parent=2120"}],"wp:term":[{"taxonomy":"category","embeddable":true,"href":"https:\/\/www.unioviedo.es\/promebi\/wp-json\/wp\/v2\/categories?post=2120"},{"taxonomy":"post_tag","embeddable":true,"href":"https:\/\/www.unioviedo.es\/promebi\/wp-json\/wp\/v2\/tags?post=2120"}],"curies":[{"name":"wp","href":"https:\/\/api.w.org\/{rel}","templated":true}]}}