{"id":2124,"date":"2019-07-10T16:09:14","date_gmt":"2019-07-10T14:09:14","guid":{"rendered":"http:\/\/www.unioviedo.es\/promebi\/?p=2124"},"modified":"2019-10-22T16:15:28","modified_gmt":"2019-10-22T14:15:28","slug":"participacion-promebi-en-el-xiii-congreso-espanol-de-sociologia","status":"publish","type":"post","link":"https:\/\/www.unioviedo.es\/promebi\/participacion-promebi-en-el-xiii-congreso-espanol-de-sociologia\/","title":{"rendered":"Participaci\u00f3n PROMEBI en el XIII Congreso Espa\u00f1ol de Sociolog\u00eda"},"content":{"rendered":"<p><a href=\"http:\/\/www.unioviedo.es\/promebi\/wp-content\/uploads\/2019\/10\/FES-1.png\"><img loading=\"lazy\" decoding=\"async\" class=\"aligncenter size-full wp-image-2126\" src=\"http:\/\/www.unioviedo.es\/promebi\/wp-content\/uploads\/2019\/10\/FES-1.png\" alt=\"\" width=\"959\" height=\"147\" srcset=\"https:\/\/www.unioviedo.es\/promebi\/wp-content\/uploads\/2019\/10\/FES-1.png 959w, https:\/\/www.unioviedo.es\/promebi\/wp-content\/uploads\/2019\/10\/FES-1-300x46.png 300w, https:\/\/www.unioviedo.es\/promebi\/wp-content\/uploads\/2019\/10\/FES-1-768x118.png 768w\" sizes=\"auto, (max-width: 959px) 100vw, 959px\" \/><\/a><\/p>\n<p>Los miembros del grupo de investigaci\u00f3n PROMEBI, y del proyecto \u00abBienestar Ocupacional en Espa\u00f1a (BIOCES)\u00bb, han participado en el \u00faltimo <a href=\"http:\/\/www.congresofes.com\">congreso de la Federaci\u00f3n Espa\u00f1ola de Sociolog\u00eda (FES)<\/a> que tuvo lugar entre los 3 y 7 de julio de 2019 en Valencia (Espa\u00f1a).<\/p>\n<p>Sigita Doblyt\u0117, Rodolfo Guti\u00e9rrez y Gabriel Pruneda presentaron la comunicaci\u00f3n \u201cConciliaci\u00f3n y formaci\u00f3n continua: la protecci\u00f3n ocupacional de nuevos riesgos sociales\u201d.<\/p>\n<p>Rodolfo Guti\u00e9rrez, Ferm\u00edn L\u00f3pez, Vanesa Rodr\u00edguez y Aroa Tejero presentaron la comunicaci\u00f3n \u201cBienestar ocupacional en espa\u00f1a: gasto privado en pensiones y atenci\u00f3n sanitaria\u201d<\/p>\n","protected":false},"excerpt":{"rendered":"<p>Los miembros del grupo de investigaci\u00f3n PROMEBI, y del proyecto \u00abBienestar Ocupacional en Espa\u00f1a (BIOCES)\u00bb, han participado en el \u00faltimo congreso de la Federaci\u00f3n Espa\u00f1ola de Sociolog\u00eda (FES) que tuvo lugar entre los 3 y 7 de julio de 2019 en Valencia (Espa\u00f1a). Sigita Doblyt\u0117, Rodolfo Guti\u00e9rrez y Gabriel Pruneda presentaron la comunicaci\u00f3n \u201cConciliaci\u00f3n y [&hellip;]<\/p>\n","protected":false},"author":5,"featured_media":2125,"comment_status":"open","ping_status":"open","sticky":false,"template":"","format":"standard","meta":{"_genesis_hide_title":false,"_genesis_hide_breadcrumbs":false,"_genesis_hide_singular_image":false,"_genesis_hide_footer_widgets":false,"_genesis_custom_body_class":"","_genesis_custom_post_class":"","_genesis_layout":"","footnotes":""},"categories":[17,55,37],"tags":[],"class_list":{"0":"post-2124","1":"post","2":"type-post","3":"status-publish","4":"format-standard","5":"has-post-thumbnail","7":"category-congresos","8":"category-destacados","9":"category-noticias","10":"entry","11":"gs-1","12":"gs-odd","13":"gs-even","14":"gs-featured-content-entry"},"_links":{"self":[{"href":"https:\/\/www.unioviedo.es\/promebi\/wp-json\/wp\/v2\/posts\/2124","targetHints":{"allow":["GET"]}}],"collection":[{"href":"https:\/\/www.unioviedo.es\/promebi\/wp-json\/wp\/v2\/posts"}],"about":[{"href":"https:\/\/www.unioviedo.es\/promebi\/wp-json\/wp\/v2\/types\/post"}],"author":[{"embeddable":true,"href":"https:\/\/www.unioviedo.es\/promebi\/wp-json\/wp\/v2\/users\/5"}],"replies":[{"embeddable":true,"href":"https:\/\/www.unioviedo.es\/promebi\/wp-json\/wp\/v2\/comments?post=2124"}],"version-history":[{"count":1,"href":"https:\/\/www.unioviedo.es\/promebi\/wp-json\/wp\/v2\/posts\/2124\/revisions"}],"predecessor-version":[{"id":2127,"href":"https:\/\/www.unioviedo.es\/promebi\/wp-json\/wp\/v2\/posts\/2124\/revisions\/2127"}],"wp:featuredmedia":[{"embeddable":true,"href":"https:\/\/www.unioviedo.es\/promebi\/wp-json\/wp\/v2\/media\/2125"}],"wp:attachment":[{"href":"https:\/\/www.unioviedo.es\/promebi\/wp-json\/wp\/v2\/media?parent=2124"}],"wp:term":[{"taxonomy":"category","embeddable":true,"href":"https:\/\/www.unioviedo.es\/promebi\/wp-json\/wp\/v2\/categories?post=2124"},{"taxonomy":"post_tag","embeddable":true,"href":"https:\/\/www.unioviedo.es\/promebi\/wp-json\/wp\/v2\/tags?post=2124"}],"curies":[{"name":"wp","href":"https:\/\/api.w.org\/{rel}","templated":true}]}}