{"id":2346,"date":"2022-08-23T09:49:31","date_gmt":"2022-08-23T07:49:31","guid":{"rendered":"https:\/\/www.unioviedo.es\/promebi\/?p=2346"},"modified":"2022-08-23T09:49:31","modified_gmt":"2022-08-23T07:49:31","slug":"rodolfo-gutierrez-profesor-emerito-de-la-universidad-de-oviedo","status":"publish","type":"post","link":"https:\/\/www.unioviedo.es\/promebi\/rodolfo-gutierrez-profesor-emerito-de-la-universidad-de-oviedo\/","title":{"rendered":"Rodolfo Guti\u00e9rrez Profesor Em\u00e9rito de la Universidad de Oviedo"},"content":{"rendered":"<p>El Consejo de Gobierno de la Universidad de Oviedo aprob\u00f3 el nombramiento del Rodolfo Guti\u00e9rrez (miembro del Grupo de Investigaci\u00f3n PROMEBI) como Profesor Em\u00e9rito. Se reconocen as\u00ed los m\u00e9ritos de su trayectoria investigadora y docente y se mantiene su actividad acad\u00e9mica, que se reconoce de inter\u00e9s para la instituci\u00f3n.<\/p>\n<p><a href=\"https:\/\/www.elcomercio.es\/asturias\/exrector-juan-vazquez-20220730002242-ntvo.html\">Enlace a la noticia.<\/a><\/p>\n","protected":false},"excerpt":{"rendered":"<p>El Consejo de Gobierno de la Universidad de Oviedo aprob\u00f3 el nombramiento del Rodolfo Guti\u00e9rrez (miembro del Grupo de Investigaci\u00f3n PROMEBI) como Profesor Em\u00e9rito. Se reconocen as\u00ed los m\u00e9ritos de su trayectoria investigadora y docente y se mantiene su actividad acad\u00e9mica, que se reconoce de inter\u00e9s para la instituci\u00f3n. Enlace a la noticia.<\/p>\n","protected":false},"author":5,"featured_media":2347,"comment_status":"closed","ping_status":"open","sticky":false,"template":"","format":"standard","meta":{"_genesis_hide_title":false,"_genesis_hide_breadcrumbs":false,"_genesis_hide_singular_image":false,"_genesis_hide_footer_widgets":false,"_genesis_custom_body_class":"","_genesis_custom_post_class":"","_genesis_layout":"","footnotes":""},"categories":[55,37],"tags":[],"class_list":{"0":"post-2346","1":"post","2":"type-post","3":"status-publish","4":"format-standard","5":"has-post-thumbnail","7":"category-destacados","8":"category-noticias","9":"entry","10":"gs-1","11":"gs-odd","12":"gs-even","13":"gs-featured-content-entry"},"_links":{"self":[{"href":"https:\/\/www.unioviedo.es\/promebi\/wp-json\/wp\/v2\/posts\/2346","targetHints":{"allow":["GET"]}}],"collection":[{"href":"https:\/\/www.unioviedo.es\/promebi\/wp-json\/wp\/v2\/posts"}],"about":[{"href":"https:\/\/www.unioviedo.es\/promebi\/wp-json\/wp\/v2\/types\/post"}],"author":[{"embeddable":true,"href":"https:\/\/www.unioviedo.es\/promebi\/wp-json\/wp\/v2\/users\/5"}],"replies":[{"embeddable":true,"href":"https:\/\/www.unioviedo.es\/promebi\/wp-json\/wp\/v2\/comments?post=2346"}],"version-history":[{"count":1,"href":"https:\/\/www.unioviedo.es\/promebi\/wp-json\/wp\/v2\/posts\/2346\/revisions"}],"predecessor-version":[{"id":2348,"href":"https:\/\/www.unioviedo.es\/promebi\/wp-json\/wp\/v2\/posts\/2346\/revisions\/2348"}],"wp:featuredmedia":[{"embeddable":true,"href":"https:\/\/www.unioviedo.es\/promebi\/wp-json\/wp\/v2\/media\/2347"}],"wp:attachment":[{"href":"https:\/\/www.unioviedo.es\/promebi\/wp-json\/wp\/v2\/media?parent=2346"}],"wp:term":[{"taxonomy":"category","embeddable":true,"href":"https:\/\/www.unioviedo.es\/promebi\/wp-json\/wp\/v2\/categories?post=2346"},{"taxonomy":"post_tag","embeddable":true,"href":"https:\/\/www.unioviedo.es\/promebi\/wp-json\/wp\/v2\/tags?post=2346"}],"curies":[{"name":"wp","href":"https:\/\/api.w.org\/{rel}","templated":true}]}}