{"id":2437,"date":"2024-07-15T21:49:03","date_gmt":"2024-07-15T19:49:03","guid":{"rendered":"https:\/\/www.unioviedo.es\/promebi\/?p=2437"},"modified":"2024-07-15T21:49:03","modified_gmt":"2024-07-15T19:49:03","slug":"participacion-de-promebi-en-el-xv-congreso-espanol-de-sociologia","status":"publish","type":"post","link":"https:\/\/www.unioviedo.es\/promebi\/participacion-de-promebi-en-el-xv-congreso-espanol-de-sociologia\/","title":{"rendered":"Participaci\u00f3n de PROMEBI en el XV Congreso Espa\u00f1ol de Sociolog\u00eda"},"content":{"rendered":"<p>Entre el 26 y 29 de junio de 2024 tuvo lugar en Sevilla el <a href=\"https:\/\/congreso2024.fes-sociologia.com\/\">XV Congreso Espa\u00f1ol de Sociolog\u00eda \u00ab#Sociolog\u00eda para la sociedad digital\u00bb<\/a>. Miembros de PROMEBI tuvieron la oportunidad de presentar sus investigaciones en curso en diferentes Comit\u00e9s de Investigaci\u00f3n:<\/p>\n<p>En el marco del proyecto de investigaci\u00f3n PROVILA, liderado por David Luque Balbona, se presentaron las siguientes comunicaciones en el Comit\u00e9 de Investigaci\u00f3n de Sociolog\u00eda del Trabajo y en el Grupo de Trabajo de Pol\u00edtica Social y Trabajo social:<\/p>\n<ul>\n<li>David Luque Balbona, Ana M. Guill\u00e9n y \u00c1ngel Alonso Dom\u00ednguez presentaron su trabajo titulado <a href=\"https:\/\/www.researchgate.net\/publication\/381888637_La_prolongacion_de_la_vida_laboral_como_las_politicas_sociales_dan_forma_a_la_jubilacion_y_a_la_participacion_laboral_de_los_trabajadores_mayores_en_Espana\">\u00abLa prolongaci\u00f3n de la vida laboral: c\u00f3mo las pol\u00edticas sociales dan forma a la jubilaci\u00f3n y a la participaci\u00f3n laboral de los trabajadores mayores en Espa\u00f1a\u00bb<\/a><\/li>\n<li>David Luque Balbona y Vanesa Rodr\u00edguez presentaron su trabajo titulado <a href=\"https:\/\/www.researchgate.net\/publication\/381888650_La_prolongacion_de_la_vida_laboral_un_analisis_de_las_trayectorias_hacia_la_jubilacion_con_la_Muestra_Continua_de_Vidas_Laborales\">\u00abLa prolongaci\u00f3n de la vida laboral: un an\u00e1lisis de las trayectorias hacia la jubilaci\u00f3n con la Muestra Continua de Vidas Laborales\u00bb<\/a>.<\/li>\n<li>Ra\u00fal Pay\u00e1 Castiblanque, David Luque Balbona y Mar\u00eda del Carmen Gonz\u00e1lez Men\u00e9ndez presentaron su trabajo titulado <a href=\"https:\/\/www.researchgate.net\/publication\/381888505_La_prolongacion_de_la_vida_laboral_la_importancia_de_los_factores_organizativos_ante_la_emergencia_de_los_riesgos_psicosociales_1\">\u00abLa prolongaci\u00f3n de la vida laboral: la importancia de los factores organizativos ante la emergencia de los riesgos psicosociales\u00bb<\/a>.<\/li>\n<li>Rodolfo Guti\u00e9rrez, Ferm\u00edn L\u00f3pez Rodr\u00edguez y Aroa Tejero presentaron su trabajo titulado <a href=\"https:\/\/www.researchgate.net\/publication\/382268324_Variantes_y_factores_individuales_en_la_transicion_del_empleo_a_la_jubilacion_una_revision_de_la_literatura\">\u00abVariantes y factores individuales en la transici\u00f3n del empleo a la jubilaci\u00f3n: una revisi\u00f3n de la literatura<\/a>\u00ab<\/li>\n<\/ul>\n<p>Sigita Doblyte tambi\u00e9n present\u00f3 su trabajo titulado \u00abSuicidio: \u00d3rdenes de valor y anticipaci\u00f3n del futuro\u00bb en el Comit\u00e9 de Investigaci\u00f3n de Teor\u00eda Sociol\u00f3gica.<\/p>\n<p>Aroa Tejero, Ferm\u00edn L\u00f3pez Rodr\u00edguez y Rodolfo Guti\u00e9rrez tambi\u00e9n presentaron el trabajo <a href=\"https:\/\/www.researchgate.net\/publication\/382268312_Persistencia_de_pobreza_y_trayectorias_laborales_en_Espana_2017-2021\">\u00abPersistencia de pobreza y trayectorias laborales en Espa\u00f1a (2017-2021)\u00bb<\/a> en el Comit\u00e9 de Investigaci\u00f3n de Desigualdad y Estratificaci\u00f3n Social.<\/p>\n<p>Andrea Moreno present\u00f3 su trabajo \u00abLa externalizaci\u00f3n de los Servicios P\u00fablicos de Empleo. Un an\u00e1lisis comparado de la gobernanza de las pol\u00edticas activas de empleo en Asturias y Catalu\u00f1a\u00bb en el Comit\u00e9 de Investigaci\u00f3n de Sociolog\u00eda del Trabajo.<\/p>\n","protected":false},"excerpt":{"rendered":"<p>Entre el 26 y 29 de junio de 2024 tuvo lugar en Sevilla el XV Congreso Espa\u00f1ol de Sociolog\u00eda \u00ab#Sociolog\u00eda para la sociedad digital\u00bb. Miembros de PROMEBI tuvieron la oportunidad de presentar sus investigaciones en curso en diferentes Comit\u00e9s de Investigaci\u00f3n: En el marco del proyecto de investigaci\u00f3n PROVILA, liderado por David Luque Balbona, se [&hellip;]<\/p>\n","protected":false},"author":5,"featured_media":2438,"comment_status":"closed","ping_status":"open","sticky":false,"template":"","format":"standard","meta":{"_genesis_hide_title":false,"_genesis_hide_breadcrumbs":false,"_genesis_hide_singular_image":false,"_genesis_hide_footer_widgets":false,"_genesis_custom_body_class":"","_genesis_custom_post_class":"","_genesis_layout":"","footnotes":""},"categories":[55,37],"tags":[],"class_list":{"0":"post-2437","1":"post","2":"type-post","3":"status-publish","4":"format-standard","5":"has-post-thumbnail","7":"category-destacados","8":"category-noticias","9":"entry","10":"gs-1","11":"gs-odd","12":"gs-even","13":"gs-featured-content-entry"},"_links":{"self":[{"href":"https:\/\/www.unioviedo.es\/promebi\/wp-json\/wp\/v2\/posts\/2437","targetHints":{"allow":["GET"]}}],"collection":[{"href":"https:\/\/www.unioviedo.es\/promebi\/wp-json\/wp\/v2\/posts"}],"about":[{"href":"https:\/\/www.unioviedo.es\/promebi\/wp-json\/wp\/v2\/types\/post"}],"author":[{"embeddable":true,"href":"https:\/\/www.unioviedo.es\/promebi\/wp-json\/wp\/v2\/users\/5"}],"replies":[{"embeddable":true,"href":"https:\/\/www.unioviedo.es\/promebi\/wp-json\/wp\/v2\/comments?post=2437"}],"version-history":[{"count":1,"href":"https:\/\/www.unioviedo.es\/promebi\/wp-json\/wp\/v2\/posts\/2437\/revisions"}],"predecessor-version":[{"id":2439,"href":"https:\/\/www.unioviedo.es\/promebi\/wp-json\/wp\/v2\/posts\/2437\/revisions\/2439"}],"wp:featuredmedia":[{"embeddable":true,"href":"https:\/\/www.unioviedo.es\/promebi\/wp-json\/wp\/v2\/media\/2438"}],"wp:attachment":[{"href":"https:\/\/www.unioviedo.es\/promebi\/wp-json\/wp\/v2\/media?parent=2437"}],"wp:term":[{"taxonomy":"category","embeddable":true,"href":"https:\/\/www.unioviedo.es\/promebi\/wp-json\/wp\/v2\/categories?post=2437"},{"taxonomy":"post_tag","embeddable":true,"href":"https:\/\/www.unioviedo.es\/promebi\/wp-json\/wp\/v2\/tags?post=2437"}],"curies":[{"name":"wp","href":"https:\/\/api.w.org\/{rel}","templated":true}]}}