{"id":2584,"date":"2025-05-29T14:26:20","date_gmt":"2025-05-29T12:26:20","guid":{"rendered":"https:\/\/www.unioviedo.es\/promebi\/?p=2584"},"modified":"2025-05-29T14:26:20","modified_gmt":"2025-05-29T12:26:20","slug":"seminario-de-divulgacion-de-resultados-del-proyecto-provila-referencia-pid2020-112585ra-i00","status":"publish","type":"post","link":"https:\/\/www.unioviedo.es\/promebi\/seminario-de-divulgacion-de-resultados-del-proyecto-provila-referencia-pid2020-112585ra-i00\/","title":{"rendered":"Seminario de divulgaci\u00f3n de resultados del proyecto PROVILA (referencia: PID2020-112585RA-I00)"},"content":{"rendered":"<p>El pr\u00f3ximo <strong>martes<\/strong>, <strong>3 de junio DE 2025, <\/strong>con inicio a las 9:45, en la <strong>Sala de Juntas de la Facultad de Econom\u00eda y Empresa<\/strong> tendr\u00e1 lugar un <strong>seminario de divulgaci\u00f3n de resultados<\/strong> del proyecto <strong><em>Prolongaci\u00f3n de la Vida Laboral: estrategias, ajustes y efectos<\/em><\/strong> (referencia: PID2020-112585RA-I00). Se adjunta programa.<\/p>\n<p>La din\u00e1mica ser\u00e1 la siguiente. En tres franjas de 45 minutos, se utilizar\u00e1n los primeros 15 para la presentaci\u00f3n de resultados del proyecto y los 30 minutos restantes para la discusi\u00f3n y debate. Entre los asistentes contaremos con representantes de los agentes sociales que han colaborado con el proyecto y del SESPA con los que se ha acordado una colaboraci\u00f3n para dar continuidad al mismo.<\/p>\n<p><strong>PROGRAMA<\/strong><\/p>\n<p><strong><u>9:45-10:00 APERTURA <\/u><\/strong><strong>EL PROYECTO<\/strong> <strong>PROVILA<\/strong><\/p>\n<p><strong>David Luque Balbona<\/strong> (Grupo PROMEBI, Departamento de Sociolog\u00eda de la Universidad de Oviedo)<\/p>\n<p><strong>10:00-10:45 DETERMINANTES INDIVIDUALES DE LA PROLONGACI\u00d3N DE LA VIDA LABORAL<\/strong><\/p>\n<p><strong>Rodolfo Guti\u00e9rrez Palacios<\/strong> (Grupo PROMEBI,<\/p>\n<p>Departamento de Sociolog\u00eda de la Universidad de Oviedo)<\/p>\n<p><strong>10:45-11:30 POR QU\u00c9 SEGUIR TRABAJANDO TRAS LA EDAD DE JUBILACI\u00d3N: EVIDENCIAS EN LA LITERATURA<\/strong><\/p>\n<p><strong>Roberto Giosa<\/strong> (Grupo PROMEBI, Departamento de Sociolog\u00eda de la Universidad de Oviedo)<\/p>\n<p><strong><u>11:30-12:00 DESCANSO<\/u><\/strong><\/p>\n<p><strong>12:00-12:45 RIESGOS PSICOSOCIALES, SALUD MENTAL Y PROLONGACI\u00d3N DE LA VIDA LABORAL<\/strong><\/p>\n<p><strong>David Luque Balbona<\/strong> (Grupo PROMEBI, Departamento de Sociolog\u00eda de la Universidad de Oviedo<strong>)<\/strong><\/p>\n<p><strong><u>12:45 CIERRE <\/u><\/strong><strong>EL PROYECTO PROLONGACI\u00d3N DE LA VIDA LABORAL: PERSPECTIVAS INDIVIDUAL Y ORGANIZATIVA (PROVILA II)<\/strong><\/p>\n<p><strong>David Luque Balbona<\/strong> (Grupo PROMEBI, Departamento de Sociolog\u00eda de la Universidad de Oviedo)<\/p>\n<p><img loading=\"lazy\" decoding=\"async\" class=\"alignnone size-medium wp-image-2587\" src=\"http:\/\/www.unioviedo.es\/promebi\/wp-content\/uploads\/2025\/05\/Sin-titulo-300x67.jpg\" alt=\"\" width=\"300\" height=\"67\" srcset=\"https:\/\/www.unioviedo.es\/promebi\/wp-content\/uploads\/2025\/05\/Sin-titulo-300x67.jpg 300w, https:\/\/www.unioviedo.es\/promebi\/wp-content\/uploads\/2025\/05\/Sin-titulo-1024x227.jpg 1024w, https:\/\/www.unioviedo.es\/promebi\/wp-content\/uploads\/2025\/05\/Sin-titulo-768x170.jpg 768w, https:\/\/www.unioviedo.es\/promebi\/wp-content\/uploads\/2025\/05\/Sin-titulo-1536x341.jpg 1536w, https:\/\/www.unioviedo.es\/promebi\/wp-content\/uploads\/2025\/05\/Sin-titulo.jpg 1816w\" sizes=\"auto, (max-width: 300px) 100vw, 300px\" \/><img loading=\"lazy\" decoding=\"async\" class=\"alignnone size-medium wp-image-2588\" src=\"http:\/\/www.unioviedo.es\/promebi\/wp-content\/uploads\/2025\/05\/Grupine-s2025-300x71.jpg\" alt=\"\" width=\"300\" height=\"71\" srcset=\"https:\/\/www.unioviedo.es\/promebi\/wp-content\/uploads\/2025\/05\/Grupine-s2025-300x71.jpg 300w, https:\/\/www.unioviedo.es\/promebi\/wp-content\/uploads\/2025\/05\/Grupine-s2025.jpg 649w\" sizes=\"auto, (max-width: 300px) 100vw, 300px\" \/><\/p>\n","protected":false},"excerpt":{"rendered":"<p>El pr\u00f3ximo martes, 3 de junio DE 2025, con inicio a las 9:45, en la Sala de Juntas de la Facultad de Econom\u00eda y Empresa tendr\u00e1 lugar un seminario de divulgaci\u00f3n de resultados del proyecto Prolongaci\u00f3n de la Vida Laboral: estrategias, ajustes y efectos (referencia: PID2020-112585RA-I00). Se adjunta programa. La din\u00e1mica ser\u00e1 la siguiente. En [&hellip;]<\/p>\n","protected":false},"author":7,"featured_media":2585,"comment_status":"closed","ping_status":"open","sticky":false,"template":"","format":"standard","meta":{"_genesis_hide_title":false,"_genesis_hide_breadcrumbs":false,"_genesis_hide_singular_image":false,"_genesis_hide_footer_widgets":false,"_genesis_custom_body_class":"","_genesis_custom_post_class":"","_genesis_layout":"","footnotes":""},"categories":[37],"tags":[70,35],"class_list":{"0":"post-2584","1":"post","2":"type-post","3":"status-publish","4":"format-standard","5":"has-post-thumbnail","7":"category-noticias","8":"tag-proyecto-provila","9":"tag-seminario","10":"entry","11":"gs-1","12":"gs-odd","13":"gs-even","14":"gs-featured-content-entry"},"_links":{"self":[{"href":"https:\/\/www.unioviedo.es\/promebi\/wp-json\/wp\/v2\/posts\/2584","targetHints":{"allow":["GET"]}}],"collection":[{"href":"https:\/\/www.unioviedo.es\/promebi\/wp-json\/wp\/v2\/posts"}],"about":[{"href":"https:\/\/www.unioviedo.es\/promebi\/wp-json\/wp\/v2\/types\/post"}],"author":[{"embeddable":true,"href":"https:\/\/www.unioviedo.es\/promebi\/wp-json\/wp\/v2\/users\/7"}],"replies":[{"embeddable":true,"href":"https:\/\/www.unioviedo.es\/promebi\/wp-json\/wp\/v2\/comments?post=2584"}],"version-history":[{"count":2,"href":"https:\/\/www.unioviedo.es\/promebi\/wp-json\/wp\/v2\/posts\/2584\/revisions"}],"predecessor-version":[{"id":2589,"href":"https:\/\/www.unioviedo.es\/promebi\/wp-json\/wp\/v2\/posts\/2584\/revisions\/2589"}],"wp:featuredmedia":[{"embeddable":true,"href":"https:\/\/www.unioviedo.es\/promebi\/wp-json\/wp\/v2\/media\/2585"}],"wp:attachment":[{"href":"https:\/\/www.unioviedo.es\/promebi\/wp-json\/wp\/v2\/media?parent=2584"}],"wp:term":[{"taxonomy":"category","embeddable":true,"href":"https:\/\/www.unioviedo.es\/promebi\/wp-json\/wp\/v2\/categories?post=2584"},{"taxonomy":"post_tag","embeddable":true,"href":"https:\/\/www.unioviedo.es\/promebi\/wp-json\/wp\/v2\/tags?post=2584"}],"curies":[{"name":"wp","href":"https:\/\/api.w.org\/{rel}","templated":true}]}}