{"id":2593,"date":"2025-07-04T09:29:51","date_gmt":"2025-07-04T07:29:51","guid":{"rendered":"https:\/\/www.unioviedo.es\/promebi\/?p=2593"},"modified":"2025-07-04T12:12:58","modified_gmt":"2025-07-04T10:12:58","slug":"comunicaciones-del-proyecto-provila-en-las-jornadas-de-economia-laboral-2025","status":"publish","type":"post","link":"https:\/\/www.unioviedo.es\/promebi\/comunicaciones-del-proyecto-provila-en-las-jornadas-de-economia-laboral-2025\/","title":{"rendered":"Comunicaciones del proyecto PROVILA en las Jornadas de Econom\u00eda Laboral 2025"},"content":{"rendered":"<p>En el marco del las XVII Jornadas de Econom\u00eda Laboral celebradas en Oviedo el 26 y 27 de junio de 2025, se han presentado dos comunicaciones como cierre del proyecto Prolongaci\u00f3n de la Vida Laboral: estrategias, ajustes y efectos (PROVILA) Referencia: PID2020-112585RA-I00, finalizado oficialmente el 30 de junio de 2025.<\/p>\n<ol>\n<li>David Luque Balbona, Vanesa Rodr\u00edguez y Ra\u00fal Pay\u00e1 Castiblanque (JEL 2025) <a href=\"_wp_link_placeholder\" data-wplink-edit=\"true\">La heterogeneidad del colectivo de trabajadores mayores, trayectorias hacia la jubilaci\u00f3n y prolongaci\u00f3n de la vida laboral.<\/a><\/li>\n<li>Rodolfo Guti\u00e9rrez Palacios, Ferm\u00edn L\u00f3pez Rodr\u00edguez y Aroa Tejero (JEL 2025)\u00a0 La prolongaci\u00f3n de la vida laboral en Espa\u00f1a: variantes y determinantes individuales<\/li>\n<\/ol>\n","protected":false},"excerpt":{"rendered":"<p>En el marco del las XVII Jornadas de Econom\u00eda Laboral celebradas en Oviedo el 26 y 27 de junio de 2025, se han presentado dos comunicaciones como cierre del proyecto Prolongaci\u00f3n de la Vida Laboral: estrategias, ajustes y efectos (PROVILA) Referencia: PID2020-112585RA-I00, finalizado oficialmente el 30 de junio de 2025. David Luque Balbona, Vanesa Rodr\u00edguez [&hellip;]<\/p>\n","protected":false},"author":7,"featured_media":2594,"comment_status":"closed","ping_status":"open","sticky":false,"template":"","format":"standard","meta":{"_genesis_hide_title":false,"_genesis_hide_breadcrumbs":false,"_genesis_hide_singular_image":false,"_genesis_hide_footer_widgets":false,"_genesis_custom_body_class":"","_genesis_custom_post_class":"","_genesis_layout":"","footnotes":""},"categories":[17,37],"tags":[70],"class_list":{"0":"post-2593","1":"post","2":"type-post","3":"status-publish","4":"format-standard","5":"has-post-thumbnail","7":"category-congresos","8":"category-noticias","9":"tag-proyecto-provila","10":"entry","11":"gs-1","12":"gs-odd","13":"gs-even","14":"gs-featured-content-entry"},"_links":{"self":[{"href":"https:\/\/www.unioviedo.es\/promebi\/wp-json\/wp\/v2\/posts\/2593","targetHints":{"allow":["GET"]}}],"collection":[{"href":"https:\/\/www.unioviedo.es\/promebi\/wp-json\/wp\/v2\/posts"}],"about":[{"href":"https:\/\/www.unioviedo.es\/promebi\/wp-json\/wp\/v2\/types\/post"}],"author":[{"embeddable":true,"href":"https:\/\/www.unioviedo.es\/promebi\/wp-json\/wp\/v2\/users\/7"}],"replies":[{"embeddable":true,"href":"https:\/\/www.unioviedo.es\/promebi\/wp-json\/wp\/v2\/comments?post=2593"}],"version-history":[{"count":5,"href":"https:\/\/www.unioviedo.es\/promebi\/wp-json\/wp\/v2\/posts\/2593\/revisions"}],"predecessor-version":[{"id":2602,"href":"https:\/\/www.unioviedo.es\/promebi\/wp-json\/wp\/v2\/posts\/2593\/revisions\/2602"}],"wp:featuredmedia":[{"embeddable":true,"href":"https:\/\/www.unioviedo.es\/promebi\/wp-json\/wp\/v2\/media\/2594"}],"wp:attachment":[{"href":"https:\/\/www.unioviedo.es\/promebi\/wp-json\/wp\/v2\/media?parent=2593"}],"wp:term":[{"taxonomy":"category","embeddable":true,"href":"https:\/\/www.unioviedo.es\/promebi\/wp-json\/wp\/v2\/categories?post=2593"},{"taxonomy":"post_tag","embeddable":true,"href":"https:\/\/www.unioviedo.es\/promebi\/wp-json\/wp\/v2\/tags?post=2593"}],"curies":[{"name":"wp","href":"https:\/\/api.w.org\/{rel}","templated":true}]}}