{"id":2616,"date":"2025-09-29T11:56:21","date_gmt":"2025-09-29T09:56:21","guid":{"rendered":"https:\/\/www.unioviedo.es\/promebi\/?p=2616"},"modified":"2025-09-29T11:56:21","modified_gmt":"2025-09-29T09:56:21","slug":"teselas-el-acceso-a-la-salud-mental-y-la-atencion-primaria-gestion-y-estrategias-de-manejo-en-espana-e-italia-27-09-2025","status":"publish","type":"post","link":"https:\/\/www.unioviedo.es\/promebi\/teselas-el-acceso-a-la-salud-mental-y-la-atencion-primaria-gestion-y-estrategias-de-manejo-en-espana-e-italia-27-09-2025\/","title":{"rendered":"Teselas. El acceso a la salud mental y la atenci\u00f3n primaria: gesti\u00f3n y estrategias de manejo en Espa\u00f1a e Italia (27\/09\/2025)"},"content":{"rendered":"<p>Video resumen de la tesis de Roberto Giosa <em>El acceso a la salud mental y la atenci\u00f3n primaria: gesti\u00f3n y estrategias de manejo en Espa\u00f1a e Italia <\/em>en el programa TESELAS de la Televisi\u00f3n del Principado de Asturias<\/p>\n<p>Resumen: Los trastornos mentales constituyen uno de los mayores desaf\u00edos para los sistemas sanitarios, debido a su elevada incidencia, la creciente tasa de suicidios, el envejecimiento poblacional y la medicalizaci\u00f3n de la vida cotidiana. En este contexto, la atenci\u00f3n primaria, como puerta de entrada a los servicios, desempe\u00f1a un papel clave. La presente tesis doctoral estudia c\u00f3mo los m\u00e9dicos de atenci\u00f3n primaria gestionan a los pacientes con problemas de salud mental en Italia y Espa\u00f1a, empleando la Teor\u00eda de la Burocracia a nivel de calle como marco anal\u00edtico. La investigaci\u00f3n se basa en entrevistas en profundidad con m\u00e9dicos, pacientes y coordinadores. Los resultados muestran c\u00f3mo la falta de tiempo y formaci\u00f3n en salud mental favorece la prescripci\u00f3n de f\u00e1rmacos. No obstante, muchos profesionales ejercen un margen de discrecionalidad que les permite adaptar su gesti\u00f3n. De hecho, con pacientes j\u00f3venes los m\u00e9dicos priorizan una labor educativa y preventiva, mientras que con las personas mayores prevalece la prescripci\u00f3n farmacol\u00f3gica. La tesis subraya as\u00ed la importancia de la autonom\u00eda organizativa y cl\u00ednica de los m\u00e9dicos de atenci\u00f3n primaria, destacando adem\u00e1s el rol central de estos profesionales en la puesta en pr\u00e1ctica cotidiana de los objetivos y valores de los sistemas sanitarios.<\/p>\n<p><a href=\"https:\/\/www.rtpa.es\/video:Teselas.-El-acceso-a-la-salud-mental-y-la-atencion-primaria:-gestion-y-estrategias-de-manejo-en-Espa%C3%B1a-e-Italia_551759074217.html\">https:\/\/www.rtpa.es\/video:Teselas.-El-acceso-a-la-salud-mental-y-la-atencion-primaria:-gestion-y-estrategias-de-manejo-en-Espa%C3%B1a-e-Italia_551759074217.html<\/a><\/p>\n","protected":false},"excerpt":{"rendered":"<p>Video resumen de la tesis de Roberto Giosa El acceso a la salud mental y la atenci\u00f3n primaria: gesti\u00f3n y estrategias de manejo en Espa\u00f1a e Italia en el programa TESELAS de la Televisi\u00f3n del Principado de Asturias Resumen: Los trastornos mentales constituyen uno de los mayores desaf\u00edos para los sistemas sanitarios, debido a su [&hellip;]<\/p>\n","protected":false},"author":7,"featured_media":2617,"comment_status":"closed","ping_status":"open","sticky":false,"template":"","format":"standard","meta":{"_genesis_hide_title":false,"_genesis_hide_breadcrumbs":false,"_genesis_hide_singular_image":false,"_genesis_hide_footer_widgets":false,"_genesis_custom_body_class":"","_genesis_custom_post_class":"","_genesis_layout":"","footnotes":""},"categories":[55,37],"tags":[],"class_list":{"0":"post-2616","1":"post","2":"type-post","3":"status-publish","4":"format-standard","5":"has-post-thumbnail","7":"category-destacados","8":"category-noticias","9":"entry","10":"gs-1","11":"gs-odd","12":"gs-even","13":"gs-featured-content-entry"},"_links":{"self":[{"href":"https:\/\/www.unioviedo.es\/promebi\/wp-json\/wp\/v2\/posts\/2616","targetHints":{"allow":["GET"]}}],"collection":[{"href":"https:\/\/www.unioviedo.es\/promebi\/wp-json\/wp\/v2\/posts"}],"about":[{"href":"https:\/\/www.unioviedo.es\/promebi\/wp-json\/wp\/v2\/types\/post"}],"author":[{"embeddable":true,"href":"https:\/\/www.unioviedo.es\/promebi\/wp-json\/wp\/v2\/users\/7"}],"replies":[{"embeddable":true,"href":"https:\/\/www.unioviedo.es\/promebi\/wp-json\/wp\/v2\/comments?post=2616"}],"version-history":[{"count":1,"href":"https:\/\/www.unioviedo.es\/promebi\/wp-json\/wp\/v2\/posts\/2616\/revisions"}],"predecessor-version":[{"id":2618,"href":"https:\/\/www.unioviedo.es\/promebi\/wp-json\/wp\/v2\/posts\/2616\/revisions\/2618"}],"wp:featuredmedia":[{"embeddable":true,"href":"https:\/\/www.unioviedo.es\/promebi\/wp-json\/wp\/v2\/media\/2617"}],"wp:attachment":[{"href":"https:\/\/www.unioviedo.es\/promebi\/wp-json\/wp\/v2\/media?parent=2616"}],"wp:term":[{"taxonomy":"category","embeddable":true,"href":"https:\/\/www.unioviedo.es\/promebi\/wp-json\/wp\/v2\/categories?post=2616"},{"taxonomy":"post_tag","embeddable":true,"href":"https:\/\/www.unioviedo.es\/promebi\/wp-json\/wp\/v2\/tags?post=2616"}],"curies":[{"name":"wp","href":"https:\/\/api.w.org\/{rel}","templated":true}]}}