{"id":2640,"date":"2025-11-14T10:02:28","date_gmt":"2025-11-14T09:02:28","guid":{"rendered":"https:\/\/www.unioviedo.es\/promebi\/?p=2640"},"modified":"2025-11-14T10:12:29","modified_gmt":"2025-11-14T09:12:29","slug":"participacion-en-el-ix-informe-foessa","status":"publish","type":"post","link":"https:\/\/www.unioviedo.es\/promebi\/participacion-en-el-ix-informe-foessa\/","title":{"rendered":"Participaci\u00f3n en el IX Informe FOESSA"},"content":{"rendered":"<p>Varias personas del Grupo PROMEBI (<strong>Rodolfo Guti\u00e9rrez, Ana Guill\u00e9n, David Luque, Aroa Tejero y Ferm\u00edn L\u00f3pez<\/strong>) han participado en los documentos del trabajo en los que se basa el <em><strong>Cap\u00edtulo 4 Las pol\u00edticas sociales en Espa\u00f1a: actores, pol\u00edticas y retos en el marco del Pilar Europeo de Derechos Sociales<\/strong><\/em> del<strong> IX Informe Informe sobre exclusi\u00f3n y desarrollo social en Espa\u00f1a<\/strong> de <strong>FOESSA,<\/strong> coordinado por Clarisa Ramos Feij\u00f3o y Gregorio Rodr\u00edguez Cabrero.<\/p>\n<ul>\n<li><strong>Documento de Trabajo 4.1 <\/strong>Orientaciones y desarrollos de la pol\u00edtica social de la Uni\u00f3n Europea tras la Gran Recesi\u00f3n. David Luque Balbona y Ana Guill\u00e9n.<\/li>\n<li><strong>Documento de trabajo 4.12<\/strong> La esfera mercantil en la protecci\u00f3n social: pensiones y asistencia sanitaria. Rodolfo Guti\u00e9rrez, Ferm\u00edn L\u00f3pez y Aroa Tejero.<\/li>\n<\/ul>\n<p>Enlace al Informe<\/p>\n<p><a href=\"https:\/\/www.foessa.es\/ix-informe\/\">https:\/\/www.foessa.es\/ix-informe\/<\/a><\/p>\n","protected":false},"excerpt":{"rendered":"<p>Varias personas del Grupo PROMEBI (Rodolfo Guti\u00e9rrez, Ana Guill\u00e9n, David Luque, Aroa Tejero y Ferm\u00edn L\u00f3pez) han participado en los documentos del trabajo en los que se basa el Cap\u00edtulo 4 Las pol\u00edticas sociales en Espa\u00f1a: actores, pol\u00edticas y retos en el marco del Pilar Europeo de Derechos Sociales del IX Informe Informe sobre exclusi\u00f3n [&hellip;]<\/p>\n","protected":false},"author":7,"featured_media":2641,"comment_status":"closed","ping_status":"open","sticky":false,"template":"","format":"standard","meta":{"_genesis_hide_title":false,"_genesis_hide_breadcrumbs":false,"_genesis_hide_singular_image":false,"_genesis_hide_footer_widgets":false,"_genesis_custom_body_class":"","_genesis_custom_post_class":"","_genesis_layout":"","footnotes":""},"categories":[55,37],"tags":[],"class_list":{"0":"post-2640","1":"post","2":"type-post","3":"status-publish","4":"format-standard","5":"has-post-thumbnail","7":"category-destacados","8":"category-noticias","9":"entry","10":"gs-1","11":"gs-odd","12":"gs-even","13":"gs-featured-content-entry"},"_links":{"self":[{"href":"https:\/\/www.unioviedo.es\/promebi\/wp-json\/wp\/v2\/posts\/2640","targetHints":{"allow":["GET"]}}],"collection":[{"href":"https:\/\/www.unioviedo.es\/promebi\/wp-json\/wp\/v2\/posts"}],"about":[{"href":"https:\/\/www.unioviedo.es\/promebi\/wp-json\/wp\/v2\/types\/post"}],"author":[{"embeddable":true,"href":"https:\/\/www.unioviedo.es\/promebi\/wp-json\/wp\/v2\/users\/7"}],"replies":[{"embeddable":true,"href":"https:\/\/www.unioviedo.es\/promebi\/wp-json\/wp\/v2\/comments?post=2640"}],"version-history":[{"count":3,"href":"https:\/\/www.unioviedo.es\/promebi\/wp-json\/wp\/v2\/posts\/2640\/revisions"}],"predecessor-version":[{"id":2645,"href":"https:\/\/www.unioviedo.es\/promebi\/wp-json\/wp\/v2\/posts\/2640\/revisions\/2645"}],"wp:featuredmedia":[{"embeddable":true,"href":"https:\/\/www.unioviedo.es\/promebi\/wp-json\/wp\/v2\/media\/2641"}],"wp:attachment":[{"href":"https:\/\/www.unioviedo.es\/promebi\/wp-json\/wp\/v2\/media?parent=2640"}],"wp:term":[{"taxonomy":"category","embeddable":true,"href":"https:\/\/www.unioviedo.es\/promebi\/wp-json\/wp\/v2\/categories?post=2640"},{"taxonomy":"post_tag","embeddable":true,"href":"https:\/\/www.unioviedo.es\/promebi\/wp-json\/wp\/v2\/tags?post=2640"}],"curies":[{"name":"wp","href":"https:\/\/api.w.org\/{rel}","templated":true}]}}