{"id":1069,"date":"2025-11-13T09:16:26","date_gmt":"2025-11-13T08:16:26","guid":{"rendered":"https:\/\/www.unioviedo.es\/publicaciones_grec\/?p=1069"},"modified":"2025-12-15T16:18:19","modified_gmt":"2025-12-15T15:18:19","slug":"participacion-en-la-xxv-semana-de-la-ciencia-y-la-innovacion","status":"publish","type":"post","link":"https:\/\/www.unioviedo.es\/publicaciones_grec\/index.php\/2025\/11\/13\/participacion-en-la-xxv-semana-de-la-ciencia-y-la-innovacion\/","title":{"rendered":"Participaci\u00f3n en la XXV Semana de la Ciencia y la Innovaci\u00f3n"},"content":{"rendered":"\n<p>El jueves 13 de noviembre la Facultad de Filosof\u00eda y Letras acogi\u00f3 en dos sesiones a estudiantes de los institutos IES Marqu\u00e9s de Casariego (Tapia de Casariego), IES P\u00e9rez de Ayala (Oviedo) y el Colegio Santa Mar\u00eda del Naranco (Oviedo) con motivo de la celebraci\u00f3n de la <strong>XXV Semana de la Ciencia y la Innovaci\u00f3n de la Universidad de Oviedo.<\/strong><\/p>\n\n\n<div class=\"wp-block-image\">\n<figure class=\"aligncenter size-full\"><img loading=\"lazy\" decoding=\"async\" width=\"337\" height=\"523\" src=\"https:\/\/www.unioviedo.es\/publicaciones_grec\/wp-content\/uploads\/2025\/11\/image_gallery.jpg\" alt=\"\" class=\"wp-image-1070\" srcset=\"https:\/\/www.unioviedo.es\/publicaciones_grec\/wp-content\/uploads\/2025\/11\/image_gallery.jpg 337w, https:\/\/www.unioviedo.es\/publicaciones_grec\/wp-content\/uploads\/2025\/11\/image_gallery-193x300.jpg 193w\" sizes=\"auto, (max-width: 337px) 100vw, 337px\" \/><\/figure>\n<\/div>\n\n\n<p>La profesora <strong>Mar\u00eda Fern\u00e1ndez Ferreiro<\/strong> junto con la doctoranda del GREC <strong>Patricia Su\u00e1rez \u00c1lvarez<\/strong> impartieron el taller \u00ab<em>Quijote <\/em>se escribe con t (de teatro)\u00bb. Como en ediciones pasadas, se trat\u00f3 de una charla participativa sobre la importancia del <em>Quijote <\/em>en nuestra cultura a partir de sus adaptaciones teatrales.<\/p>\n\n\n\n<figure class=\"wp-block-gallery has-nested-images columns-default is-cropped wp-block-gallery-1 is-layout-flex wp-block-gallery-is-layout-flex\">\n<figure class=\"wp-block-image size-large\"><img loading=\"lazy\" decoding=\"async\" width=\"1024\" height=\"768\" data-id=\"1071\" src=\"https:\/\/www.unioviedo.es\/publicaciones_grec\/wp-content\/uploads\/2025\/11\/WhatsApp-Image-2025-11-18-at-17.01.59-1024x768.jpeg\" alt=\"\" class=\"wp-image-1071\" srcset=\"https:\/\/www.unioviedo.es\/publicaciones_grec\/wp-content\/uploads\/2025\/11\/WhatsApp-Image-2025-11-18-at-17.01.59-1024x768.jpeg 1024w, https:\/\/www.unioviedo.es\/publicaciones_grec\/wp-content\/uploads\/2025\/11\/WhatsApp-Image-2025-11-18-at-17.01.59-300x225.jpeg 300w, https:\/\/www.unioviedo.es\/publicaciones_grec\/wp-content\/uploads\/2025\/11\/WhatsApp-Image-2025-11-18-at-17.01.59-768x576.jpeg 768w, https:\/\/www.unioviedo.es\/publicaciones_grec\/wp-content\/uploads\/2025\/11\/WhatsApp-Image-2025-11-18-at-17.01.59-1536x1152.jpeg 1536w, https:\/\/www.unioviedo.es\/publicaciones_grec\/wp-content\/uploads\/2025\/11\/WhatsApp-Image-2025-11-18-at-17.01.59.jpeg 1600w\" sizes=\"auto, (max-width: 706px) 89vw, (max-width: 767px) 82vw, 740px\" \/><\/figure>\n<\/figure>\n\n\n\n<figure class=\"wp-block-gallery has-nested-images columns-default is-cropped wp-block-gallery-2 is-layout-flex wp-block-gallery-is-layout-flex\">\n<figure class=\"wp-block-image size-large\"><img loading=\"lazy\" decoding=\"async\" width=\"1024\" height=\"684\" data-id=\"1087\" src=\"https:\/\/www.unioviedo.es\/publicaciones_grec\/wp-content\/uploads\/2025\/11\/IMG_0887-1024x684.jpg\" alt=\"\" class=\"wp-image-1087\" srcset=\"https:\/\/www.unioviedo.es\/publicaciones_grec\/wp-content\/uploads\/2025\/11\/IMG_0887-1024x684.jpg 1024w, https:\/\/www.unioviedo.es\/publicaciones_grec\/wp-content\/uploads\/2025\/11\/IMG_0887-300x200.jpg 300w, https:\/\/www.unioviedo.es\/publicaciones_grec\/wp-content\/uploads\/2025\/11\/IMG_0887-768x513.jpg 768w, https:\/\/www.unioviedo.es\/publicaciones_grec\/wp-content\/uploads\/2025\/11\/IMG_0887.jpg 1030w\" sizes=\"auto, (max-width: 706px) 89vw, (max-width: 767px) 82vw, 740px\" \/><\/figure>\n<\/figure>\n\n\n\n<figure class=\"wp-block-image size-large\"><img loading=\"lazy\" decoding=\"async\" width=\"1024\" height=\"675\" src=\"https:\/\/www.unioviedo.es\/publicaciones_grec\/wp-content\/uploads\/2025\/11\/WhatsApp-Image-2025-11-18-at-17.01.59-1-1024x675.jpeg\" alt=\"\" class=\"wp-image-1074\" srcset=\"https:\/\/www.unioviedo.es\/publicaciones_grec\/wp-content\/uploads\/2025\/11\/WhatsApp-Image-2025-11-18-at-17.01.59-1-1024x675.jpeg 1024w, https:\/\/www.unioviedo.es\/publicaciones_grec\/wp-content\/uploads\/2025\/11\/WhatsApp-Image-2025-11-18-at-17.01.59-1-300x198.jpeg 300w, https:\/\/www.unioviedo.es\/publicaciones_grec\/wp-content\/uploads\/2025\/11\/WhatsApp-Image-2025-11-18-at-17.01.59-1-768x506.jpeg 768w, https:\/\/www.unioviedo.es\/publicaciones_grec\/wp-content\/uploads\/2025\/11\/WhatsApp-Image-2025-11-18-at-17.01.59-1.jpeg 1179w\" sizes=\"auto, (max-width: 706px) 89vw, (max-width: 767px) 82vw, 740px\" \/><\/figure>\n","protected":false},"excerpt":{"rendered":"<p>El jueves 13 de noviembre la Facultad de Filosof\u00eda y Letras acogi\u00f3 en dos sesiones a estudiantes de los institutos IES Marqu\u00e9s de Casariego (Tapia de Casariego), IES P\u00e9rez de Ayala (Oviedo) y el Colegio Santa Mar\u00eda del Naranco (Oviedo) con motivo de la celebraci\u00f3n de la XXV Semana de la Ciencia y la Innovaci\u00f3n &hellip; <\/p>\n<p class=\"link-more\"><a href=\"https:\/\/www.unioviedo.es\/publicaciones_grec\/index.php\/2025\/11\/13\/participacion-en-la-xxv-semana-de-la-ciencia-y-la-innovacion\/\" class=\"more-link\">Continuar leyendo<span class=\"screen-reader-text\"> \u00abParticipaci\u00f3n en la XXV Semana de la Ciencia y la Innovaci\u00f3n\u00bb<\/span><\/a><\/p>\n","protected":false},"author":4,"featured_media":0,"comment_status":"closed","ping_status":"closed","sticky":false,"template":"","format":"standard","meta":{"footnotes":""},"categories":[1],"tags":[24,4,23],"class_list":["post-1069","post","type-post","status-publish","format-standard","hentry","category-sin-categoria","tag-divulgacion","tag-quijote","tag-semana-de-la-ciencia"],"_links":{"self":[{"href":"https:\/\/www.unioviedo.es\/publicaciones_grec\/index.php\/wp-json\/wp\/v2\/posts\/1069","targetHints":{"allow":["GET"]}}],"collection":[{"href":"https:\/\/www.unioviedo.es\/publicaciones_grec\/index.php\/wp-json\/wp\/v2\/posts"}],"about":[{"href":"https:\/\/www.unioviedo.es\/publicaciones_grec\/index.php\/wp-json\/wp\/v2\/types\/post"}],"author":[{"embeddable":true,"href":"https:\/\/www.unioviedo.es\/publicaciones_grec\/index.php\/wp-json\/wp\/v2\/users\/4"}],"replies":[{"embeddable":true,"href":"https:\/\/www.unioviedo.es\/publicaciones_grec\/index.php\/wp-json\/wp\/v2\/comments?post=1069"}],"version-history":[{"count":4,"href":"https:\/\/www.unioviedo.es\/publicaciones_grec\/index.php\/wp-json\/wp\/v2\/posts\/1069\/revisions"}],"predecessor-version":[{"id":1088,"href":"https:\/\/www.unioviedo.es\/publicaciones_grec\/index.php\/wp-json\/wp\/v2\/posts\/1069\/revisions\/1088"}],"wp:attachment":[{"href":"https:\/\/www.unioviedo.es\/publicaciones_grec\/index.php\/wp-json\/wp\/v2\/media?parent=1069"}],"wp:term":[{"taxonomy":"category","embeddable":true,"href":"https:\/\/www.unioviedo.es\/publicaciones_grec\/index.php\/wp-json\/wp\/v2\/categories?post=1069"},{"taxonomy":"post_tag","embeddable":true,"href":"https:\/\/www.unioviedo.es\/publicaciones_grec\/index.php\/wp-json\/wp\/v2\/tags?post=1069"}],"curies":[{"name":"wp","href":"https:\/\/api.w.org\/{rel}","templated":true}]}}