{"id":212,"date":"2021-05-20T18:43:34","date_gmt":"2021-05-20T16:43:34","guid":{"rendered":"https:\/\/www.unioviedo.es\/publicaciones_grec\/?p=212"},"modified":"2025-07-24T10:47:26","modified_gmt":"2025-07-24T08:47:26","slug":"participacion-del-grec-en-el-1er-foro-idc-de-encuentros-de-innovacion-en-artes-y-humanidades","status":"publish","type":"post","link":"https:\/\/www.unioviedo.es\/publicaciones_grec\/index.php\/2021\/05\/20\/participacion-del-grec-en-el-1er-foro-idc-de-encuentros-de-innovacion-en-artes-y-humanidades\/","title":{"rendered":"Participaci\u00f3n del GREC en el 1er Foro I+D+C de Encuentros de Innovaci\u00f3n en Artes y Humanidades"},"content":{"rendered":"\n<p>El pasado 20 de mayo, el C\u00edrculo de Bellas Artes de Madrid (<a href=\"https:\/\/www.circulobellasartes.com\/\">https:\/\/www.circulobellasartes.com\/<\/a>) acogi\u00f3 el primer Foro I+D+C de Encuentros de Innovaci\u00f3n en Artes y Humanidades. <\/p>\n\n\n\n<p>El Grupo de Estudios Cervantinos fue invitado a participar en la mesa \u00abOportunidades para las universidades en Europa Creativa y el nuevo programa europeo Ciudadan\u00eda, Igualdad, Derechos y Valores\u00bb para hablar de su experiencia con el proyecto <a href=\"http:\/\/qtheatre.org\/es\/\" target=\"_blank\" rel=\"noreferrer noopener\">Q.Theatre \u2013 Recreaciones teatrales del <em>Quijote<\/em> en Europa<\/a>, que coordin\u00f3 desde la Universidad de Oviedo entre 2017 y 2019, cofinanciado por el programa Europa Creativa de la Uni\u00f3n Europea.<\/p>\n\n\n\n<p>El coordinador del proyecto e investigador principal del grupo, el profesor Emilio Mart\u00ednez Mata, present\u00f3 los objetivos, actividades y resultados del trabajo llevado a cabo durante estos dos a\u00f1os, centrados en el estudio de la presencia de la novela de Cervantes en el teatro en toda Europa y la promoci\u00f3n de nuevos acercamientos a la obra desde la escena. Destac\u00f3 especialmente las actividades acad\u00e9micas, seminarios, publicaciones cient\u00edficas o la creaci\u00f3n de la <a href=\"https:\/\/bd.qtheatre.org\/es\" target=\"_blank\" rel=\"noreferrer noopener\">base de datos en l\u00ednea Q.Theatre<\/a>, as\u00ed como la parte m\u00e1s divulgativa del proyecto, con la representaci\u00f3n de diez obras teatrales en distintos pa\u00edses, promovida desde el proyecto.<\/p>\n\n\n\n<p>La profesora Mar\u00eda Fern\u00e1ndez Ferreiro, gestora del proyecto, ofreci\u00f3 algunas reflexiones a partir de la experiencia del grupo en relaci\u00f3n con el proyecto y su relaci\u00f3n con el equipo europeo, muy \u00fatiles para los interesados en solicitar nuevas ayudas.<\/p>\n\n\n\n<p>En el siguiente enlace, a partir del <strong>minuto 20:28<\/strong>, pod\u00e9is ver su intervenci\u00f3n: <a href=\"https:\/\/www.youtube.com\/watch?v=lGu_OXKDr1M\">https:\/\/www.youtube.com\/watch?v=lGu_OXKDr1M<\/a><\/p>\n\n\n\n<p><\/p>\n\n\n\n<div class=\"wp-block-image\"><figure class=\"aligncenter size-large is-resized\"><img loading=\"lazy\" decoding=\"async\" src=\"https:\/\/www.unioviedo.es\/publicaciones_grec\/wp-content\/uploads\/2021\/06\/foro-Horizonte-Europa-2021.png\" alt=\"\" class=\"wp-image-213\" width=\"648\" height=\"364\"\/><figcaption><a rel=\"noreferrer noopener\" href=\"https:\/\/www.circulobellasartes.com\/mediateca\/foro-idc-oportunidades-para-universidades-en-europa-creativa-y-nuevo-programa-europeo-ciudadania\/\" target=\"_blank\"><strong>https:\/\/www.circulobellasartes.com\/mediateca\/foro-idc-oportunidades-para-universidades-en-europa-creativa-y-nuevo-programa-europeo-ciudadania\/<\/strong><\/a><\/figcaption><\/figure><\/div>\n\n\n\n<p><\/p>\n","protected":false},"excerpt":{"rendered":"<p>El pasado 20 de mayo, el C\u00edrculo de Bellas Artes de Madrid (https:\/\/www.circulobellasartes.com\/) acogi\u00f3 el primer Foro I+D+C de Encuentros de Innovaci\u00f3n en Artes y Humanidades. El Grupo de Estudios Cervantinos fue invitado a participar en la mesa \u00abOportunidades para las universidades en Europa Creativa y el nuevo programa europeo Ciudadan\u00eda, Igualdad, Derechos y Valores\u00bb &hellip; <\/p>\n<p class=\"link-more\"><a href=\"https:\/\/www.unioviedo.es\/publicaciones_grec\/index.php\/2021\/05\/20\/participacion-del-grec-en-el-1er-foro-idc-de-encuentros-de-innovacion-en-artes-y-humanidades\/\" class=\"more-link\">Continuar leyendo<span class=\"screen-reader-text\"> \u00abParticipaci\u00f3n del GREC en el 1er Foro I+D+C de Encuentros de Innovaci\u00f3n en Artes y Humanidades\u00bb<\/span><\/a><\/p>\n","protected":false},"author":1,"featured_media":0,"comment_status":"closed","ping_status":"closed","sticky":false,"template":"","format":"standard","meta":{"footnotes":""},"categories":[1],"tags":[14,12,6,13,4,11],"class_list":["post-212","post","type-post","status-publish","format-standard","hentry","category-sin-categoria","tag-circulo-de-bellas-artes","tag-europa-creativa","tag-miguel-de-cervantes","tag-q-theatre","tag-quijote","tag-teatro"],"_links":{"self":[{"href":"https:\/\/www.unioviedo.es\/publicaciones_grec\/index.php\/wp-json\/wp\/v2\/posts\/212","targetHints":{"allow":["GET"]}}],"collection":[{"href":"https:\/\/www.unioviedo.es\/publicaciones_grec\/index.php\/wp-json\/wp\/v2\/posts"}],"about":[{"href":"https:\/\/www.unioviedo.es\/publicaciones_grec\/index.php\/wp-json\/wp\/v2\/types\/post"}],"author":[{"embeddable":true,"href":"https:\/\/www.unioviedo.es\/publicaciones_grec\/index.php\/wp-json\/wp\/v2\/users\/1"}],"replies":[{"embeddable":true,"href":"https:\/\/www.unioviedo.es\/publicaciones_grec\/index.php\/wp-json\/wp\/v2\/comments?post=212"}],"version-history":[{"count":3,"href":"https:\/\/www.unioviedo.es\/publicaciones_grec\/index.php\/wp-json\/wp\/v2\/posts\/212\/revisions"}],"predecessor-version":[{"id":216,"href":"https:\/\/www.unioviedo.es\/publicaciones_grec\/index.php\/wp-json\/wp\/v2\/posts\/212\/revisions\/216"}],"wp:attachment":[{"href":"https:\/\/www.unioviedo.es\/publicaciones_grec\/index.php\/wp-json\/wp\/v2\/media?parent=212"}],"wp:term":[{"taxonomy":"category","embeddable":true,"href":"https:\/\/www.unioviedo.es\/publicaciones_grec\/index.php\/wp-json\/wp\/v2\/categories?post=212"},{"taxonomy":"post_tag","embeddable":true,"href":"https:\/\/www.unioviedo.es\/publicaciones_grec\/index.php\/wp-json\/wp\/v2\/tags?post=212"}],"curies":[{"name":"wp","href":"https:\/\/api.w.org\/{rel}","templated":true}]}}