{"id":393,"date":"2022-01-19T19:52:00","date_gmt":"2022-01-19T18:52:00","guid":{"rendered":"https:\/\/www.unioviedo.es\/publicaciones_grec\/?p=393"},"modified":"2025-07-24T10:47:06","modified_gmt":"2025-07-24T08:47:06","slug":"presentacion-a-los-medios-de-la-coleccion-el-quijote-y-sus-interpretaciones","status":"publish","type":"post","link":"https:\/\/www.unioviedo.es\/publicaciones_grec\/index.php\/2022\/01\/19\/presentacion-a-los-medios-de-la-coleccion-el-quijote-y-sus-interpretaciones\/","title":{"rendered":"Presentaci\u00f3n a los medios de la colecci\u00f3n \u00abEl &#8216;Quijote&#8217; y sus interpretaciones\u00bb"},"content":{"rendered":"\n<div class=\"wp-block-image\"><figure class=\"alignright size-medium\"><img loading=\"lazy\" decoding=\"async\" width=\"300\" height=\"225\" src=\"https:\/\/www.unioviedo.es\/publicaciones_grec\/wp-content\/uploads\/2022\/02\/Presentacion-El-Quijote-y-sus-interpretaciones-300x225.png\" alt=\"\" class=\"wp-image-395\" srcset=\"https:\/\/www.unioviedo.es\/publicaciones_grec\/wp-content\/uploads\/2022\/02\/Presentacion-El-Quijote-y-sus-interpretaciones-300x225.png 300w, https:\/\/www.unioviedo.es\/publicaciones_grec\/wp-content\/uploads\/2022\/02\/Presentacion-El-Quijote-y-sus-interpretaciones-768x576.png 768w, https:\/\/www.unioviedo.es\/publicaciones_grec\/wp-content\/uploads\/2022\/02\/Presentacion-El-Quijote-y-sus-interpretaciones.png 1024w\" sizes=\"auto, (max-width: 300px) 100vw, 300px\" \/><\/figure><\/div>\n\n\n<p>La colecci\u00f3n editorial fue presentada el mi\u00e9rcoles 19 de enero en la sala de prensa de la Universidad de Oviedo. Cont\u00f3 con la participaci\u00f3n (v\u00eda videoconferencia) de <strong>Aaron M. Kahn<\/strong>, autor de uno de los t\u00edtulos publicados, <strong>Mar\u00eda Fern\u00e1ndez Ferreiro<\/strong>, codirectora de la colecci\u00f3n, <strong>Emilio Mart\u00ednez Mata<\/strong>, codirector de la colecci\u00f3n e investigador principal del GREC, y el rector de la Universidad de Oviedo, <strong>Ignacio Villaverde<\/strong>.<\/p>\n<p>La repercusi\u00f3n en medios fue notable; algunas de las noticias publicadas fueron las siguientes:<\/p>\n<p><u>19\/01\/2022<\/u><\/p>\n<p><strong>Europa Press<\/strong>: <a href=\"https:\/\/www.europapress.es\/asturias\/noticia-universidad-oviedo-recupera-recreaciones-ineditas-quijotecoleccion-26-libros-20220119124642.html\">\u00abLa Universidad de Oviedo recupera recreaciones in\u00e9ditas del <em>Quijote<\/em> en una colecci\u00f3n de 26 libros\u00bb<\/a>.<\/p>\n<p><strong>Efe<\/strong>: <a href=\"https:\/\/www.efe.com\/efe\/espana\/cultura\/una-coleccion-de-26-libros-recupera-recreaciones-ineditas-delquijote\/10005-472078619\/01\/2022\">\u00abUna colecci\u00f3n de 26 libros recupera recreaciones in\u00e9ditas del <em>Quijote<\/em>\u00bb<\/a>.\u00a0<\/p>\n<p><strong>Cope<\/strong>: <a href=\"https:\/\/www.cope.es\/actualidad\/cultura\/noticias\/una-coleccion-libros-recupera-recreaciones-ineditas-delquijote-20220119_1736313\">\u00abUna colecci\u00f3n de 26 libros recupera recreaciones in\u00e9ditas del <em>Quijote<\/em>. Un grupo de investigadores de la Universidad de Oviedo ha recuperado recreaciones in\u00e9ditas del <em>Quijote<\/em> de la Mancha que ver\u00e1n la luz en un proyecto editorial de veintis\u00e9is libros, dos de ellos ya publicados\u00bb<\/a>.<\/p>\n<p><em><strong>Panorama Regional<\/strong> <\/em>(RTVE): <a href=\"https:\/\/www.rtve.es\/play\/videos\/panorama-regional-asturias\/19-01-2022\/6302334\/\" target=\"_blank\" rel=\"noopener noreferrer\">minuto 11:19<\/a>.<\/p>\n<p><u>20\/01\/2022<\/u><\/p>\n<p><strong><em>La Nueva Espa\u00f1a<\/em><\/strong>: <a href=\"https:\/\/www.lne.es\/sociedad\/2022\/01\/20\/nueva-serie-veintiseis-libros-gratuitos-61753312.html\" target=\"_blank\" rel=\"noopener noreferrer\">\u00abNueva serie de veintis\u00e9is libros gratuitos con adaptaciones del <em>Quijote<\/em>\u00bb<\/a>.<\/p>\n<p><strong><em>El Comercio<\/em><\/strong>: <a href=\"https:\/\/www.elcomercio.es\/culturas\/quijote-perspectiva-me-too-20220120220541-nt.html\" target=\"_blank\" rel=\"noopener noreferrer\">\u00abEl <em>Quijote<\/em>, desde la perspectiva del Me Too. La Universidad recupera recreaciones in\u00e9ditas de la obra de Cervantes en una colecci\u00f3n de 26 libros editados por Luna de Abajo\u00bb<\/a>.<\/p>\n<p><u>24\/01\/2022<\/u><\/p>\n<p><strong>RTPA, <em>El Tren<\/em><\/strong>: <a href=\"https:\/\/www.rtpa.es\/audio:El%20tren%20de%20RPA_1643030571.html\" target=\"_blank\" rel=\"noopener noreferrer\">Entrevista con el investigador principal, Emilio Mart\u00ednez Mata<\/a> (minuto -27:30)<\/p>\n\n\n<div class=\"wp-block-image\"><figure class=\"alignleft size-medium is-resized\"><a href=\"https:\/\/twitter.com\/ondacerogijon\/status\/1483813245546860553\" target=\"_blank\" rel=\"noopener noreferrer\"><img loading=\"lazy\" decoding=\"async\" src=\"https:\/\/www.unioviedo.es\/publicaciones_grec\/wp-content\/uploads\/2022\/02\/TW-Onda-Cero-Gijon-281x300.jpg\" alt=\"\" class=\"wp-image-397\" width=\"285\" height=\"304\" srcset=\"https:\/\/www.unioviedo.es\/publicaciones_grec\/wp-content\/uploads\/2022\/02\/TW-Onda-Cero-Gijon-281x300.jpg 281w, https:\/\/www.unioviedo.es\/publicaciones_grec\/wp-content\/uploads\/2022\/02\/TW-Onda-Cero-Gijon.jpg 534w\" sizes=\"auto, (max-width: 285px) 100vw, 285px\" \/><\/a><\/figure><\/div>\n\n\n\n<div class=\"wp-block-image\"><figure class=\"alignleft size-medium is-resized\"><a href=\"https:\/\/twitter.com\/uniovi_info\/status\/1483790148114558980\" target=\"_blank\" rel=\"noopener noreferrer\"><img loading=\"lazy\" decoding=\"async\" src=\"https:\/\/www.unioviedo.es\/publicaciones_grec\/wp-content\/uploads\/2022\/02\/TW-Universidad-de-Oviedo-300x293.jpg\" alt=\"\" class=\"wp-image-398\" width=\"311\" height=\"304\" srcset=\"https:\/\/www.unioviedo.es\/publicaciones_grec\/wp-content\/uploads\/2022\/02\/TW-Universidad-de-Oviedo-300x293.jpg 300w, https:\/\/www.unioviedo.es\/publicaciones_grec\/wp-content\/uploads\/2022\/02\/TW-Universidad-de-Oviedo.jpg 532w\" sizes=\"auto, (max-width: 311px) 100vw, 311px\" \/><\/a><\/figure><\/div>\n","protected":false},"excerpt":{"rendered":"<p>La colecci\u00f3n editorial fue presentada el mi\u00e9rcoles 19 de enero en la sala de prensa de la Universidad de Oviedo. Cont\u00f3 con la participaci\u00f3n (v\u00eda videoconferencia) de Aaron M. Kahn, autor de uno de los t\u00edtulos publicados, Mar\u00eda Fern\u00e1ndez Ferreiro, codirectora de la colecci\u00f3n, Emilio Mart\u00ednez Mata, codirector de la colecci\u00f3n e investigador principal del &hellip; <\/p>\n<p class=\"link-more\"><a href=\"https:\/\/www.unioviedo.es\/publicaciones_grec\/index.php\/2022\/01\/19\/presentacion-a-los-medios-de-la-coleccion-el-quijote-y-sus-interpretaciones\/\" class=\"more-link\">Continuar leyendo<span class=\"screen-reader-text\"> \u00abPresentaci\u00f3n a los medios de la colecci\u00f3n \u00abEl &#8216;Quijote&#8217; y sus interpretaciones\u00bb\u00bb<\/span><\/a><\/p>\n","protected":false},"author":1,"featured_media":0,"comment_status":"closed","ping_status":"closed","sticky":false,"template":"","format":"standard","meta":{"footnotes":""},"categories":[1],"tags":[15,17,19,9,21,20,16],"class_list":["post-393","post","type-post","status-publish","format-standard","hentry","category-sin-categoria","tag-aaron-m-kahn","tag-acto","tag-coleccion-editorial","tag-grec","tag-prensa","tag-presentacion-a-medios","tag-rector"],"_links":{"self":[{"href":"https:\/\/www.unioviedo.es\/publicaciones_grec\/index.php\/wp-json\/wp\/v2\/posts\/393","targetHints":{"allow":["GET"]}}],"collection":[{"href":"https:\/\/www.unioviedo.es\/publicaciones_grec\/index.php\/wp-json\/wp\/v2\/posts"}],"about":[{"href":"https:\/\/www.unioviedo.es\/publicaciones_grec\/index.php\/wp-json\/wp\/v2\/types\/post"}],"author":[{"embeddable":true,"href":"https:\/\/www.unioviedo.es\/publicaciones_grec\/index.php\/wp-json\/wp\/v2\/users\/1"}],"replies":[{"embeddable":true,"href":"https:\/\/www.unioviedo.es\/publicaciones_grec\/index.php\/wp-json\/wp\/v2\/comments?post=393"}],"version-history":[{"count":8,"href":"https:\/\/www.unioviedo.es\/publicaciones_grec\/index.php\/wp-json\/wp\/v2\/posts\/393\/revisions"}],"predecessor-version":[{"id":404,"href":"https:\/\/www.unioviedo.es\/publicaciones_grec\/index.php\/wp-json\/wp\/v2\/posts\/393\/revisions\/404"}],"wp:attachment":[{"href":"https:\/\/www.unioviedo.es\/publicaciones_grec\/index.php\/wp-json\/wp\/v2\/media?parent=393"}],"wp:term":[{"taxonomy":"category","embeddable":true,"href":"https:\/\/www.unioviedo.es\/publicaciones_grec\/index.php\/wp-json\/wp\/v2\/categories?post=393"},{"taxonomy":"post_tag","embeddable":true,"href":"https:\/\/www.unioviedo.es\/publicaciones_grec\/index.php\/wp-json\/wp\/v2\/tags?post=393"}],"curies":[{"name":"wp","href":"https:\/\/api.w.org\/{rel}","templated":true}]}}