{"id":452,"date":"2023-04-23T12:20:44","date_gmt":"2023-04-23T10:20:44","guid":{"rendered":"https:\/\/www.unioviedo.es\/publicaciones_grec\/?p=452"},"modified":"2024-11-21T12:32:07","modified_gmt":"2024-11-21T11:32:07","slug":"actos-por-el-dia-del-libro-en-el-museo-de-bellas-artes","status":"publish","type":"post","link":"https:\/\/www.unioviedo.es\/publicaciones_grec\/index.php\/2023\/04\/23\/actos-por-el-dia-del-libro-en-el-museo-de-bellas-artes\/","title":{"rendered":"Actos por el D\u00eda del Libro en el Museo de Bellas Artes"},"content":{"rendered":"\n<p>El domingo 23 de abril, con motivo de la celebraci\u00f3n del D\u00eda del Libro,  <strong>Mar\u00eda Fern\u00e1ndez Ferreiro<\/strong> imparti\u00f3 en el <strong>Museo de Bellas Artes de Asturias<\/strong> la conferencia \u00abCervantes y el&nbsp;<em>Quijote<\/em>&nbsp;en las artes\u00bb. Tras repasar algunos hitos biogr\u00e1ficos del escritor alcala\u00edno, la profesora de la Universidad de Oviedo y miembro del GREC explic\u00f3 las claves y avatares de la producci\u00f3n dram\u00e1tica cervantina, as\u00ed como las principales etapas de su recepci\u00f3n y las numerosas adaptaciones derivadas de la misma, haciendo especial hincapi\u00e9 en las representaciones teatrales  suscitadas por el <em>Quijote<\/em>.<\/p>\n\n\n\n<div class=\"wp-block-image\"><figure class=\"alignleft size-large is-resized\"><a href=\"https:\/\/www.unioviedo.es\/publicaciones_grec\/wp-content\/uploads\/2023\/05\/Noticia-en-LNE-en-papel-24-04-23-1.pdf\" target=\"_blank\" rel=\"noopener noreferrer\"><img loading=\"lazy\" decoding=\"async\" src=\"https:\/\/www.unioviedo.es\/publicaciones_grec\/wp-content\/uploads\/2023\/05\/DialibroMaria.png\" alt=\"\" class=\"wp-image-457\" width=\"236\" height=\"306\" srcset=\"https:\/\/www.unioviedo.es\/publicaciones_grec\/wp-content\/uploads\/2023\/05\/DialibroMaria.png 443w, https:\/\/www.unioviedo.es\/publicaciones_grec\/wp-content\/uploads\/2023\/05\/DialibroMaria-232x300.png 232w\" sizes=\"auto, (max-width: 236px) 100vw, 236px\" \/><\/a><\/figure><\/div>\n\n\n\n<p>El acto, organizado por la <strong>OSPA <\/strong>como parte del festival Books Folixa Music, prosigui\u00f3 con el concierto \u00abCervantes <em>in memoriam<\/em>\u00bb del <strong>Cuarteto Quiroga<\/strong>.  <\/p>\n\n\n\n<p>Los homenajes a Cervantes continuaron los d\u00edas 27 en Gij\u00f3n y 28 en Oviedo con nuevas actuaciones del Cuarteto bajo la direcci\u00f3n de Nuno Coelho, en la que interpretaron las <em>Danzas de Don Quijote<\/em> de Roberto Gerhard, entre otras piezas. <\/p>\n","protected":false},"excerpt":{"rendered":"<p>El domingo 23 de abril, con motivo de la celebraci\u00f3n del D\u00eda del Libro, Mar\u00eda Fern\u00e1ndez Ferreiro imparti\u00f3 en el Museo de Bellas Artes de Asturias la conferencia \u00abCervantes y el&nbsp;Quijote&nbsp;en las artes\u00bb. Tras repasar algunos hitos biogr\u00e1ficos del escritor alcala\u00edno, la profesora de la Universidad de Oviedo y miembro del GREC explic\u00f3 las claves &hellip; <\/p>\n<p class=\"link-more\"><a href=\"https:\/\/www.unioviedo.es\/publicaciones_grec\/index.php\/2023\/04\/23\/actos-por-el-dia-del-libro-en-el-museo-de-bellas-artes\/\" class=\"more-link\">Continuar leyendo<span class=\"screen-reader-text\"> \u00abActos por el D\u00eda del Libro en el Museo de Bellas Artes\u00bb<\/span><\/a><\/p>\n","protected":false},"author":1,"featured_media":0,"comment_status":"closed","ping_status":"closed","sticky":false,"template":"","format":"standard","meta":{"footnotes":""},"categories":[1],"tags":[17,24,6,21,4,11],"class_list":["post-452","post","type-post","status-publish","format-standard","hentry","category-sin-categoria","tag-acto","tag-divulgacion","tag-miguel-de-cervantes","tag-prensa","tag-quijote","tag-teatro"],"_links":{"self":[{"href":"https:\/\/www.unioviedo.es\/publicaciones_grec\/index.php\/wp-json\/wp\/v2\/posts\/452","targetHints":{"allow":["GET"]}}],"collection":[{"href":"https:\/\/www.unioviedo.es\/publicaciones_grec\/index.php\/wp-json\/wp\/v2\/posts"}],"about":[{"href":"https:\/\/www.unioviedo.es\/publicaciones_grec\/index.php\/wp-json\/wp\/v2\/types\/post"}],"author":[{"embeddable":true,"href":"https:\/\/www.unioviedo.es\/publicaciones_grec\/index.php\/wp-json\/wp\/v2\/users\/1"}],"replies":[{"embeddable":true,"href":"https:\/\/www.unioviedo.es\/publicaciones_grec\/index.php\/wp-json\/wp\/v2\/comments?post=452"}],"version-history":[{"count":7,"href":"https:\/\/www.unioviedo.es\/publicaciones_grec\/index.php\/wp-json\/wp\/v2\/posts\/452\/revisions"}],"predecessor-version":[{"id":470,"href":"https:\/\/www.unioviedo.es\/publicaciones_grec\/index.php\/wp-json\/wp\/v2\/posts\/452\/revisions\/470"}],"wp:attachment":[{"href":"https:\/\/www.unioviedo.es\/publicaciones_grec\/index.php\/wp-json\/wp\/v2\/media?parent=452"}],"wp:term":[{"taxonomy":"category","embeddable":true,"href":"https:\/\/www.unioviedo.es\/publicaciones_grec\/index.php\/wp-json\/wp\/v2\/categories?post=452"},{"taxonomy":"post_tag","embeddable":true,"href":"https:\/\/www.unioviedo.es\/publicaciones_grec\/index.php\/wp-json\/wp\/v2\/tags?post=452"}],"curies":[{"name":"wp","href":"https:\/\/api.w.org\/{rel}","templated":true}]}}