{"id":652,"date":"2023-07-21T19:02:11","date_gmt":"2023-07-21T17:02:11","guid":{"rendered":"https:\/\/www.unioviedo.es\/publicaciones_grec\/?p=652"},"modified":"2025-07-24T10:45:19","modified_gmt":"2025-07-24T08:45:19","slug":"participacion-del-grec-en-el-xiii-congreso-de-la-asociacion-internacional-siglo-de-oro","status":"publish","type":"post","link":"https:\/\/www.unioviedo.es\/publicaciones_grec\/index.php\/2023\/07\/21\/participacion-del-grec-en-el-xiii-congreso-de-la-asociacion-internacional-siglo-de-oro\/","title":{"rendered":"Participaci\u00f3n del GREC en el XIII Congreso de la Asociaci\u00f3n Internacional \u00abSiglo de Oro\u00bb"},"content":{"rendered":"\n<p>Entre los d\u00edas 17 y 21 de julio, el GREC particip\u00f3 en el <strong>XIII Congreso de la Asociaci\u00f3n Internacional \u00abSiglo de Oro\u00bb (AISO)<\/strong> organizado en la Universidad de Oviedo. El Congreso de la AISO tiene como fin la divulgaci\u00f3n y el desarrollo de la literatura, la lengua, el arte, la historia, la cultura y la civilizaci\u00f3n en la Espa\u00f1a y el mundo hisp\u00e1nico durante los siglos XVI y XVII, as\u00ed como el an\u00e1lisis sobre las problem\u00e1ticas y la metodolog\u00eda que conllevan estas investigaciones. Coordinado por el Catedr\u00e1tico <strong>Emilio Mart\u00ednez Mata<\/strong>, el Congreso cont\u00f3 con la participaci\u00f3n de investigadores procedentes de universidades tanto espa\u00f1olas como de otros pa\u00edses. Este encuentro tambi\u00e9n alberg\u00f3  diversos congresos en los que se examinaron temas de inter\u00e9s general sobre este campo.  <\/p>\n\n\n\n<p>Para m\u00e1s informaci\u00f3n sobre el XIII Congreso Internacional AISO se puede descargar en versi\u00f3n PDF la Memoria del Congreso pinchando en el siguiente <a rel=\"noreferrer noopener\" href=\"https:\/\/www.unioviedo.es\/publicaciones_grec\/wp-content\/uploads\/2023\/11\/Memoria-Congreso-AISO-2.pdf\" target=\"_blank\">enlace<\/a>. Tambi\u00e9n se puede consultar la red social <a rel=\"noreferrer noopener\" href=\"https:\/\/x.com\/AISO2023?s=20\" target=\"_blank\">X<\/a> para ver m\u00e1s im\u00e1genes e informaci\u00f3n sobre el desarrollo del Congreso.<\/p>\n\n\n\n<div class=\"wp-block-image\"><figure class=\"aligncenter size-large is-resized\"><img loading=\"lazy\" decoding=\"async\" src=\"https:\/\/www.unioviedo.es\/publicaciones_grec\/wp-content\/uploads\/2023\/11\/AISO.png\" alt=\"\" class=\"wp-image-655\" width=\"400\" height=\"500\"\/><\/figure><\/div>\n","protected":false},"excerpt":{"rendered":"<p>Entre los d\u00edas 17 y 21 de julio, el GREC particip\u00f3 en el XIII Congreso de la Asociaci\u00f3n Internacional \u00abSiglo de Oro\u00bb (AISO) organizado en la Universidad de Oviedo. El Congreso de la AISO tiene como fin la divulgaci\u00f3n y el desarrollo de la literatura, la lengua, el arte, la historia, la cultura y la &hellip; <\/p>\n<p class=\"link-more\"><a href=\"https:\/\/www.unioviedo.es\/publicaciones_grec\/index.php\/2023\/07\/21\/participacion-del-grec-en-el-xiii-congreso-de-la-asociacion-internacional-siglo-de-oro\/\" class=\"more-link\">Continuar leyendo<span class=\"screen-reader-text\"> \u00abParticipaci\u00f3n del GREC en el XIII Congreso de la Asociaci\u00f3n Internacional \u00abSiglo de Oro\u00bb\u00bb<\/span><\/a><\/p>\n","protected":false},"author":1,"featured_media":0,"comment_status":"closed","ping_status":"closed","sticky":false,"template":"","format":"standard","meta":{"footnotes":""},"categories":[1],"tags":[17,27,5,9,6,28],"class_list":["post-652","post","type-post","status-publish","format-standard","hentry","category-sin-categoria","tag-acto","tag-congreso","tag-don-quijote","tag-grec","tag-miguel-de-cervantes","tag-siglo-de-oro"],"_links":{"self":[{"href":"https:\/\/www.unioviedo.es\/publicaciones_grec\/index.php\/wp-json\/wp\/v2\/posts\/652","targetHints":{"allow":["GET"]}}],"collection":[{"href":"https:\/\/www.unioviedo.es\/publicaciones_grec\/index.php\/wp-json\/wp\/v2\/posts"}],"about":[{"href":"https:\/\/www.unioviedo.es\/publicaciones_grec\/index.php\/wp-json\/wp\/v2\/types\/post"}],"author":[{"embeddable":true,"href":"https:\/\/www.unioviedo.es\/publicaciones_grec\/index.php\/wp-json\/wp\/v2\/users\/1"}],"replies":[{"embeddable":true,"href":"https:\/\/www.unioviedo.es\/publicaciones_grec\/index.php\/wp-json\/wp\/v2\/comments?post=652"}],"version-history":[{"count":9,"href":"https:\/\/www.unioviedo.es\/publicaciones_grec\/index.php\/wp-json\/wp\/v2\/posts\/652\/revisions"}],"predecessor-version":[{"id":664,"href":"https:\/\/www.unioviedo.es\/publicaciones_grec\/index.php\/wp-json\/wp\/v2\/posts\/652\/revisions\/664"}],"wp:attachment":[{"href":"https:\/\/www.unioviedo.es\/publicaciones_grec\/index.php\/wp-json\/wp\/v2\/media?parent=652"}],"wp:term":[{"taxonomy":"category","embeddable":true,"href":"https:\/\/www.unioviedo.es\/publicaciones_grec\/index.php\/wp-json\/wp\/v2\/categories?post=652"},{"taxonomy":"post_tag","embeddable":true,"href":"https:\/\/www.unioviedo.es\/publicaciones_grec\/index.php\/wp-json\/wp\/v2\/tags?post=652"}],"curies":[{"name":"wp","href":"https:\/\/api.w.org\/{rel}","templated":true}]}}