{"id":838,"date":"2024-11-14T18:52:08","date_gmt":"2024-11-14T17:52:08","guid":{"rendered":"https:\/\/www.unioviedo.es\/publicaciones_grec\/?p=838"},"modified":"2025-07-24T10:44:16","modified_gmt":"2025-07-24T08:44:16","slug":"participacion-en-la-xxiv-semana-de-la-ciencia-y-la-innovacion","status":"publish","type":"post","link":"https:\/\/www.unioviedo.es\/publicaciones_grec\/index.php\/2024\/11\/14\/participacion-en-la-xxiv-semana-de-la-ciencia-y-la-innovacion\/","title":{"rendered":"Participaci\u00f3n en la XXIV Semana de la Ciencia y la Innovaci\u00f3n"},"content":{"rendered":"\n<div class=\"wp-block-media-text is-stacked-on-mobile\"><figure class=\"wp-block-media-text__media\"><img loading=\"lazy\" decoding=\"async\" width=\"409\" height=\"585\" src=\"https:\/\/www.unioviedo.es\/publicaciones_grec\/wp-content\/uploads\/2024\/11\/Captura-de-pantalla-22.png\" alt=\"\" class=\"wp-image-839 size-full\" srcset=\"https:\/\/www.unioviedo.es\/publicaciones_grec\/wp-content\/uploads\/2024\/11\/Captura-de-pantalla-22.png 409w, https:\/\/www.unioviedo.es\/publicaciones_grec\/wp-content\/uploads\/2024\/11\/Captura-de-pantalla-22-210x300.png 210w\" sizes=\"auto, (max-width: 409px) 100vw, 409px\" \/><\/figure><div class=\"wp-block-media-text__content\">\n<p>Los d\u00edas 12 y 14 de noviembre la Facultad de Filosof\u00eda y Letras acogi\u00f3 a estudiantes de primero de bachillerato del Colegio Ingl\u00e9s y del Colegio Montedeva con motivo de la celebraci\u00f3n de la <strong>XXIV Semana de la Ciencia y la Innovaci\u00f3n de la Universidad de Oviedo<\/strong>.<\/p>\n<\/div><\/div>\n\n\n\n<p>La profesora <strong>Mar\u00eda Fern\u00e1ndez Ferreiro<\/strong> imparti\u00f3 el taller \u00ab<em>Quijote<\/em> se escribe con t (de <em>teatro<\/em>)\u00bb. Como en a\u00f1os anteriores, esta charla participativa destac\u00f3 la importancia del <em>Quijote <\/em>en nuestra cultura a partir de sus adaptaciones teatrales fomentando el debate sobre la vigencia de la novela cervantina en la actualidad. Adem\u00e1s, cuatro estudiantes de cada grupo representaron un fragmento de la comedia contempor\u00e1nea<em> <a href=\"https:\/\/bd.qtheatre.org\/es\/schede\/clown-quijote-de-la-mancha\/17\" target=\"_blank\" rel=\"noreferrer noopener\">Clown Quijote de la Mancha.<\/a><\/em><\/p>\n\n\n\n<div class=\"wp-block-columns is-layout-flex wp-container-core-columns-is-layout-9d6595d7 wp-block-columns-is-layout-flex\">\n<div class=\"wp-block-column is-layout-flow wp-block-column-is-layout-flow\" style=\"flex-basis:100%\">\n<div class=\"wp-block-group is-content-justification-center is-nowrap is-layout-flex wp-container-core-group-is-layout-94bc23d7 wp-block-group-is-layout-flex\">\n<figure class=\"wp-block-image size-large is-resized\"><img loading=\"lazy\" decoding=\"async\" width=\"1024\" height=\"768\" src=\"https:\/\/www.unioviedo.es\/publicaciones_grec\/wp-content\/uploads\/2024\/11\/t-de-de-teatro-deifnitivo-pixelado-1024x768.jpg\" alt=\"\" class=\"wp-image-855\" style=\"width:300px\" srcset=\"https:\/\/www.unioviedo.es\/publicaciones_grec\/wp-content\/uploads\/2024\/11\/t-de-de-teatro-deifnitivo-pixelado-1024x768.jpg 1024w, https:\/\/www.unioviedo.es\/publicaciones_grec\/wp-content\/uploads\/2024\/11\/t-de-de-teatro-deifnitivo-pixelado-300x225.jpg 300w, https:\/\/www.unioviedo.es\/publicaciones_grec\/wp-content\/uploads\/2024\/11\/t-de-de-teatro-deifnitivo-pixelado-768x576.jpg 768w, https:\/\/www.unioviedo.es\/publicaciones_grec\/wp-content\/uploads\/2024\/11\/t-de-de-teatro-deifnitivo-pixelado-1536x1152.jpg 1536w, https:\/\/www.unioviedo.es\/publicaciones_grec\/wp-content\/uploads\/2024\/11\/t-de-de-teatro-deifnitivo-pixelado-2048x1536.jpg 2048w\" sizes=\"auto, (max-width: 706px) 89vw, (max-width: 767px) 82vw, 740px\" \/><\/figure>\n\n\n\n<figure class=\"wp-block-image size-large is-resized\"><img loading=\"lazy\" decoding=\"async\" width=\"768\" height=\"1024\" src=\"https:\/\/www.unioviedo.es\/publicaciones_grec\/wp-content\/uploads\/2024\/11\/jamon-definitivo-pixelado-768x1024.jpg\" alt=\"\" class=\"wp-image-854\" style=\"width:200px\" srcset=\"https:\/\/www.unioviedo.es\/publicaciones_grec\/wp-content\/uploads\/2024\/11\/jamon-definitivo-pixelado-768x1024.jpg 768w, https:\/\/www.unioviedo.es\/publicaciones_grec\/wp-content\/uploads\/2024\/11\/jamon-definitivo-pixelado-225x300.jpg 225w, https:\/\/www.unioviedo.es\/publicaciones_grec\/wp-content\/uploads\/2024\/11\/jamon-definitivo-pixelado-1152x1536.jpg 1152w, https:\/\/www.unioviedo.es\/publicaciones_grec\/wp-content\/uploads\/2024\/11\/jamon-definitivo-pixelado-1536x2048.jpg 1536w, https:\/\/www.unioviedo.es\/publicaciones_grec\/wp-content\/uploads\/2024\/11\/jamon-definitivo-pixelado-scaled.jpg 1920w\" sizes=\"auto, (max-width: 706px) 89vw, (max-width: 767px) 82vw, 740px\" \/><\/figure>\n<\/div>\n<\/div>\n<\/div>\n\n\n\n<p><\/p>\n","protected":false},"excerpt":{"rendered":"<p>Los d\u00edas 12 y 14 de noviembre la Facultad de Filosof\u00eda y Letras acogi\u00f3 a estudiantes de primero de bachillerato del Colegio Ingl\u00e9s y del Colegio Montedeva con motivo de la celebraci\u00f3n de la XXIV Semana de la Ciencia y la Innovaci\u00f3n de la Universidad de Oviedo. La profesora Mar\u00eda Fern\u00e1ndez Ferreiro imparti\u00f3 el taller &hellip; <\/p>\n<p class=\"link-more\"><a href=\"https:\/\/www.unioviedo.es\/publicaciones_grec\/index.php\/2024\/11\/14\/participacion-en-la-xxiv-semana-de-la-ciencia-y-la-innovacion\/\" class=\"more-link\">Continuar leyendo<span class=\"screen-reader-text\"> \u00abParticipaci\u00f3n en la XXIV Semana de la Ciencia y la Innovaci\u00f3n\u00bb<\/span><\/a><\/p>\n","protected":false},"author":2,"featured_media":0,"comment_status":"closed","ping_status":"closed","sticky":false,"template":"","format":"standard","meta":{"footnotes":""},"categories":[1],"tags":[24,5,9,6,13,4,23,22],"class_list":["post-838","post","type-post","status-publish","format-standard","hentry","category-sin-categoria","tag-divulgacion","tag-don-quijote","tag-grec","tag-miguel-de-cervantes","tag-q-theatre","tag-quijote","tag-semana-de-la-ciencia","tag-taller"],"_links":{"self":[{"href":"https:\/\/www.unioviedo.es\/publicaciones_grec\/index.php\/wp-json\/wp\/v2\/posts\/838","targetHints":{"allow":["GET"]}}],"collection":[{"href":"https:\/\/www.unioviedo.es\/publicaciones_grec\/index.php\/wp-json\/wp\/v2\/posts"}],"about":[{"href":"https:\/\/www.unioviedo.es\/publicaciones_grec\/index.php\/wp-json\/wp\/v2\/types\/post"}],"author":[{"embeddable":true,"href":"https:\/\/www.unioviedo.es\/publicaciones_grec\/index.php\/wp-json\/wp\/v2\/users\/2"}],"replies":[{"embeddable":true,"href":"https:\/\/www.unioviedo.es\/publicaciones_grec\/index.php\/wp-json\/wp\/v2\/comments?post=838"}],"version-history":[{"count":6,"href":"https:\/\/www.unioviedo.es\/publicaciones_grec\/index.php\/wp-json\/wp\/v2\/posts\/838\/revisions"}],"predecessor-version":[{"id":932,"href":"https:\/\/www.unioviedo.es\/publicaciones_grec\/index.php\/wp-json\/wp\/v2\/posts\/838\/revisions\/932"}],"wp:attachment":[{"href":"https:\/\/www.unioviedo.es\/publicaciones_grec\/index.php\/wp-json\/wp\/v2\/media?parent=838"}],"wp:term":[{"taxonomy":"category","embeddable":true,"href":"https:\/\/www.unioviedo.es\/publicaciones_grec\/index.php\/wp-json\/wp\/v2\/categories?post=838"},{"taxonomy":"post_tag","embeddable":true,"href":"https:\/\/www.unioviedo.es\/publicaciones_grec\/index.php\/wp-json\/wp\/v2\/tags?post=838"}],"curies":[{"name":"wp","href":"https:\/\/api.w.org\/{rel}","templated":true}]}}