{"id":878,"date":"2023-06-09T19:03:00","date_gmt":"2023-06-09T17:03:00","guid":{"rendered":"https:\/\/www.unioviedo.es\/publicaciones_grec\/?p=878"},"modified":"2025-07-24T10:45:36","modified_gmt":"2025-07-24T08:45:36","slug":"participacion-en-la-conferencia-conjunta-cervantes-global-global-cervantes","status":"publish","type":"post","link":"https:\/\/www.unioviedo.es\/publicaciones_grec\/index.php\/2023\/06\/09\/participacion-en-la-conferencia-conjunta-cervantes-global-global-cervantes\/","title":{"rendered":"Participaci\u00f3n en la conferencia conjunta \u00abCervantes global. Global Cervantes\u00bb"},"content":{"rendered":"\n<p>La profesora de la Universidad de Oviedo e integrante del GREC, <strong>Mar\u00eda Jos\u00e9 \u00c1lvarez Faedo<\/strong> particip\u00f3 entre los d\u00edas 7 y 9 de junio en la conferencia <strong>\u00abCervantes global. Global Cervantes\u00bb <\/strong>que tuvo lugar en la Universidad de Princeton.  Organizado por la <strong>Cervantes Society of America<\/strong> (<a href=\"https:\/\/cervantessocietyamerica.org\/\">CSA<\/a>) y la <strong>Asociaci\u00f3n de Cervantistas<\/strong> (<a href=\"https:\/\/asociaciondecervantistas.org\/\">AC<\/a>), este encuentro buscaba fomentar un an\u00e1lisis colaborativo de la variedad de perspectivas que integran la cr\u00edtica cervantina a trav\u00e9s de contribuciones sobre la comprensi\u00f3n, adaptaci\u00f3n y exploraci\u00f3n transnacional y transcronol\u00f3gica de la vida y la obra del autor.  <\/p>\n\n\n\n<p>La profesora \u00c1lvarez Faedo present\u00f3 la comunicaci\u00f3n <strong>\u00ab<\/strong>A prop\u00f3sito de la primera traducci\u00f3n en lengua espa\u00f1ola de <em>Don Quijote<\/em>. Una obra de teatro rom\u00e1ntica de Mabel Dearmer<strong>\u00bb <\/strong>que versaba sobre la obra <em><a href=\"https:\/\/www.unioviedo.es\/publicaciones_grec\/index.php\/coleccion-el-quijote-y-sus-interpretaciones-13\/\">Don Quixote. A Romantic Drama<\/a><\/em> de cuya edici\u00f3n y traducci\u00f3n fue responsable en la colecci\u00f3n editorial del GREC <strong>\u00ab<\/strong>El <em>Quijote<\/em> y sus interpretaciones<strong><strong>\u00bb<\/strong><\/strong>. El profesor del Whitman College y colaborador externo del GREC, <strong>Clark Colahan<\/strong> particip\u00f3 tambi\u00e9n en este congreso con la comunicaci\u00f3n <strong>\u00ab<\/strong>Im\u00e1genes de Don Quijote como m\u00edtico h\u00e9roe acu\u00e1tico<strong>\u00bb<\/strong>.<\/p>\n\n\n\n<p>Para m\u00e1s informaci\u00f3n se puede acceder a la p\u00e1gina web del congreso en el siguiente <a href=\"https:\/\/spo.princeton.edu\/events\/cervantes-global-global-cervantes\">enlace<\/a>.<\/p>\n\n\n<div class=\"wp-block-image\">\n<figure class=\"aligncenter size-large is-resized\"><img loading=\"lazy\" decoding=\"async\" width=\"663\" height=\"1024\" src=\"https:\/\/www.unioviedo.es\/publicaciones_grec\/wp-content\/uploads\/2024\/11\/11x17_cervantes_global_poster-663x1024.png\" alt=\"\" class=\"wp-image-892\" style=\"width:400px\" srcset=\"https:\/\/www.unioviedo.es\/publicaciones_grec\/wp-content\/uploads\/2024\/11\/11x17_cervantes_global_poster-663x1024.png 663w, https:\/\/www.unioviedo.es\/publicaciones_grec\/wp-content\/uploads\/2024\/11\/11x17_cervantes_global_poster-194x300.png 194w, https:\/\/www.unioviedo.es\/publicaciones_grec\/wp-content\/uploads\/2024\/11\/11x17_cervantes_global_poster.png 750w\" sizes=\"auto, (max-width: 663px) 100vw, 663px\" \/><\/figure>\n<\/div>","protected":false},"excerpt":{"rendered":"<p>La profesora de la Universidad de Oviedo e integrante del GREC, Mar\u00eda Jos\u00e9 \u00c1lvarez Faedo particip\u00f3 entre los d\u00edas 7 y 9 de junio en la conferencia \u00abCervantes global. Global Cervantes\u00bb que tuvo lugar en la Universidad de Princeton. Organizado por la Cervantes Society of America (CSA) y la Asociaci\u00f3n de Cervantistas (AC), este encuentro &hellip; <\/p>\n<p class=\"link-more\"><a href=\"https:\/\/www.unioviedo.es\/publicaciones_grec\/index.php\/2023\/06\/09\/participacion-en-la-conferencia-conjunta-cervantes-global-global-cervantes\/\" class=\"more-link\">Continuar leyendo<span class=\"screen-reader-text\"> \u00abParticipaci\u00f3n en la conferencia conjunta \u00abCervantes global. Global Cervantes\u00bb\u00bb<\/span><\/a><\/p>\n","protected":false},"author":2,"featured_media":0,"comment_status":"closed","ping_status":"closed","sticky":false,"template":"","format":"standard","meta":{"footnotes":""},"categories":[1],"tags":[19,27,9,6,4],"class_list":["post-878","post","type-post","status-publish","format-standard","hentry","category-sin-categoria","tag-coleccion-editorial","tag-congreso","tag-grec","tag-miguel-de-cervantes","tag-quijote"],"_links":{"self":[{"href":"https:\/\/www.unioviedo.es\/publicaciones_grec\/index.php\/wp-json\/wp\/v2\/posts\/878","targetHints":{"allow":["GET"]}}],"collection":[{"href":"https:\/\/www.unioviedo.es\/publicaciones_grec\/index.php\/wp-json\/wp\/v2\/posts"}],"about":[{"href":"https:\/\/www.unioviedo.es\/publicaciones_grec\/index.php\/wp-json\/wp\/v2\/types\/post"}],"author":[{"embeddable":true,"href":"https:\/\/www.unioviedo.es\/publicaciones_grec\/index.php\/wp-json\/wp\/v2\/users\/2"}],"replies":[{"embeddable":true,"href":"https:\/\/www.unioviedo.es\/publicaciones_grec\/index.php\/wp-json\/wp\/v2\/comments?post=878"}],"version-history":[{"count":8,"href":"https:\/\/www.unioviedo.es\/publicaciones_grec\/index.php\/wp-json\/wp\/v2\/posts\/878\/revisions"}],"predecessor-version":[{"id":926,"href":"https:\/\/www.unioviedo.es\/publicaciones_grec\/index.php\/wp-json\/wp\/v2\/posts\/878\/revisions\/926"}],"wp:attachment":[{"href":"https:\/\/www.unioviedo.es\/publicaciones_grec\/index.php\/wp-json\/wp\/v2\/media?parent=878"}],"wp:term":[{"taxonomy":"category","embeddable":true,"href":"https:\/\/www.unioviedo.es\/publicaciones_grec\/index.php\/wp-json\/wp\/v2\/categories?post=878"},{"taxonomy":"post_tag","embeddable":true,"href":"https:\/\/www.unioviedo.es\/publicaciones_grec\/index.php\/wp-json\/wp\/v2\/tags?post=878"}],"curies":[{"name":"wp","href":"https:\/\/api.w.org\/{rel}","templated":true}]}}