{"id":1208,"date":"2024-01-29T18:26:12","date_gmt":"2024-01-29T17:26:12","guid":{"rendered":"https:\/\/www.unioviedo.es\/rcusostenibilidad\/?p=1208"},"modified":"2024-01-29T18:26:12","modified_gmt":"2024-01-29T17:26:12","slug":"reunion-telematica-de-la-red-29-de-enero-de-2024","status":"publish","type":"post","link":"https:\/\/www.unioviedo.es\/rcusostenibilidad\/?p=1208","title":{"rendered":"Reuni\u00f3n telem\u00e1tica de la Red &#8211; 29 de enero de 2024"},"content":{"rendered":"\n<p class=\"has-text-align-justify\">El lunes, 29 de enero de 2024, se han reunido de manera telem\u00e1tica las c\u00e1tedras que forman la Red para adoptar varios acuerdos con el objetivo de dar comienzo a las actividades. <\/p>\n\n\n\n<p class=\"has-text-align-justify\">Se ha determinado la estructura de funcionamiento, as\u00ed como, los miembros de los distintos \u00f3rganos que forman la estructura.<\/p>\n","protected":false},"excerpt":{"rendered":"<p>El lunes, 29 de enero de 2024, se han reunido de manera telem\u00e1tica las c\u00e1tedras que forman la Red para adoptar varios acuerdos con el objetivo de dar comienzo a las actividades.<\/p>\n","protected":false},"author":1,"featured_media":1209,"comment_status":"open","ping_status":"open","sticky":false,"template":"","format":"standard","meta":{"advanced_seo_description":"","jetpack_seo_html_title":"","jetpack_seo_noindex":false,"_themeisle_gutenberg_block_has_review":false,"_jetpack_memberships_contains_paid_content":false,"footnotes":"","jetpack_publicize_message":"","jetpack_publicize_feature_enabled":true,"jetpack_social_post_already_shared":true,"jetpack_social_options":{"image_generator_settings":{"template":"highway","default_image_id":0,"font":"","enabled":false},"version":2}},"categories":[1],"tags":[],"class_list":["post-1208","post","type-post","status-publish","format-standard","has-post-thumbnail","hentry","category-sin-categoria"],"jetpack_publicize_connections":[],"jetpack_featured_media_url":"https:\/\/www.unioviedo.es\/rcusostenibilidad\/wp-content\/uploads\/2024\/01\/RCUSostenibilidad.png","jetpack-related-posts":[{"id":1408,"url":"https:\/\/www.unioviedo.es\/rcusostenibilidad\/?p=1408","url_meta":{"origin":1208,"position":0},"title":"Acuerdos del II Encuentro de C\u00e1tedras","author":"admin","date":"9 de noviembre de 2024","format":false,"excerpt":"La Red de C\u00e1tedras Universitarias de Sostenibilidad. Agenda 2030, Cambio Clim\u00e1tico y Econom\u00eda Circular (RCUS), reunida en el Jard\u00ed Bot\u00e0nic de la Universitat de Val\u00e8ncia el 15 de octubre de 2024 con el objetivo de consolidar esta alianza, as\u00ed como impulsar l\u00edneas de trabajo que concreten acciones comunes, ha reafirmado\u2026","rel":"","context":"En \u00abSin categor\u00eda\u00bb","block_context":{"text":"Sin categor\u00eda","link":"https:\/\/www.unioviedo.es\/rcusostenibilidad\/?cat=1"},"img":{"alt_text":"","src":"https:\/\/i0.wp.com\/www.unioviedo.es\/rcusostenibilidad\/wp-content\/uploads\/2024\/11\/FotoIIEncuentro.png?resize=350%2C200&ssl=1","width":350,"height":200,"srcset":"https:\/\/i0.wp.com\/www.unioviedo.es\/rcusostenibilidad\/wp-content\/uploads\/2024\/11\/FotoIIEncuentro.png?resize=350%2C200&ssl=1 1x, https:\/\/i0.wp.com\/www.unioviedo.es\/rcusostenibilidad\/wp-content\/uploads\/2024\/11\/FotoIIEncuentro.png?resize=525%2C300&ssl=1 1.5x, https:\/\/i0.wp.com\/www.unioviedo.es\/rcusostenibilidad\/wp-content\/uploads\/2024\/11\/FotoIIEncuentro.png?resize=700%2C400&ssl=1 2x, https:\/\/i0.wp.com\/www.unioviedo.es\/rcusostenibilidad\/wp-content\/uploads\/2024\/11\/FotoIIEncuentro.png?resize=1050%2C600&ssl=1 3x, https:\/\/i0.wp.com\/www.unioviedo.es\/rcusostenibilidad\/wp-content\/uploads\/2024\/11\/FotoIIEncuentro.png?resize=1400%2C800&ssl=1 4x"},"classes":[]},{"id":1461,"url":"https:\/\/www.unioviedo.es\/rcusostenibilidad\/?p=1461","url_meta":{"origin":1208,"position":1},"title":"I Encuentro de C\u00e1tedras Universitarias de Movilidad Sostenible","author":"admin","date":"10 de enero de 2025","format":false,"excerpt":"La movilidad est\u00e1 en plena transformaci\u00f3n y afronta retos importantes como la sostenibilidad, la descarbonizaci\u00f3n, los nuevos h\u00e1bitos de las nuevas generaciones o la movilidad compartida y multimodal cada d\u00eda m\u00e1s presente.\u00a0 Quiz\u00e1 por eso durante estos \u00faltimos a\u00f1os cada vez son m\u00e1s las universidades que han incorporado y creado\u2026","rel":"","context":"En \u00abSin categor\u00eda\u00bb","block_context":{"text":"Sin categor\u00eda","link":"https:\/\/www.unioviedo.es\/rcusostenibilidad\/?cat=1"},"img":{"alt_text":"","src":"https:\/\/i0.wp.com\/www.unioviedo.es\/rcusostenibilidad\/wp-content\/uploads\/2025\/01\/Encuentro-Catedras-01-scaled.jpg?resize=350%2C200&ssl=1","width":350,"height":200,"srcset":"https:\/\/i0.wp.com\/www.unioviedo.es\/rcusostenibilidad\/wp-content\/uploads\/2025\/01\/Encuentro-Catedras-01-scaled.jpg?resize=350%2C200&ssl=1 1x, https:\/\/i0.wp.com\/www.unioviedo.es\/rcusostenibilidad\/wp-content\/uploads\/2025\/01\/Encuentro-Catedras-01-scaled.jpg?resize=525%2C300&ssl=1 1.5x, https:\/\/i0.wp.com\/www.unioviedo.es\/rcusostenibilidad\/wp-content\/uploads\/2025\/01\/Encuentro-Catedras-01-scaled.jpg?resize=700%2C400&ssl=1 2x, https:\/\/i0.wp.com\/www.unioviedo.es\/rcusostenibilidad\/wp-content\/uploads\/2025\/01\/Encuentro-Catedras-01-scaled.jpg?resize=1050%2C600&ssl=1 3x, https:\/\/i0.wp.com\/www.unioviedo.es\/rcusostenibilidad\/wp-content\/uploads\/2025\/01\/Encuentro-Catedras-01-scaled.jpg?resize=1400%2C800&ssl=1 4x"},"classes":[]},{"id":1393,"url":"https:\/\/www.unioviedo.es\/rcusostenibilidad\/?p=1393","url_meta":{"origin":1208,"position":2},"title":"II edici\u00f3n de los premios a Tesis Doctorales de la C\u00e1tedra Cambio Clim\u00e1tico de la Universidad de Oviedo","author":"admin","date":"8 de noviembre de 2024","format":false,"excerpt":"La\u00a0Universidad de Oviedo, a trav\u00e9s del\u00a0Vicerrectorado de Transferencia y Relaciones con la Empresa, lanza la\u00a0segunda\u00a0convocatoria de premios de la C\u00e1tedra de Cambio Clim\u00e1tico\u00a0de la Universidad de Oviedo a tesis doctorales.","rel":"","context":"En \u00abPremios\u00bb","block_context":{"text":"Premios","link":"https:\/\/www.unioviedo.es\/rcusostenibilidad\/?cat=98"},"img":{"alt_text":"","src":"https:\/\/i0.wp.com\/www.unioviedo.es\/rcusostenibilidad\/wp-content\/uploads\/2024\/11\/Imagen1Premios2024-2.png?resize=350%2C200&ssl=1","width":350,"height":200,"srcset":"https:\/\/i0.wp.com\/www.unioviedo.es\/rcusostenibilidad\/wp-content\/uploads\/2024\/11\/Imagen1Premios2024-2.png?resize=350%2C200&ssl=1 1x, https:\/\/i0.wp.com\/www.unioviedo.es\/rcusostenibilidad\/wp-content\/uploads\/2024\/11\/Imagen1Premios2024-2.png?resize=525%2C300&ssl=1 1.5x, https:\/\/i0.wp.com\/www.unioviedo.es\/rcusostenibilidad\/wp-content\/uploads\/2024\/11\/Imagen1Premios2024-2.png?resize=700%2C400&ssl=1 2x"},"classes":[]},{"id":1517,"url":"https:\/\/www.unioviedo.es\/rcusostenibilidad\/?p=1517","url_meta":{"origin":1208,"position":3},"title":"Oviedo, Granada, Sevilla y Valencia lideran un proyecto nacional para implementar la Agenda 2030 en el Sistema Universitario Espa\u00f1ol","author":"Karina Zeballos","date":"25 de marzo de 2025","format":false,"excerpt":"La iniciativa, respaldada por el Gobierno a trav\u00e9s del Ministerio de Derechos Sociales y Agenda 2030 con la concesi\u00f3n de una una ayuda de 300.000 euros, naci\u00f3 del equipo de trabajo de la Red Universitarias de C\u00e1tedras de Sostenibilidad (RCUS) La Universidad de Oviedo ha puesto en marcha el Observatorio\u2026","rel":"","context":"En \u00abSin categor\u00eda\u00bb","block_context":{"text":"Sin categor\u00eda","link":"https:\/\/www.unioviedo.es\/rcusostenibilidad\/?cat=1"},"img":{"alt_text":"","src":"https:\/\/i0.wp.com\/www.unioviedo.es\/rcusostenibilidad\/wp-content\/uploads\/2025\/03\/Logo-ODS_horizontal_Posit_2-colores.jpg?resize=350%2C200&ssl=1","width":350,"height":200,"srcset":"https:\/\/i0.wp.com\/www.unioviedo.es\/rcusostenibilidad\/wp-content\/uploads\/2025\/03\/Logo-ODS_horizontal_Posit_2-colores.jpg?resize=350%2C200&ssl=1 1x, https:\/\/i0.wp.com\/www.unioviedo.es\/rcusostenibilidad\/wp-content\/uploads\/2025\/03\/Logo-ODS_horizontal_Posit_2-colores.jpg?resize=525%2C300&ssl=1 1.5x, https:\/\/i0.wp.com\/www.unioviedo.es\/rcusostenibilidad\/wp-content\/uploads\/2025\/03\/Logo-ODS_horizontal_Posit_2-colores.jpg?resize=700%2C400&ssl=1 2x, https:\/\/i0.wp.com\/www.unioviedo.es\/rcusostenibilidad\/wp-content\/uploads\/2025\/03\/Logo-ODS_horizontal_Posit_2-colores.jpg?resize=1050%2C600&ssl=1 3x, https:\/\/i0.wp.com\/www.unioviedo.es\/rcusostenibilidad\/wp-content\/uploads\/2025\/03\/Logo-ODS_horizontal_Posit_2-colores.jpg?resize=1400%2C800&ssl=1 4x"},"classes":[]},{"id":1277,"url":"https:\/\/www.unioviedo.es\/rcusostenibilidad\/?p=1277","url_meta":{"origin":1208,"position":4},"title":"II Encuentro de la Red","author":"admin","date":"22 de julio de 2024","format":false,"excerpt":"El pr\u00f3ximo 15 de octubre, el Jard\u00ed Bot\u00e0nic de la Universitat de Val\u00e8ncia acoger\u00e1 el II Encuentro de la Red de C\u00e1tedras Universitarias de Sostenibilidad con el objetivo de consolidar la Red como espacio de colaboraci\u00f3n y el encuentro como una cita anual de referencia en la materia.","rel":"","context":"En \u00abSin categor\u00eda\u00bb","block_context":{"text":"Sin categor\u00eda","link":"https:\/\/www.unioviedo.es\/rcusostenibilidad\/?cat=1"},"img":{"alt_text":"","src":"https:\/\/i0.wp.com\/www.unioviedo.es\/rcusostenibilidad\/wp-content\/uploads\/2024\/07\/IIEncuentro.png?resize=350%2C200&ssl=1","width":350,"height":200,"srcset":"https:\/\/i0.wp.com\/www.unioviedo.es\/rcusostenibilidad\/wp-content\/uploads\/2024\/07\/IIEncuentro.png?resize=350%2C200&ssl=1 1x, https:\/\/i0.wp.com\/www.unioviedo.es\/rcusostenibilidad\/wp-content\/uploads\/2024\/07\/IIEncuentro.png?resize=525%2C300&ssl=1 1.5x, https:\/\/i0.wp.com\/www.unioviedo.es\/rcusostenibilidad\/wp-content\/uploads\/2024\/07\/IIEncuentro.png?resize=700%2C400&ssl=1 2x, https:\/\/i0.wp.com\/www.unioviedo.es\/rcusostenibilidad\/wp-content\/uploads\/2024\/07\/IIEncuentro.png?resize=1050%2C600&ssl=1 3x"},"classes":[]},{"id":1183,"url":"https:\/\/www.unioviedo.es\/rcusostenibilidad\/?p=1183","url_meta":{"origin":1208,"position":5},"title":"La Red en prensa: 17\/11\/2023","author":"admin","date":"17 de noviembre de 2023","format":false,"excerpt":"Resumen de las apariciones en prensa de la Red.","rel":"","context":"En \u00abLa Red en prensa\u00bb","block_context":{"text":"La Red en prensa","link":"https:\/\/www.unioviedo.es\/rcusostenibilidad\/?cat=37"},"img":{"alt_text":"selective focus photography of magazines","src":"https:\/\/i0.wp.com\/www.unioviedo.es\/rcusostenibilidad\/wp-content\/uploads\/2023\/11\/pexels-photo-518543.jpeg?resize=350%2C200&ssl=1","width":350,"height":200,"srcset":"https:\/\/i0.wp.com\/www.unioviedo.es\/rcusostenibilidad\/wp-content\/uploads\/2023\/11\/pexels-photo-518543.jpeg?resize=350%2C200&ssl=1 1x, https:\/\/i0.wp.com\/www.unioviedo.es\/rcusostenibilidad\/wp-content\/uploads\/2023\/11\/pexels-photo-518543.jpeg?resize=525%2C300&ssl=1 1.5x, https:\/\/i0.wp.com\/www.unioviedo.es\/rcusostenibilidad\/wp-content\/uploads\/2023\/11\/pexels-photo-518543.jpeg?resize=700%2C400&ssl=1 2x, https:\/\/i0.wp.com\/www.unioviedo.es\/rcusostenibilidad\/wp-content\/uploads\/2023\/11\/pexels-photo-518543.jpeg?resize=1050%2C600&ssl=1 3x, https:\/\/i0.wp.com\/www.unioviedo.es\/rcusostenibilidad\/wp-content\/uploads\/2023\/11\/pexels-photo-518543.jpeg?resize=1400%2C800&ssl=1 4x"},"classes":[]}],"jetpack_shortlink":"https:\/\/wp.me\/pfdLWf-ju","jetpack_sharing_enabled":true,"_links":{"self":[{"href":"https:\/\/www.unioviedo.es\/rcusostenibilidad\/index.php?rest_route=\/wp\/v2\/posts\/1208","targetHints":{"allow":["GET"]}}],"collection":[{"href":"https:\/\/www.unioviedo.es\/rcusostenibilidad\/index.php?rest_route=\/wp\/v2\/posts"}],"about":[{"href":"https:\/\/www.unioviedo.es\/rcusostenibilidad\/index.php?rest_route=\/wp\/v2\/types\/post"}],"author":[{"embeddable":true,"href":"https:\/\/www.unioviedo.es\/rcusostenibilidad\/index.php?rest_route=\/wp\/v2\/users\/1"}],"replies":[{"embeddable":true,"href":"https:\/\/www.unioviedo.es\/rcusostenibilidad\/index.php?rest_route=%2Fwp%2Fv2%2Fcomments&post=1208"}],"version-history":[{"count":1,"href":"https:\/\/www.unioviedo.es\/rcusostenibilidad\/index.php?rest_route=\/wp\/v2\/posts\/1208\/revisions"}],"predecessor-version":[{"id":1210,"href":"https:\/\/www.unioviedo.es\/rcusostenibilidad\/index.php?rest_route=\/wp\/v2\/posts\/1208\/revisions\/1210"}],"wp:featuredmedia":[{"embeddable":true,"href":"https:\/\/www.unioviedo.es\/rcusostenibilidad\/index.php?rest_route=\/wp\/v2\/media\/1209"}],"wp:attachment":[{"href":"https:\/\/www.unioviedo.es\/rcusostenibilidad\/index.php?rest_route=%2Fwp%2Fv2%2Fmedia&parent=1208"}],"wp:term":[{"taxonomy":"category","embeddable":true,"href":"https:\/\/www.unioviedo.es\/rcusostenibilidad\/index.php?rest_route=%2Fwp%2Fv2%2Fcategories&post=1208"},{"taxonomy":"post_tag","embeddable":true,"href":"https:\/\/www.unioviedo.es\/rcusostenibilidad\/index.php?rest_route=%2Fwp%2Fv2%2Ftags&post=1208"}],"curies":[{"name":"wp","href":"https:\/\/api.w.org\/{rel}","templated":true}]}}