{"id":1269,"date":"2024-05-09T16:48:49","date_gmt":"2024-05-09T14:48:49","guid":{"rendered":"https:\/\/www.unioviedo.es\/rcusostenibilidad\/?p=1269"},"modified":"2024-05-09T16:48:49","modified_gmt":"2024-05-09T14:48:49","slug":"jornada-agenda-urbana-experiencias-de-promocion-y-de-transformacion-local","status":"publish","type":"post","link":"https:\/\/www.unioviedo.es\/rcusostenibilidad\/?p=1269","title":{"rendered":"Jornada Agenda Urbana. Experiencias de promoci\u00f3n y de transformaci\u00f3n local"},"content":{"rendered":"\n<p>La C\u00e1tedra de Desarrollo Sostenible Agenda 2030 de la Universidad de Murcia (UMU) organiza el pr\u00f3ximo viernes 10 de mayo, a partir de las 9.30 horas en el sal\u00f3n de grados de la Facultad de Derecho -Campus de La Merced- la jornada \u2018Agenda Urbana. Experiencias de promoci\u00f3n y de transformaci\u00f3n local\u2019, que reunir\u00e1 a expertos, representantes institucionales y consultores para analizar y compartir experiencias en torno a la implementaci\u00f3n de la Agenda Urbana en los municipios de la Regi\u00f3n.<\/p>\n\n\n\n<p>El evento contar\u00e1 con la participaci\u00f3n de destacados ponentes como Santiago Saura, vicepresidente segundo de la Red Espa\u00f1ola de Desarrollo Sostenible (REDS) y catedr\u00e1tico de la Universidad Polit\u00e9cnica de Madrid; Manuel Pato, secretario general de la Federaci\u00f3n de Municipios de la Regi\u00f3n de Murcia (FMRM); Pedro Yepes, responsable de Proyectos Europeos y Cambio Clim\u00e1tico del Ayuntamiento de Cartagena; Nuria Prior, socia y directora general de la consultora EuroV\u00e9rtice; o M\u00aa del Mar Castro, t\u00e9cnico medioambiental de Aquatec del Grupo Veolia.<\/p>\n\n\n\n<p>La jornada, que se desarrollar\u00e1 de 9.30 a 11.30 horas, tiene por objetivo compartir experiencias y buenas pr\u00e1cticas en la implementaci\u00f3n de la Agenda Urbana, un ambicioso plan de acci\u00f3n global para el desarrollo sostenible de las ciudades, para construir urbes m\u00e1s humanas, inteligentes y sostenibles. Adem\u00e1s de fomentar la colaboraci\u00f3n entre diferentes actores para avanzar en la consecuci\u00f3n de los Objetivos de Desarrollo Sostenible (ODS) en el marco de la Agenda 2030 de Naciones Unidas.<\/p>\n\n\n\n<p>La apertura, a las 9.30 horas, correr\u00e1 a cargo de Mar\u00eda Caballero, secretaria general de la Consejer\u00eda de Presidencia, Portavoc\u00eda y Acci\u00f3n Exterior del Gobierno regional. Posteriormente, a las 9.40 horas tendr\u00e1 lugar la ponencia \u2018La Agenda Urbana: participaci\u00f3n de actores y proyectos transformadores en Espa\u00f1a\u2019, por parte de Santiago Saura (REDS).<\/p>\n\n\n\n<p>A las 10.10 horas ser\u00e1 el turno de la ponencia \u2018Experiencia y aprendizajes de la participaci\u00f3n en un proyecto NextGeneration\u2019, por parte de Manuel Pato (FMRM). Mientras que a las 10.40 horas tendr\u00e1n lugar las presentaciones \u2018B\u00fasqueda de alianzas y de financiaci\u00f3n en el desarrollo de proyectos\u2019, por Nuria Prior (EuroV\u00e9rtice); \u2018Herramientas de digitalizaci\u00f3n municipal y adaptaci\u00f3n al cambio clim\u00e1tico\u2019, por M\u00aa del Mar Castro (Aquatec Proyectos I+D+i del Grupo Veolia); y \u2018Avanzando en la implantaci\u00f3n de la Agenda Urbana y otros proyectos\u2019, por parte de Pedro Yepes (Ayuntamiento de Cartagena). La jornada ser\u00e1 dirigida y moderada por In\u00e9s L\u00f3pez y Federico Mart\u00ednez-Carrasco, codirectores de la C\u00e1tedra de Desarrollo Sostenible Agenda 2030 y profesores de la UMU.<\/p>\n\n\n\n<p>Esta jornada se dirige a t\u00e9cnicos municipales, agentes de desarrollo local, investigadores y p\u00fablico en general interesado en la Agenda Urbana y el desarrollo sostenible. Las inscripciones pueden realizarse en: <a href=\"https:\/\/forms.gle\/dsKJu1gc6T2RTtmJ6\">https:\/\/forms.gle\/dsKJu1gc6T2RTtmJ6<\/a>. La asistencia es gratuita hasta completar aforo y tambi\u00e9n se podr\u00e1 seguir de forma online a trav\u00e9s de la plataforma Zoom en <a href=\"https:\/\/umurcia.zoom.us\/j\/97287074354\">https:\/\/umurcia.zoom.us\/j\/97287074354<\/a>.<\/p>\n\n\n\n<p>Fundada en 2022, esta C\u00e1tedra tiene como objetivo fomentar la colaboraci\u00f3n entre la universidad, las instituciones auton\u00f3micas y otros actores sociales, contribuyendo as\u00ed a la implementaci\u00f3n de la Agenda 2030 en la Regi\u00f3n. Sus esfuerzos se alinean con los Planes de Acci\u00f3n dise\u00f1ados por la CARM, generando espacios de cooperaci\u00f3n entre diversos sectores para avanzar en esta importante agenda de desarrollo sostenible.<\/p>\n\n\n\n<p>M\u00e1s informaci\u00f3n en <a href=\"http:\/\/www.um.es\/en\/web\/catedra-desarrollo-sostenible\">www.um.es\/en\/web\/catedra-desarrollo-sostenible<\/a>.<\/p>\n","protected":false},"excerpt":{"rendered":"<p>Las ciudades son actores principales en la persecuci\u00f3n de los Objetivos de Desarrollo Sostenible. En esta jornada, distintos expertos analizan y comparten experiencias en torno a la Agenda Urbana, que constituye la hoja de ruta para construir ciudades m\u00e1s resilientes, equitativas, amables y respetuosas con el medio ambiente.<\/p>\n","protected":false},"author":1,"featured_media":1270,"comment_status":"open","ping_status":"open","sticky":false,"template":"","format":"standard","meta":{"advanced_seo_description":"","jetpack_seo_html_title":"","jetpack_seo_noindex":false,"_themeisle_gutenberg_block_has_review":false,"_jetpack_memberships_contains_paid_content":false,"footnotes":"","jetpack_publicize_message":"","jetpack_publicize_feature_enabled":true,"jetpack_social_post_already_shared":true,"jetpack_social_options":{"image_generator_settings":{"template":"highway","default_image_id":0,"font":"","enabled":false},"version":2}},"categories":[1],"tags":[],"class_list":["post-1269","post","type-post","status-publish","format-standard","has-post-thumbnail","hentry","category-sin-categoria"],"jetpack_publicize_connections":[],"jetpack_featured_media_url":"https:\/\/www.unioviedo.es\/rcusostenibilidad\/wp-content\/uploads\/2024\/05\/II-Jornada-Agenda-Urbana-UMU-Vier-10-May-24.jpg","jetpack-related-posts":[{"id":1308,"url":"https:\/\/www.unioviedo.es\/rcusostenibilidad\/?p=1308","url_meta":{"origin":1269,"position":0},"title":"II Encuentro de C\u00e1tedras &#8211; Programa definitivo","author":"admin","date":"10 de octubre de 2024","format":false,"excerpt":"Programa definitivo del II Encuentro de C\u00e1tedras que tendr\u00e1 lugar el d\u00eda 15 de octubre en Valencia.","rel":"","context":"En \u00abSin categor\u00eda\u00bb","block_context":{"text":"Sin categor\u00eda","link":"https:\/\/www.unioviedo.es\/rcusostenibilidad\/?cat=1"},"img":{"alt_text":"Sea Ice Patterns","src":"https:\/\/i0.wp.com\/www.unioviedo.es\/rcusostenibilidad\/wp-content\/uploads\/2023\/10\/7163119469_73ce1bbe74_b.jpg?resize=350%2C200&ssl=1","width":350,"height":200,"srcset":"https:\/\/i0.wp.com\/www.unioviedo.es\/rcusostenibilidad\/wp-content\/uploads\/2023\/10\/7163119469_73ce1bbe74_b.jpg?resize=350%2C200&ssl=1 1x, https:\/\/i0.wp.com\/www.unioviedo.es\/rcusostenibilidad\/wp-content\/uploads\/2023\/10\/7163119469_73ce1bbe74_b.jpg?resize=525%2C300&ssl=1 1.5x, https:\/\/i0.wp.com\/www.unioviedo.es\/rcusostenibilidad\/wp-content\/uploads\/2023\/10\/7163119469_73ce1bbe74_b.jpg?resize=700%2C400&ssl=1 2x"},"classes":[]},{"id":1576,"url":"https:\/\/www.unioviedo.es\/rcusostenibilidad\/?p=1576","url_meta":{"origin":1269,"position":1},"title":"Celebramos el III encuentro de la RCUS","author":"Guillermo Guiter","date":"17 de octubre de 2025","format":false,"excerpt":"La Universidad de Granada acogi\u00f3 el 16 de octubre el III Encuentro de la Red de C\u00e1tedras Universitarias de Sostenibilidad, presentado con el t\u00edtulo\u00a0Sostenibilidad en la Universidad ante el Reto 2030\u00a0y organizado por la C\u00e1tedra La Huella Verde de Granada y el Vicerrectorado de Infraestructuras y Sostenibilidad de la Universidad\u2026","rel":"","context":"En \u00abSin categor\u00eda\u00bb","block_context":{"text":"Sin categor\u00eda","link":"https:\/\/www.unioviedo.es\/rcusostenibilidad\/?cat=1"},"img":{"alt_text":"","src":"https:\/\/i0.wp.com\/www.unioviedo.es\/rcusostenibilidad\/wp-content\/uploads\/2025\/10\/Reunion-red-de-catedras.webp?resize=350%2C200&ssl=1","width":350,"height":200,"srcset":"https:\/\/i0.wp.com\/www.unioviedo.es\/rcusostenibilidad\/wp-content\/uploads\/2025\/10\/Reunion-red-de-catedras.webp?resize=350%2C200&ssl=1 1x, https:\/\/i0.wp.com\/www.unioviedo.es\/rcusostenibilidad\/wp-content\/uploads\/2025\/10\/Reunion-red-de-catedras.webp?resize=525%2C300&ssl=1 1.5x, https:\/\/i0.wp.com\/www.unioviedo.es\/rcusostenibilidad\/wp-content\/uploads\/2025\/10\/Reunion-red-de-catedras.webp?resize=700%2C400&ssl=1 2x, https:\/\/i0.wp.com\/www.unioviedo.es\/rcusostenibilidad\/wp-content\/uploads\/2025\/10\/Reunion-red-de-catedras.webp?resize=1050%2C600&ssl=1 3x, https:\/\/i0.wp.com\/www.unioviedo.es\/rcusostenibilidad\/wp-content\/uploads\/2025\/10\/Reunion-red-de-catedras.webp?resize=1400%2C800&ssl=1 4x"},"classes":[]},{"id":1517,"url":"https:\/\/www.unioviedo.es\/rcusostenibilidad\/?p=1517","url_meta":{"origin":1269,"position":2},"title":"Oviedo, Granada, Sevilla y Valencia lideran un proyecto nacional para implementar la Agenda 2030 en el Sistema Universitario Espa\u00f1ol","author":"Karina Zeballos","date":"25 de marzo de 2025","format":false,"excerpt":"La iniciativa, respaldada por el Gobierno a trav\u00e9s del Ministerio de Derechos Sociales y Agenda 2030 con la concesi\u00f3n de una una ayuda de 300.000 euros, naci\u00f3 del equipo de trabajo de la Red Universitarias de C\u00e1tedras de Sostenibilidad (RCUS) La Universidad de Oviedo ha puesto en marcha el Observatorio\u2026","rel":"","context":"En \u00abSin categor\u00eda\u00bb","block_context":{"text":"Sin categor\u00eda","link":"https:\/\/www.unioviedo.es\/rcusostenibilidad\/?cat=1"},"img":{"alt_text":"","src":"https:\/\/i0.wp.com\/www.unioviedo.es\/rcusostenibilidad\/wp-content\/uploads\/2025\/03\/Logo-ODS_horizontal_Posit_2-colores.jpg?resize=350%2C200&ssl=1","width":350,"height":200,"srcset":"https:\/\/i0.wp.com\/www.unioviedo.es\/rcusostenibilidad\/wp-content\/uploads\/2025\/03\/Logo-ODS_horizontal_Posit_2-colores.jpg?resize=350%2C200&ssl=1 1x, https:\/\/i0.wp.com\/www.unioviedo.es\/rcusostenibilidad\/wp-content\/uploads\/2025\/03\/Logo-ODS_horizontal_Posit_2-colores.jpg?resize=525%2C300&ssl=1 1.5x, https:\/\/i0.wp.com\/www.unioviedo.es\/rcusostenibilidad\/wp-content\/uploads\/2025\/03\/Logo-ODS_horizontal_Posit_2-colores.jpg?resize=700%2C400&ssl=1 2x, https:\/\/i0.wp.com\/www.unioviedo.es\/rcusostenibilidad\/wp-content\/uploads\/2025\/03\/Logo-ODS_horizontal_Posit_2-colores.jpg?resize=1050%2C600&ssl=1 3x, https:\/\/i0.wp.com\/www.unioviedo.es\/rcusostenibilidad\/wp-content\/uploads\/2025\/03\/Logo-ODS_horizontal_Posit_2-colores.jpg?resize=1400%2C800&ssl=1 4x"},"classes":[]},{"id":1520,"url":"https:\/\/www.unioviedo.es\/rcusostenibilidad\/?p=1520","url_meta":{"origin":1269,"position":3},"title":"Ciclo de Di\u00e1logos \u00abSostenibilidad y Liderazgo: Retos y Perspectivas\u00bb, organizado por la C\u00e1tedra Concepci\u00f3n Arenal de Agenda 2030 de la Universidad de Oviedo con Ontier","author":"admin","date":"23 de marzo de 2025","format":false,"excerpt":"La C\u00e1tedra Concepci\u00f3n Arenal de Agenda 2030 y el despacho Ontier organizan el ciclo de di\u00e1logos\u00a0Sostenibilidad y Liderazgo: Retos y Perspectivas\u00a0que tendr\u00e1 lugar entre los meses de marzo y noviembre de 2025 en el Espacio Circus de Oviedo. Todos los actos comenzar\u00e1n a las 19.00 horas. 25 de marzo:\u00a0Finanzas sostenibles:\u00a0perspectiva\u2026","rel":"","context":"En \u00abSin categor\u00eda\u00bb","block_context":{"text":"Sin categor\u00eda","link":"https:\/\/www.unioviedo.es\/rcusostenibilidad\/?cat=1"},"img":{"alt_text":"","src":"https:\/\/i0.wp.com\/www.unioviedo.es\/rcusostenibilidad\/wp-content\/uploads\/2025\/03\/Sostenibilidad-y-Liderazgo-Retos-y-Perspectivas-1.png?resize=350%2C200&ssl=1","width":350,"height":200,"srcset":"https:\/\/i0.wp.com\/www.unioviedo.es\/rcusostenibilidad\/wp-content\/uploads\/2025\/03\/Sostenibilidad-y-Liderazgo-Retos-y-Perspectivas-1.png?resize=350%2C200&ssl=1 1x, https:\/\/i0.wp.com\/www.unioviedo.es\/rcusostenibilidad\/wp-content\/uploads\/2025\/03\/Sostenibilidad-y-Liderazgo-Retos-y-Perspectivas-1.png?resize=525%2C300&ssl=1 1.5x, https:\/\/i0.wp.com\/www.unioviedo.es\/rcusostenibilidad\/wp-content\/uploads\/2025\/03\/Sostenibilidad-y-Liderazgo-Retos-y-Perspectivas-1.png?resize=700%2C400&ssl=1 2x"},"classes":[]},{"id":1564,"url":"https:\/\/www.unioviedo.es\/rcusostenibilidad\/?p=1564","url_meta":{"origin":1269,"position":4},"title":"III Encuentro Nacional de la Red de C\u00e1tedras Universitarias de Sostenibilidad, 16 de octubre","author":"Guillermo Guiter","date":"2 de octubre de 2025","format":false,"excerpt":"Granada acoger\u00e1 el 16 de octubre el III Encuentro Nacional de la Red de C\u00e1tedras Universitarias de Sosteniblidad (RCUS) bajo el t\u00edtulo Sostenibilidad en la Universidad ante el reto 2030 y que organizan la C\u00e1tedra La Huella Verde de Granada y el Vicerrectorado de Infraestructuras y Sostenibilidad de la Universidad\u2026","rel":"","context":"En \u00abSin categor\u00eda\u00bb","block_context":{"text":"Sin categor\u00eda","link":"https:\/\/www.unioviedo.es\/rcusostenibilidad\/?cat=1"},"img":{"alt_text":"","src":"https:\/\/i0.wp.com\/www.unioviedo.es\/rcusostenibilidad\/wp-content\/uploads\/2025\/10\/2025_10_01-Cartel-III-Encuentro-RCUS_Avance-1-scaled.jpg?resize=350%2C200&ssl=1","width":350,"height":200,"srcset":"https:\/\/i0.wp.com\/www.unioviedo.es\/rcusostenibilidad\/wp-content\/uploads\/2025\/10\/2025_10_01-Cartel-III-Encuentro-RCUS_Avance-1-scaled.jpg?resize=350%2C200&ssl=1 1x, https:\/\/i0.wp.com\/www.unioviedo.es\/rcusostenibilidad\/wp-content\/uploads\/2025\/10\/2025_10_01-Cartel-III-Encuentro-RCUS_Avance-1-scaled.jpg?resize=525%2C300&ssl=1 1.5x, https:\/\/i0.wp.com\/www.unioviedo.es\/rcusostenibilidad\/wp-content\/uploads\/2025\/10\/2025_10_01-Cartel-III-Encuentro-RCUS_Avance-1-scaled.jpg?resize=700%2C400&ssl=1 2x, https:\/\/i0.wp.com\/www.unioviedo.es\/rcusostenibilidad\/wp-content\/uploads\/2025\/10\/2025_10_01-Cartel-III-Encuentro-RCUS_Avance-1-scaled.jpg?resize=1050%2C600&ssl=1 3x, https:\/\/i0.wp.com\/www.unioviedo.es\/rcusostenibilidad\/wp-content\/uploads\/2025\/10\/2025_10_01-Cartel-III-Encuentro-RCUS_Avance-1-scaled.jpg?resize=1400%2C800&ssl=1 4x"},"classes":[]},{"id":1408,"url":"https:\/\/www.unioviedo.es\/rcusostenibilidad\/?p=1408","url_meta":{"origin":1269,"position":5},"title":"Acuerdos del II Encuentro de C\u00e1tedras","author":"admin","date":"9 de noviembre de 2024","format":false,"excerpt":"La Red de C\u00e1tedras Universitarias de Sostenibilidad. Agenda 2030, Cambio Clim\u00e1tico y Econom\u00eda Circular (RCUS), reunida en el Jard\u00ed Bot\u00e0nic de la Universitat de Val\u00e8ncia el 15 de octubre de 2024 con el objetivo de consolidar esta alianza, as\u00ed como impulsar l\u00edneas de trabajo que concreten acciones comunes, ha reafirmado\u2026","rel":"","context":"En \u00abSin categor\u00eda\u00bb","block_context":{"text":"Sin categor\u00eda","link":"https:\/\/www.unioviedo.es\/rcusostenibilidad\/?cat=1"},"img":{"alt_text":"","src":"https:\/\/i0.wp.com\/www.unioviedo.es\/rcusostenibilidad\/wp-content\/uploads\/2024\/11\/FotoIIEncuentro.png?resize=350%2C200&ssl=1","width":350,"height":200,"srcset":"https:\/\/i0.wp.com\/www.unioviedo.es\/rcusostenibilidad\/wp-content\/uploads\/2024\/11\/FotoIIEncuentro.png?resize=350%2C200&ssl=1 1x, https:\/\/i0.wp.com\/www.unioviedo.es\/rcusostenibilidad\/wp-content\/uploads\/2024\/11\/FotoIIEncuentro.png?resize=525%2C300&ssl=1 1.5x, https:\/\/i0.wp.com\/www.unioviedo.es\/rcusostenibilidad\/wp-content\/uploads\/2024\/11\/FotoIIEncuentro.png?resize=700%2C400&ssl=1 2x, https:\/\/i0.wp.com\/www.unioviedo.es\/rcusostenibilidad\/wp-content\/uploads\/2024\/11\/FotoIIEncuentro.png?resize=1050%2C600&ssl=1 3x, https:\/\/i0.wp.com\/www.unioviedo.es\/rcusostenibilidad\/wp-content\/uploads\/2024\/11\/FotoIIEncuentro.png?resize=1400%2C800&ssl=1 4x"},"classes":[]}],"jetpack_shortlink":"https:\/\/wp.me\/pfdLWf-kt","jetpack_sharing_enabled":true,"_links":{"self":[{"href":"https:\/\/www.unioviedo.es\/rcusostenibilidad\/index.php?rest_route=\/wp\/v2\/posts\/1269","targetHints":{"allow":["GET"]}}],"collection":[{"href":"https:\/\/www.unioviedo.es\/rcusostenibilidad\/index.php?rest_route=\/wp\/v2\/posts"}],"about":[{"href":"https:\/\/www.unioviedo.es\/rcusostenibilidad\/index.php?rest_route=\/wp\/v2\/types\/post"}],"author":[{"embeddable":true,"href":"https:\/\/www.unioviedo.es\/rcusostenibilidad\/index.php?rest_route=\/wp\/v2\/users\/1"}],"replies":[{"embeddable":true,"href":"https:\/\/www.unioviedo.es\/rcusostenibilidad\/index.php?rest_route=%2Fwp%2Fv2%2Fcomments&post=1269"}],"version-history":[{"count":1,"href":"https:\/\/www.unioviedo.es\/rcusostenibilidad\/index.php?rest_route=\/wp\/v2\/posts\/1269\/revisions"}],"predecessor-version":[{"id":1271,"href":"https:\/\/www.unioviedo.es\/rcusostenibilidad\/index.php?rest_route=\/wp\/v2\/posts\/1269\/revisions\/1271"}],"wp:featuredmedia":[{"embeddable":true,"href":"https:\/\/www.unioviedo.es\/rcusostenibilidad\/index.php?rest_route=\/wp\/v2\/media\/1270"}],"wp:attachment":[{"href":"https:\/\/www.unioviedo.es\/rcusostenibilidad\/index.php?rest_route=%2Fwp%2Fv2%2Fmedia&parent=1269"}],"wp:term":[{"taxonomy":"category","embeddable":true,"href":"https:\/\/www.unioviedo.es\/rcusostenibilidad\/index.php?rest_route=%2Fwp%2Fv2%2Fcategories&post=1269"},{"taxonomy":"post_tag","embeddable":true,"href":"https:\/\/www.unioviedo.es\/rcusostenibilidad\/index.php?rest_route=%2Fwp%2Fv2%2Ftags&post=1269"}],"curies":[{"name":"wp","href":"https:\/\/api.w.org\/{rel}","templated":true}]}}