{"id":1492,"date":"2025-02-20T15:44:00","date_gmt":"2025-02-20T14:44:00","guid":{"rendered":"https:\/\/www.unioviedo.es\/rcusostenibilidad\/?p=1492"},"modified":"2025-02-28T17:48:33","modified_gmt":"2025-02-28T16:48:33","slug":"la-universidad-de-granada-y-la-camara-de-comercio-lanzan-la-primera-microcredencial-profesional-en-sostenibilidad-dirigida-a-las-empresas","status":"publish","type":"post","link":"https:\/\/www.unioviedo.es\/rcusostenibilidad\/?p=1492","title":{"rendered":"La Universidad de Granada y la C\u00e1mara de Comercio lanzan la primera microcredencial profesional en sostenibilidad dirigida a las empresas"},"content":{"rendered":"\n<p>La Universidad de Granada (UGR) y la C\u00e1mara de Comercio refuerzan su colaboraci\u00f3n con el lanzamiento de la primera microcredencial de especializaci\u00f3n profesional en sostenibilidad empresarial. Este innovador programa formativo, titulado Gestor de Sostenibilidad en la Empresa (CSO, Chief Sustainability Officer), se enmarca en la l\u00ednea de trabajo establecida entre las dos instituciones para potenciar la formaci\u00f3n con el desarrollo de titulaciones de alto nivel orientadas a profesionales.<\/p>\n\n\n\n<p>La microcredencial, una iniciativa que surgi\u00f3 del Movimiento Huella Verde y est\u00e1 patrocinada por OMAWA, supone un paso adelante en la apuesta por la formaci\u00f3n continua y especializada. Con una carga acad\u00e9mica de 5 cr\u00e9ditos ECTS y un enfoque pr\u00e1ctico, esta microcredencial ofrece a directivos y profesionales las herramientas necesarias para integrar la sostenibilidad en la estrategia de sus empresas. Adem\u00e1s, el programa es 100% bonificable a trav\u00e9s de FUNDAE, facilitando el acceso a una formaci\u00f3n de vanguardia sin coste para las empresas.<\/p>\n\n\n\n<p>M\u00e1s info. en: <a href=\"https:\/\/canal.ugr.es\/noticia\/la-universidad-de-granada-y-la-camara-de-comercio-lanzan-la-primera-microcredencial-profesional-en-sostenibilidad-dirigida-a-las-empresas\/\">https:\/\/canal.ugr.es\/noticia\/la-universidad-de-granada-y-la-camara-de-comercio-lanzan-la-primera-microcredencial-profesional-en-sostenibilidad-dirigida-a-las-empresas\/<\/a><\/p>\n","protected":false},"excerpt":{"rendered":"<p>La Universidad de Granada (UGR) y la C\u00e1mara de Comercio refuerzan su colaboraci\u00f3n con el lanzamiento de la primera microcredencial de especializaci\u00f3n profesional en sostenibilidad empresarial.<\/p>\n","protected":false},"author":1,"featured_media":1493,"comment_status":"open","ping_status":"open","sticky":false,"template":"","format":"standard","meta":{"advanced_seo_description":"","jetpack_seo_html_title":"","jetpack_seo_noindex":false,"_themeisle_gutenberg_block_has_review":false,"_jetpack_memberships_contains_paid_content":false,"footnotes":"","jetpack_publicize_message":"","jetpack_publicize_feature_enabled":true,"jetpack_social_post_already_shared":true,"jetpack_social_options":{"image_generator_settings":{"template":"highway","default_image_id":0,"font":"","enabled":false},"version":2}},"categories":[1],"tags":[],"class_list":["post-1492","post","type-post","status-publish","format-standard","has-post-thumbnail","hentry","category-sin-categoria"],"jetpack_publicize_connections":[],"jetpack_featured_media_url":"https:\/\/www.unioviedo.es\/rcusostenibilidad\/wp-content\/uploads\/2025\/02\/Editada-283A8942-2.png","jetpack-related-posts":[{"id":1576,"url":"https:\/\/www.unioviedo.es\/rcusostenibilidad\/?p=1576","url_meta":{"origin":1492,"position":0},"title":"Celebramos el III encuentro de la RCUS","author":"Guillermo Guiter","date":"17 de octubre de 2025","format":false,"excerpt":"La Universidad de Granada acogi\u00f3 el 16 de octubre el III Encuentro de la Red de C\u00e1tedras Universitarias de Sostenibilidad, presentado con el t\u00edtulo\u00a0Sostenibilidad en la Universidad ante el Reto 2030\u00a0y organizado por la C\u00e1tedra La Huella Verde de Granada y el Vicerrectorado de Infraestructuras y Sostenibilidad de la Universidad\u2026","rel":"","context":"En \u00abSin categor\u00eda\u00bb","block_context":{"text":"Sin categor\u00eda","link":"https:\/\/www.unioviedo.es\/rcusostenibilidad\/?cat=1"},"img":{"alt_text":"","src":"https:\/\/i0.wp.com\/www.unioviedo.es\/rcusostenibilidad\/wp-content\/uploads\/2025\/10\/Reunion-red-de-catedras.webp?resize=350%2C200&ssl=1","width":350,"height":200,"srcset":"https:\/\/i0.wp.com\/www.unioviedo.es\/rcusostenibilidad\/wp-content\/uploads\/2025\/10\/Reunion-red-de-catedras.webp?resize=350%2C200&ssl=1 1x, https:\/\/i0.wp.com\/www.unioviedo.es\/rcusostenibilidad\/wp-content\/uploads\/2025\/10\/Reunion-red-de-catedras.webp?resize=525%2C300&ssl=1 1.5x, https:\/\/i0.wp.com\/www.unioviedo.es\/rcusostenibilidad\/wp-content\/uploads\/2025\/10\/Reunion-red-de-catedras.webp?resize=700%2C400&ssl=1 2x, https:\/\/i0.wp.com\/www.unioviedo.es\/rcusostenibilidad\/wp-content\/uploads\/2025\/10\/Reunion-red-de-catedras.webp?resize=1050%2C600&ssl=1 3x, https:\/\/i0.wp.com\/www.unioviedo.es\/rcusostenibilidad\/wp-content\/uploads\/2025\/10\/Reunion-red-de-catedras.webp?resize=1400%2C800&ssl=1 4x"},"classes":[]},{"id":1564,"url":"https:\/\/www.unioviedo.es\/rcusostenibilidad\/?p=1564","url_meta":{"origin":1492,"position":1},"title":"III Encuentro Nacional de la Red de C\u00e1tedras Universitarias de Sostenibilidad, 16 de octubre","author":"Guillermo Guiter","date":"2 de octubre de 2025","format":false,"excerpt":"Granada acoger\u00e1 el 16 de octubre el III Encuentro Nacional de la Red de C\u00e1tedras Universitarias de Sosteniblidad (RCUS) bajo el t\u00edtulo Sostenibilidad en la Universidad ante el reto 2030 y que organizan la C\u00e1tedra La Huella Verde de Granada y el Vicerrectorado de Infraestructuras y Sostenibilidad de la Universidad\u2026","rel":"","context":"En \u00abSin categor\u00eda\u00bb","block_context":{"text":"Sin categor\u00eda","link":"https:\/\/www.unioviedo.es\/rcusostenibilidad\/?cat=1"},"img":{"alt_text":"","src":"https:\/\/i0.wp.com\/www.unioviedo.es\/rcusostenibilidad\/wp-content\/uploads\/2025\/10\/2025_10_01-Cartel-III-Encuentro-RCUS_Avance-1-scaled.jpg?resize=350%2C200&ssl=1","width":350,"height":200,"srcset":"https:\/\/i0.wp.com\/www.unioviedo.es\/rcusostenibilidad\/wp-content\/uploads\/2025\/10\/2025_10_01-Cartel-III-Encuentro-RCUS_Avance-1-scaled.jpg?resize=350%2C200&ssl=1 1x, https:\/\/i0.wp.com\/www.unioviedo.es\/rcusostenibilidad\/wp-content\/uploads\/2025\/10\/2025_10_01-Cartel-III-Encuentro-RCUS_Avance-1-scaled.jpg?resize=525%2C300&ssl=1 1.5x, https:\/\/i0.wp.com\/www.unioviedo.es\/rcusostenibilidad\/wp-content\/uploads\/2025\/10\/2025_10_01-Cartel-III-Encuentro-RCUS_Avance-1-scaled.jpg?resize=700%2C400&ssl=1 2x, https:\/\/i0.wp.com\/www.unioviedo.es\/rcusostenibilidad\/wp-content\/uploads\/2025\/10\/2025_10_01-Cartel-III-Encuentro-RCUS_Avance-1-scaled.jpg?resize=1050%2C600&ssl=1 3x, https:\/\/i0.wp.com\/www.unioviedo.es\/rcusostenibilidad\/wp-content\/uploads\/2025\/10\/2025_10_01-Cartel-III-Encuentro-RCUS_Avance-1-scaled.jpg?resize=1400%2C800&ssl=1 4x"},"classes":[]},{"id":1183,"url":"https:\/\/www.unioviedo.es\/rcusostenibilidad\/?p=1183","url_meta":{"origin":1492,"position":2},"title":"La Red en prensa: 17\/11\/2023","author":"admin","date":"17 de noviembre de 2023","format":false,"excerpt":"Resumen de las apariciones en prensa de la Red.","rel":"","context":"En \u00abLa Red en prensa\u00bb","block_context":{"text":"La Red en prensa","link":"https:\/\/www.unioviedo.es\/rcusostenibilidad\/?cat=37"},"img":{"alt_text":"selective focus photography of magazines","src":"https:\/\/i0.wp.com\/www.unioviedo.es\/rcusostenibilidad\/wp-content\/uploads\/2023\/11\/pexels-photo-518543.jpeg?resize=350%2C200&ssl=1","width":350,"height":200,"srcset":"https:\/\/i0.wp.com\/www.unioviedo.es\/rcusostenibilidad\/wp-content\/uploads\/2023\/11\/pexels-photo-518543.jpeg?resize=350%2C200&ssl=1 1x, https:\/\/i0.wp.com\/www.unioviedo.es\/rcusostenibilidad\/wp-content\/uploads\/2023\/11\/pexels-photo-518543.jpeg?resize=525%2C300&ssl=1 1.5x, https:\/\/i0.wp.com\/www.unioviedo.es\/rcusostenibilidad\/wp-content\/uploads\/2023\/11\/pexels-photo-518543.jpeg?resize=700%2C400&ssl=1 2x, https:\/\/i0.wp.com\/www.unioviedo.es\/rcusostenibilidad\/wp-content\/uploads\/2023\/11\/pexels-photo-518543.jpeg?resize=1050%2C600&ssl=1 3x, https:\/\/i0.wp.com\/www.unioviedo.es\/rcusostenibilidad\/wp-content\/uploads\/2023\/11\/pexels-photo-518543.jpeg?resize=1400%2C800&ssl=1 4x"},"classes":[]},{"id":1589,"url":"https:\/\/www.unioviedo.es\/rcusostenibilidad\/?p=1589","url_meta":{"origin":1492,"position":3},"title":"\u00abDi\u00e1logos sobre la Responsabilidad Social\u00bb en la Universidad de Valencia","author":"Guillermo Guiter","date":"1 de diciembre de 2025","format":false,"excerpt":"La Universitat de Val\u00e9ncia acoge el 2 de diciembre de 2025 una jornada de los \"Di\u00e1logos por la responsabilidad social\" organizados por la Universitat de Val\u00e8ncia, bajo el t\u00edtulo \"La sostenibilidad para potenciar las misiones de la universidad. Las tres h\u00e9lices: docencia, investigaci\u00f3n y transferencia del conocimiento\". M\u00e1s info: https:\/\/www.uv.es\/uv-sostenibilidad\/es\/universidad-sociedad\/-dialogos-responsabilidad-social-uv.html","rel":"","context":"En \u00abSin categor\u00eda\u00bb","block_context":{"text":"Sin categor\u00eda","link":"https:\/\/www.unioviedo.es\/rcusostenibilidad\/?cat=1"},"img":{"alt_text":"","src":"https:\/\/i0.wp.com\/www.unioviedo.es\/rcusostenibilidad\/wp-content\/uploads\/2025\/12\/Captura-de-pantalla-2025-12-01-171551.jpg?resize=350%2C200&ssl=1","width":350,"height":200,"srcset":"https:\/\/i0.wp.com\/www.unioviedo.es\/rcusostenibilidad\/wp-content\/uploads\/2025\/12\/Captura-de-pantalla-2025-12-01-171551.jpg?resize=350%2C200&ssl=1 1x, https:\/\/i0.wp.com\/www.unioviedo.es\/rcusostenibilidad\/wp-content\/uploads\/2025\/12\/Captura-de-pantalla-2025-12-01-171551.jpg?resize=525%2C300&ssl=1 1.5x, https:\/\/i0.wp.com\/www.unioviedo.es\/rcusostenibilidad\/wp-content\/uploads\/2025\/12\/Captura-de-pantalla-2025-12-01-171551.jpg?resize=700%2C400&ssl=1 2x"},"classes":[]},{"id":1408,"url":"https:\/\/www.unioviedo.es\/rcusostenibilidad\/?p=1408","url_meta":{"origin":1492,"position":4},"title":"Acuerdos del II Encuentro de C\u00e1tedras","author":"admin","date":"9 de noviembre de 2024","format":false,"excerpt":"La Red de C\u00e1tedras Universitarias de Sostenibilidad. Agenda 2030, Cambio Clim\u00e1tico y Econom\u00eda Circular (RCUS), reunida en el Jard\u00ed Bot\u00e0nic de la Universitat de Val\u00e8ncia el 15 de octubre de 2024 con el objetivo de consolidar esta alianza, as\u00ed como impulsar l\u00edneas de trabajo que concreten acciones comunes, ha reafirmado\u2026","rel":"","context":"En \u00abSin categor\u00eda\u00bb","block_context":{"text":"Sin categor\u00eda","link":"https:\/\/www.unioviedo.es\/rcusostenibilidad\/?cat=1"},"img":{"alt_text":"","src":"https:\/\/i0.wp.com\/www.unioviedo.es\/rcusostenibilidad\/wp-content\/uploads\/2024\/11\/FotoIIEncuentro.png?resize=350%2C200&ssl=1","width":350,"height":200,"srcset":"https:\/\/i0.wp.com\/www.unioviedo.es\/rcusostenibilidad\/wp-content\/uploads\/2024\/11\/FotoIIEncuentro.png?resize=350%2C200&ssl=1 1x, https:\/\/i0.wp.com\/www.unioviedo.es\/rcusostenibilidad\/wp-content\/uploads\/2024\/11\/FotoIIEncuentro.png?resize=525%2C300&ssl=1 1.5x, https:\/\/i0.wp.com\/www.unioviedo.es\/rcusostenibilidad\/wp-content\/uploads\/2024\/11\/FotoIIEncuentro.png?resize=700%2C400&ssl=1 2x, https:\/\/i0.wp.com\/www.unioviedo.es\/rcusostenibilidad\/wp-content\/uploads\/2024\/11\/FotoIIEncuentro.png?resize=1050%2C600&ssl=1 3x, https:\/\/i0.wp.com\/www.unioviedo.es\/rcusostenibilidad\/wp-content\/uploads\/2024\/11\/FotoIIEncuentro.png?resize=1400%2C800&ssl=1 4x"},"classes":[]},{"id":1517,"url":"https:\/\/www.unioviedo.es\/rcusostenibilidad\/?p=1517","url_meta":{"origin":1492,"position":5},"title":"Oviedo, Granada, Sevilla y Valencia lideran un proyecto nacional para implementar la Agenda 2030 en el Sistema Universitario Espa\u00f1ol","author":"Karina Zeballos","date":"25 de marzo de 2025","format":false,"excerpt":"La iniciativa, respaldada por el Gobierno a trav\u00e9s del Ministerio de Derechos Sociales y Agenda 2030 con la concesi\u00f3n de una una ayuda de 300.000 euros, naci\u00f3 del equipo de trabajo de la Red Universitarias de C\u00e1tedras de Sostenibilidad (RCUS) La Universidad de Oviedo ha puesto en marcha el Observatorio\u2026","rel":"","context":"En \u00abSin categor\u00eda\u00bb","block_context":{"text":"Sin categor\u00eda","link":"https:\/\/www.unioviedo.es\/rcusostenibilidad\/?cat=1"},"img":{"alt_text":"","src":"https:\/\/i0.wp.com\/www.unioviedo.es\/rcusostenibilidad\/wp-content\/uploads\/2025\/03\/Logo-ODS_horizontal_Posit_2-colores.jpg?resize=350%2C200&ssl=1","width":350,"height":200,"srcset":"https:\/\/i0.wp.com\/www.unioviedo.es\/rcusostenibilidad\/wp-content\/uploads\/2025\/03\/Logo-ODS_horizontal_Posit_2-colores.jpg?resize=350%2C200&ssl=1 1x, https:\/\/i0.wp.com\/www.unioviedo.es\/rcusostenibilidad\/wp-content\/uploads\/2025\/03\/Logo-ODS_horizontal_Posit_2-colores.jpg?resize=525%2C300&ssl=1 1.5x, https:\/\/i0.wp.com\/www.unioviedo.es\/rcusostenibilidad\/wp-content\/uploads\/2025\/03\/Logo-ODS_horizontal_Posit_2-colores.jpg?resize=700%2C400&ssl=1 2x, https:\/\/i0.wp.com\/www.unioviedo.es\/rcusostenibilidad\/wp-content\/uploads\/2025\/03\/Logo-ODS_horizontal_Posit_2-colores.jpg?resize=1050%2C600&ssl=1 3x, https:\/\/i0.wp.com\/www.unioviedo.es\/rcusostenibilidad\/wp-content\/uploads\/2025\/03\/Logo-ODS_horizontal_Posit_2-colores.jpg?resize=1400%2C800&ssl=1 4x"},"classes":[]}],"jetpack_shortlink":"https:\/\/wp.me\/pfdLWf-o4","jetpack_sharing_enabled":true,"_links":{"self":[{"href":"https:\/\/www.unioviedo.es\/rcusostenibilidad\/index.php?rest_route=\/wp\/v2\/posts\/1492","targetHints":{"allow":["GET"]}}],"collection":[{"href":"https:\/\/www.unioviedo.es\/rcusostenibilidad\/index.php?rest_route=\/wp\/v2\/posts"}],"about":[{"href":"https:\/\/www.unioviedo.es\/rcusostenibilidad\/index.php?rest_route=\/wp\/v2\/types\/post"}],"author":[{"embeddable":true,"href":"https:\/\/www.unioviedo.es\/rcusostenibilidad\/index.php?rest_route=\/wp\/v2\/users\/1"}],"replies":[{"embeddable":true,"href":"https:\/\/www.unioviedo.es\/rcusostenibilidad\/index.php?rest_route=%2Fwp%2Fv2%2Fcomments&post=1492"}],"version-history":[{"count":1,"href":"https:\/\/www.unioviedo.es\/rcusostenibilidad\/index.php?rest_route=\/wp\/v2\/posts\/1492\/revisions"}],"predecessor-version":[{"id":1494,"href":"https:\/\/www.unioviedo.es\/rcusostenibilidad\/index.php?rest_route=\/wp\/v2\/posts\/1492\/revisions\/1494"}],"wp:featuredmedia":[{"embeddable":true,"href":"https:\/\/www.unioviedo.es\/rcusostenibilidad\/index.php?rest_route=\/wp\/v2\/media\/1493"}],"wp:attachment":[{"href":"https:\/\/www.unioviedo.es\/rcusostenibilidad\/index.php?rest_route=%2Fwp%2Fv2%2Fmedia&parent=1492"}],"wp:term":[{"taxonomy":"category","embeddable":true,"href":"https:\/\/www.unioviedo.es\/rcusostenibilidad\/index.php?rest_route=%2Fwp%2Fv2%2Fcategories&post=1492"},{"taxonomy":"post_tag","embeddable":true,"href":"https:\/\/www.unioviedo.es\/rcusostenibilidad\/index.php?rest_route=%2Fwp%2Fv2%2Ftags&post=1492"}],"curies":[{"name":"wp","href":"https:\/\/api.w.org\/{rel}","templated":true}]}}