{"id":1517,"date":"2025-03-25T11:48:24","date_gmt":"2025-03-25T10:48:24","guid":{"rendered":"https:\/\/www.unioviedo.es\/rcusostenibilidad\/?p=1517"},"modified":"2025-06-03T10:44:05","modified_gmt":"2025-06-03T08:44:05","slug":"oviedo-granada-sevilla-y-valencia-lideran-un-proyecto-nacional-para-implementar-la-agenda-2030-en-el-sistema-universitario-espanol","status":"publish","type":"post","link":"https:\/\/www.unioviedo.es\/rcusostenibilidad\/?p=1517","title":{"rendered":"Oviedo, Granada, Sevilla y Valencia lideran un proyecto nacional para implementar la Agenda 2030 en el Sistema Universitario Espa\u00f1ol"},"content":{"rendered":"\n<p style=\"font-size:clamp(0.875rem, 0.875rem + ((1vw - 0.2rem) * 0.773), 1.3rem);\">La iniciativa, respaldada por el Gobierno a trav\u00e9s del Ministerio de Derechos Sociales y Agenda 2030 con la concesi\u00f3n de una una ayuda de 300.000 euros, naci\u00f3 del equipo de trabajo de la Red Universitarias de C\u00e1tedras de Sostenibilidad (RCUS)<\/p>\n\n\n\n<p>La <strong>Universidad de Oviedo<\/strong> ha puesto en marcha el <strong>Observatorio de Implementaci\u00f3n de la Agenda 2030 en el Sistema Universitario Espa\u00f1ol<\/strong>, una iniciativa innovadora en colaboraci\u00f3n con diversas c\u00e1tedras de las universidades de Granada, Sevilla y Valencia. Este proyecto permitir\u00e1 evaluar el grado de integraci\u00f3n de los Objetivos de Desarrollo Sostenible (ODS) en las universidades p\u00fablicas y privadas de Espa\u00f1a.<\/p>\n\n\n\n<p>Este Observatorio tiene como objetivo ofrecer un marco de <strong>transparencia, acceso a la informaci\u00f3n y buen gobierno<\/strong>, midiendo con datos objetivos la evoluci\u00f3n del sistema universitario en la implementaci\u00f3n de la Agenda 2030. Permitir\u00e1 identificar buenas pr\u00e1cticas, corregir deficiencias y fomentar la implicaci\u00f3n de los <strong>stakeholders<\/strong> en la transformaci\u00f3n de las universidades hacia un modelo m\u00e1s sostenible e inclusivo.&nbsp;<\/p>\n\n\n\n<p>En este sentido, el Observatorio proporcionar\u00e1 herramientas que faciliten el seguimiento y evaluaci\u00f3n del impacto universitario en los ODS, asegurando que las universidades no solo cumplan con aquellos objetivos que les afectan directamente, sino que tambi\u00e9n contribuyan al desarrollo sostenible de manera integral.&nbsp;<\/p>\n\n\n\n<p>Adem\u00e1s, el proyecto refuerza la necesidad de una coherencia de pol\u00edticas para el desarrollo sostenible, tal como lo establecen los ODS 17, asegurando que los esfuerzos universitarios se alineen con los compromisos de la Estrategia de Desarrollo Sostenible del pa\u00eds.<\/p>\n\n\n\n<p>El<strong> <\/strong><strong>Observatorio de Implementaci\u00f3n de la Agenda 2030 en el Sistema Universitario Espa\u00f1ol <\/strong>trabajar\u00e1 con un enfoque multidimensional, integrando los siguientes principios:<\/p>\n\n\n\n<ul class=\"wp-block-list\">\n<li><strong>Transversalidad y diversidad<\/strong>: Se abordar\u00e1 la sostenibilidad de manera inclusiva, integrando distintos enfoques disciplinares y promoviendo la acci\u00f3n colectiva.<\/li>\n\n\n\n<li><strong>Colaboraci\u00f3n y sinergias<\/strong>: Se fomentar\u00e1 el trabajo en red entre instituciones acad\u00e9micas, compartiendo conocimientos, experiencias y recursos para alcanzar los ODS.<\/li>\n\n\n\n<li><strong>Investigaci\u00f3n y formaci\u00f3n de calidad<\/strong>: Se garantizar\u00e1 el rigor cient\u00edfico en la generaci\u00f3n de conocimiento, promoviendo la innovaci\u00f3n y la transferencia para una toma de decisiones informada.<\/li>\n\n\n\n<li><strong>Ciencia abierta<\/strong>: Se impulsar\u00e1 la transparencia y el acceso abierto a los resultados de la investigaci\u00f3n, aline\u00e1ndose con las demandas de una sociedad m\u00e1s participativa.<\/li>\n\n\n\n<li><strong>Compromiso con la educaci\u00f3n para el desarrollo sostenible<\/strong>: Se trabajar\u00e1 para integrar contenidos de sostenibilidad en los planes de estudio y en actividades de formaci\u00f3n, fomentando una conciencia colectiva sobre la importancia del desarrollo sostenible.<\/li>\n<\/ul>\n\n\n\n<p>Este proyecto incorpora un enfoque transversal de <strong>g\u00e9nero<\/strong>, garantizando la igualdad de oportunidades en su dise\u00f1o, implementaci\u00f3n y evaluaci\u00f3n. Se prev\u00e9 la <strong>desagregaci\u00f3n de datos por sexo<\/strong> y la promoci\u00f3n de la participaci\u00f3n equilibrada de hombres y mujeres. Asimismo, el Observatorio se compromete con la promoci\u00f3n y respeto de los <strong>derechos humanos<\/strong>, asegurando que todas sus acciones reflejen valores como la <strong>dignidad, la inclusi\u00f3n y la no discriminaci\u00f3n<\/strong>.&nbsp;<\/p>\n\n\n\n<p>Desde una perspectiva de sostenibilidad, el proyecto adopta un enfoque <strong>hol\u00edstico<\/strong> que integra las dimensiones <strong>medioambiental, social, econ\u00f3mica, cultural y de gobernanza<\/strong>, asegurando una visi\u00f3n integral de los retos que plantea la Agenda 2030 en el \u00e1mbito universitario.&nbsp;<\/p>\n\n\n\n<p>Este proyecto se presenta como un <strong>paso decisivo para la integraci\u00f3n de la sostenibilidad en la educaci\u00f3n superior espa\u00f1ola<\/strong>, proporcionando herramientas para una <strong>toma de decisiones informada<\/strong>, fortaleciendo la transparencia y fomentando un <strong>compromiso colectivo<\/strong> hacia un futuro m\u00e1s sostenible y equitativo.<\/p>\n\n\n\n<p style=\"font-size:clamp(14px, 0.875rem + ((1vw - 3.2px) * 0.682), 20px);\"><strong>Un proyecto de impacto nacional<\/strong><\/p>\n\n\n\n<p>El Observatorio de Implementaci\u00f3n de la Agenda 2030 beneficiar\u00e1 a <strong>todos los colectivos que integran el Sistema Universitario Espa\u00f1ol<\/strong>, incluyendo el estudiantado de los distintos niveles formativos, personal docente e investigador universitario el personal t\u00e9cnico, de gesti\u00f3n administrativa y de servicios as\u00ed como las estructuras de gobierno universitario. Tan solo en las cuatro universidades impulsoras, se estima que el proyecto impactar\u00e1 directamente a <strong>m\u00e1s de 200.000 personas<\/strong>.<\/p>\n\n\n\n<p>Nacido de la mano de la <strong>Red de C\u00e1tedras Universitarias de Sostenibilidad (RCUS)<\/strong>, creada en el I Encuentro de C\u00e1tedras Universitarias de Sostenibilidad celebrado en Oviedo en octubre de 2023, esta red ser\u00e1 coordinada por la <strong>C\u00e1tedra Concepci\u00f3n Arenal de Agenda 2030 de la Universidad de Oviedo<\/strong>, la cual re\u00fane a <strong>39 c\u00e1tedras de sostenibilidad de 21 universidades espa\u00f1olas<\/strong>, con el objetivo de fomentar la colaboraci\u00f3n en <strong>formaci\u00f3n, investigaci\u00f3n, innovaci\u00f3n y transferencia de conocimiento<\/strong> en materia de sostenibilidad. El Observatorio estar\u00e1 en desarrollo entre los meses de marzo y octubre de 2025; no obstante, las universidades participantes, aspiran a mantenerlo activo de forma extendida.<\/p>\n\n\n\n<p>El proyecto cuenta con una agrupaci\u00f3n <strong>diversa, interdisciplinar y multidisciplinar<\/strong>, lo que permite abordar los an\u00e1lisis desde distintas perspectivas cient\u00edficas de forma integrada. Esta estructura colaborativa asegura que la informaci\u00f3n obtenida sea rigurosa y refleje la realidad del sistema universitario espa\u00f1ol.&nbsp;<\/p>\n\n\n\n<p>El equipo de trabajo del proyecto est\u00e1 formado por 14 profesores universitarios pertenecientes a las 4 universidades participantes: 8 a la Universidad de Oviedo, 2 a la Universidad de Granada, 2 a la Universidad de Sevilla, 2 a la Universidad de Valencia.\u00a0 Todos ellos son acreditados acad\u00e9micos expertos en sostenibilidad, por ello todos ellos est\u00e1n formando parte de la direcci\u00f3n de las respectivas c\u00e1tedras. Adem\u00e1s, para complementar el desarrollo de las actividades a desarrollar en este proyecto se ha llevado a cabo la contrataci\u00f3n de un gestor de proyecto a tiempo completo, y cinco contratados predoctorales a tiempo parcial.<\/p>\n\n\n\n<p>As\u00ed, por parte de la Universidad de Oviedo se integran en el equipo los directores de la <strong>C\u00e1tedra Concepci\u00f3n Arenal de Agenda 2030<\/strong>, dirigida por Mar\u00eda Rosario Alonso Ib\u00e1\u00f1ez, catedr\u00e1tica de Derecho Administrativo y la <strong>C\u00e1tedra de Econom\u00eda Circular<\/strong> dirigida por Jos\u00e9 Luis Viesca Rodr\u00edguez, catedr\u00e1tico de Ingenier\u00eda Mec\u00e1nica. Se integran tambi\u00e9n otros cinco profesores de la entidad solicitante, pertenecientes todos ellos al equipo de direcci\u00f3n de las respectivas C\u00e1tedras pertenecientes a las \u00e1reas de Derecho Administrativo, Derecho Internacional P\u00fablico, Econom\u00eda Financiera, Ingenier\u00eda Qu\u00edmica, Ingenier\u00eda Mec\u00e1nica y Organizaci\u00f3n de Empresas.&nbsp;Completan el equipo de trabajo por parte de la Universidad de Oviedo las profesoras Silvia G\u00f3mez Ans\u00f3n, Pilar Gonz\u00e1lez Torre, Beatriz V\u00e1zquez Rodr\u00edguez, Irma Mart\u00ednez Garc\u00eda y Paula Oulego Blanco.&nbsp;<\/p>\n\n\n\n<p>Desde la Universidad de Granada forma parte el equipo de la <strong>C\u00e1tedra Huella Verde<\/strong> dirigida por Montserrat Zamorano, catedr\u00e1tica de Ingenier\u00eda Civil, y por Magdalena Trillo, Profesora Titular de Comunicaci\u00f3n Audiovisual.&nbsp;Por parte de la Universitat de Val\u00e8ncia forma parte el equipo de la <strong>C\u00e1tedra de Transformaci\u00f3n del Modelo Econ\u00f3mico: Econom\u00eda Circular en el Sector del Agua<\/strong>, dirigida por Francesc Hern\u00e1ndez, catedr\u00e1tico de Estructura Econ\u00f3mica, y la <strong>C\u00e1tedra de Cultura Cient\u00edfica para la Emergencia Clim\u00e1tica<\/strong> (C\u00e1tedra CCC), dirigida por Olga Mayoral, Profesora Contratada Doctora de Did\u00e1ctica de las Ciencias Experimentales, y Subdirectora del Jard\u00edn Bot\u00e1nico de Valencia.<\/p>\n\n\n\n<p>Por parte de la Universidad de Sevilla forma parte la <strong>C\u00e1tedra de Econom\u00eda Circular de la US<\/strong> dirigida por Jos\u00e9 Fernando Vidal, catedr\u00e1tico de Ingenier\u00eda Qu\u00edmica y Ambiental. Adem\u00e1s del grupo de coordinaci\u00f3n de la RCUS, el Observatorio contar\u00e1 con el respaldo de la red de patrocinadores de cada c\u00e1tedra miembro, que incluyen entidades <strong>p\u00fablicas y privadas<\/strong>, fortaleciendo as\u00ed las alianzas innovadoras para el desarrollo del proyecto.<\/p>\n\n\n\n<p>En conjunto, los miembros del equipo de trabajo acumulan m\u00e1s de 31 sexenios de investigaci\u00f3n y 5 de transferencia, y en los \u00faltimos 5 a\u00f1os, al menos, 21 proyectos I+D+i nacionales y 15 proyectos I+D+i internacionales competitivos como investigadores principales (IP) y una producci\u00f3n cient\u00edfica que alcanza un total de 203 art\u00edculos cient\u00edficos, 9 monograf\u00edas, 67 cap\u00edtulos de libro, 18 tesis doctorales dirigidas, y 29 meses de estancias de investigaci\u00f3n fuera de Espa\u00f1a, adem\u00e1s de haber impartido como invitados cerca de un centenar de conferencias en distintas universidades espa\u00f1olas y extranjeras.<\/p>\n","protected":false},"excerpt":{"rendered":"<p>La iniciativa, respaldada por el Gobierno a trav\u00e9s del Ministerio de Derechos Sociales y Agenda 2030 con la concesi\u00f3n de una una ayuda de 300.000 euros, naci\u00f3 del equipo de trabajo de la Red Universitarias de C\u00e1tedras de Sostenibilidad (RCUS) La Universidad de Oviedo ha puesto en marcha el Observatorio de Implementaci\u00f3n de la Agenda [&hellip;]<\/p>\n","protected":false},"author":10,"featured_media":1541,"comment_status":"open","ping_status":"open","sticky":false,"template":"","format":"standard","meta":{"advanced_seo_description":"","jetpack_seo_html_title":"","jetpack_seo_noindex":false,"_themeisle_gutenberg_block_has_review":false,"_jetpack_memberships_contains_paid_content":false,"footnotes":"","jetpack_publicize_message":"","jetpack_publicize_feature_enabled":true,"jetpack_social_post_already_shared":true,"jetpack_social_options":{"image_generator_settings":{"template":"highway","default_image_id":0,"font":"","enabled":false},"version":2}},"categories":[1],"tags":[],"class_list":["post-1517","post","type-post","status-publish","format-standard","has-post-thumbnail","hentry","category-sin-categoria"],"jetpack_publicize_connections":[],"jetpack_featured_media_url":"https:\/\/www.unioviedo.es\/rcusostenibilidad\/wp-content\/uploads\/2025\/03\/Logo-ODS_horizontal_Posit_2-colores.jpg","jetpack-related-posts":[{"id":1576,"url":"https:\/\/www.unioviedo.es\/rcusostenibilidad\/?p=1576","url_meta":{"origin":1517,"position":0},"title":"Celebramos el III encuentro de la RCUS","author":"Guillermo Guiter","date":"17 de octubre de 2025","format":false,"excerpt":"La Universidad de Granada acogi\u00f3 el 16 de octubre el III Encuentro de la Red de C\u00e1tedras Universitarias de Sostenibilidad, presentado con el t\u00edtulo\u00a0Sostenibilidad en la Universidad ante el Reto 2030\u00a0y organizado por la C\u00e1tedra La Huella Verde de Granada y el Vicerrectorado de Infraestructuras y Sostenibilidad de la Universidad\u2026","rel":"","context":"En \u00abSin categor\u00eda\u00bb","block_context":{"text":"Sin categor\u00eda","link":"https:\/\/www.unioviedo.es\/rcusostenibilidad\/?cat=1"},"img":{"alt_text":"","src":"https:\/\/i0.wp.com\/www.unioviedo.es\/rcusostenibilidad\/wp-content\/uploads\/2025\/10\/Reunion-red-de-catedras.webp?resize=350%2C200&ssl=1","width":350,"height":200,"srcset":"https:\/\/i0.wp.com\/www.unioviedo.es\/rcusostenibilidad\/wp-content\/uploads\/2025\/10\/Reunion-red-de-catedras.webp?resize=350%2C200&ssl=1 1x, https:\/\/i0.wp.com\/www.unioviedo.es\/rcusostenibilidad\/wp-content\/uploads\/2025\/10\/Reunion-red-de-catedras.webp?resize=525%2C300&ssl=1 1.5x, https:\/\/i0.wp.com\/www.unioviedo.es\/rcusostenibilidad\/wp-content\/uploads\/2025\/10\/Reunion-red-de-catedras.webp?resize=700%2C400&ssl=1 2x, https:\/\/i0.wp.com\/www.unioviedo.es\/rcusostenibilidad\/wp-content\/uploads\/2025\/10\/Reunion-red-de-catedras.webp?resize=1050%2C600&ssl=1 3x, https:\/\/i0.wp.com\/www.unioviedo.es\/rcusostenibilidad\/wp-content\/uploads\/2025\/10\/Reunion-red-de-catedras.webp?resize=1400%2C800&ssl=1 4x"},"classes":[]},{"id":1564,"url":"https:\/\/www.unioviedo.es\/rcusostenibilidad\/?p=1564","url_meta":{"origin":1517,"position":1},"title":"III Encuentro Nacional de la Red de C\u00e1tedras Universitarias de Sostenibilidad, 16 de octubre","author":"Guillermo Guiter","date":"2 de octubre de 2025","format":false,"excerpt":"Granada acoger\u00e1 el 16 de octubre el III Encuentro Nacional de la Red de C\u00e1tedras Universitarias de Sosteniblidad (RCUS) bajo el t\u00edtulo Sostenibilidad en la Universidad ante el reto 2030 y que organizan la C\u00e1tedra La Huella Verde de Granada y el Vicerrectorado de Infraestructuras y Sostenibilidad de la Universidad\u2026","rel":"","context":"En \u00abSin categor\u00eda\u00bb","block_context":{"text":"Sin categor\u00eda","link":"https:\/\/www.unioviedo.es\/rcusostenibilidad\/?cat=1"},"img":{"alt_text":"","src":"https:\/\/i0.wp.com\/www.unioviedo.es\/rcusostenibilidad\/wp-content\/uploads\/2025\/10\/2025_10_01-Cartel-III-Encuentro-RCUS_Avance-1-scaled.jpg?resize=350%2C200&ssl=1","width":350,"height":200,"srcset":"https:\/\/i0.wp.com\/www.unioviedo.es\/rcusostenibilidad\/wp-content\/uploads\/2025\/10\/2025_10_01-Cartel-III-Encuentro-RCUS_Avance-1-scaled.jpg?resize=350%2C200&ssl=1 1x, https:\/\/i0.wp.com\/www.unioviedo.es\/rcusostenibilidad\/wp-content\/uploads\/2025\/10\/2025_10_01-Cartel-III-Encuentro-RCUS_Avance-1-scaled.jpg?resize=525%2C300&ssl=1 1.5x, https:\/\/i0.wp.com\/www.unioviedo.es\/rcusostenibilidad\/wp-content\/uploads\/2025\/10\/2025_10_01-Cartel-III-Encuentro-RCUS_Avance-1-scaled.jpg?resize=700%2C400&ssl=1 2x, https:\/\/i0.wp.com\/www.unioviedo.es\/rcusostenibilidad\/wp-content\/uploads\/2025\/10\/2025_10_01-Cartel-III-Encuentro-RCUS_Avance-1-scaled.jpg?resize=1050%2C600&ssl=1 3x, https:\/\/i0.wp.com\/www.unioviedo.es\/rcusostenibilidad\/wp-content\/uploads\/2025\/10\/2025_10_01-Cartel-III-Encuentro-RCUS_Avance-1-scaled.jpg?resize=1400%2C800&ssl=1 4x"},"classes":[]},{"id":1408,"url":"https:\/\/www.unioviedo.es\/rcusostenibilidad\/?p=1408","url_meta":{"origin":1517,"position":2},"title":"Acuerdos del II Encuentro de C\u00e1tedras","author":"admin","date":"9 de noviembre de 2024","format":false,"excerpt":"La Red de C\u00e1tedras Universitarias de Sostenibilidad. Agenda 2030, Cambio Clim\u00e1tico y Econom\u00eda Circular (RCUS), reunida en el Jard\u00ed Bot\u00e0nic de la Universitat de Val\u00e8ncia el 15 de octubre de 2024 con el objetivo de consolidar esta alianza, as\u00ed como impulsar l\u00edneas de trabajo que concreten acciones comunes, ha reafirmado\u2026","rel":"","context":"En \u00abSin categor\u00eda\u00bb","block_context":{"text":"Sin categor\u00eda","link":"https:\/\/www.unioviedo.es\/rcusostenibilidad\/?cat=1"},"img":{"alt_text":"","src":"https:\/\/i0.wp.com\/www.unioviedo.es\/rcusostenibilidad\/wp-content\/uploads\/2024\/11\/FotoIIEncuentro.png?resize=350%2C200&ssl=1","width":350,"height":200,"srcset":"https:\/\/i0.wp.com\/www.unioviedo.es\/rcusostenibilidad\/wp-content\/uploads\/2024\/11\/FotoIIEncuentro.png?resize=350%2C200&ssl=1 1x, https:\/\/i0.wp.com\/www.unioviedo.es\/rcusostenibilidad\/wp-content\/uploads\/2024\/11\/FotoIIEncuentro.png?resize=525%2C300&ssl=1 1.5x, https:\/\/i0.wp.com\/www.unioviedo.es\/rcusostenibilidad\/wp-content\/uploads\/2024\/11\/FotoIIEncuentro.png?resize=700%2C400&ssl=1 2x, https:\/\/i0.wp.com\/www.unioviedo.es\/rcusostenibilidad\/wp-content\/uploads\/2024\/11\/FotoIIEncuentro.png?resize=1050%2C600&ssl=1 3x, https:\/\/i0.wp.com\/www.unioviedo.es\/rcusostenibilidad\/wp-content\/uploads\/2024\/11\/FotoIIEncuentro.png?resize=1400%2C800&ssl=1 4x"},"classes":[]},{"id":1308,"url":"https:\/\/www.unioviedo.es\/rcusostenibilidad\/?p=1308","url_meta":{"origin":1517,"position":3},"title":"II Encuentro de C\u00e1tedras &#8211; Programa definitivo","author":"admin","date":"10 de octubre de 2024","format":false,"excerpt":"Programa definitivo del II Encuentro de C\u00e1tedras que tendr\u00e1 lugar el d\u00eda 15 de octubre en Valencia.","rel":"","context":"En \u00abSin categor\u00eda\u00bb","block_context":{"text":"Sin categor\u00eda","link":"https:\/\/www.unioviedo.es\/rcusostenibilidad\/?cat=1"},"img":{"alt_text":"Sea Ice Patterns","src":"https:\/\/i0.wp.com\/www.unioviedo.es\/rcusostenibilidad\/wp-content\/uploads\/2023\/10\/7163119469_73ce1bbe74_b.jpg?resize=350%2C200&ssl=1","width":350,"height":200,"srcset":"https:\/\/i0.wp.com\/www.unioviedo.es\/rcusostenibilidad\/wp-content\/uploads\/2023\/10\/7163119469_73ce1bbe74_b.jpg?resize=350%2C200&ssl=1 1x, https:\/\/i0.wp.com\/www.unioviedo.es\/rcusostenibilidad\/wp-content\/uploads\/2023\/10\/7163119469_73ce1bbe74_b.jpg?resize=525%2C300&ssl=1 1.5x, https:\/\/i0.wp.com\/www.unioviedo.es\/rcusostenibilidad\/wp-content\/uploads\/2023\/10\/7163119469_73ce1bbe74_b.jpg?resize=700%2C400&ssl=1 2x"},"classes":[]},{"id":1520,"url":"https:\/\/www.unioviedo.es\/rcusostenibilidad\/?p=1520","url_meta":{"origin":1517,"position":4},"title":"Ciclo de Di\u00e1logos \u00abSostenibilidad y Liderazgo: Retos y Perspectivas\u00bb, organizado por la C\u00e1tedra Concepci\u00f3n Arenal de Agenda 2030 de la Universidad de Oviedo con Ontier","author":"admin","date":"23 de marzo de 2025","format":false,"excerpt":"La C\u00e1tedra Concepci\u00f3n Arenal de Agenda 2030 y el despacho Ontier organizan el ciclo de di\u00e1logos\u00a0Sostenibilidad y Liderazgo: Retos y Perspectivas\u00a0que tendr\u00e1 lugar entre los meses de marzo y noviembre de 2025 en el Espacio Circus de Oviedo. Todos los actos comenzar\u00e1n a las 19.00 horas. 25 de marzo:\u00a0Finanzas sostenibles:\u00a0perspectiva\u2026","rel":"","context":"En \u00abSin categor\u00eda\u00bb","block_context":{"text":"Sin categor\u00eda","link":"https:\/\/www.unioviedo.es\/rcusostenibilidad\/?cat=1"},"img":{"alt_text":"","src":"https:\/\/i0.wp.com\/www.unioviedo.es\/rcusostenibilidad\/wp-content\/uploads\/2025\/03\/Sostenibilidad-y-Liderazgo-Retos-y-Perspectivas-1.png?resize=350%2C200&ssl=1","width":350,"height":200,"srcset":"https:\/\/i0.wp.com\/www.unioviedo.es\/rcusostenibilidad\/wp-content\/uploads\/2025\/03\/Sostenibilidad-y-Liderazgo-Retos-y-Perspectivas-1.png?resize=350%2C200&ssl=1 1x, https:\/\/i0.wp.com\/www.unioviedo.es\/rcusostenibilidad\/wp-content\/uploads\/2025\/03\/Sostenibilidad-y-Liderazgo-Retos-y-Perspectivas-1.png?resize=525%2C300&ssl=1 1.5x, https:\/\/i0.wp.com\/www.unioviedo.es\/rcusostenibilidad\/wp-content\/uploads\/2025\/03\/Sostenibilidad-y-Liderazgo-Retos-y-Perspectivas-1.png?resize=700%2C400&ssl=1 2x"},"classes":[]},{"id":816,"url":"https:\/\/www.unioviedo.es\/rcusostenibilidad\/?p=816","url_meta":{"origin":1517,"position":5},"title":"I Encuentro Nacional de C\u00e1tedras de Sostenibilidad","author":"admin","date":"21 de octubre de 2023","format":false,"excerpt":"El pasado 4 de octubre de 2023 se celebr\u00f3 en Oviedo el I Encuentro Nacional de C\u00e1tedras de Sostenibilidad, organizado por la C\u00e1tedra Concepci\u00f3n Arenal de Agenda 2030, la C\u00e1tedra de Cambio Clim\u00e1tico y la C\u00e1tedra COGERSA de Econom\u00eda Circular de la Universidad de Oviedo. https:\/\/www.youtube.com\/watch?v=desDUfjqu1g&t=8s&pp=ygUpY2F0ZWRyYSBjb25jZXBjacOzbiBhcmVuYWwgZGUgYWdlbmRhIDIwMzA%3D Inauguraci\u00f3n y sesiones de\u2026","rel":"","context":"En \u00abSin categor\u00eda\u00bb","block_context":{"text":"Sin categor\u00eda","link":"https:\/\/www.unioviedo.es\/rcusostenibilidad\/?cat=1"},"img":{"alt_text":"","src":"https:\/\/i0.wp.com\/www.unioviedo.es\/rcusostenibilidad\/wp-content\/uploads\/2023\/10\/FotoGrupoAltaCalidad-scaled.jpg?resize=350%2C200&ssl=1","width":350,"height":200,"srcset":"https:\/\/i0.wp.com\/www.unioviedo.es\/rcusostenibilidad\/wp-content\/uploads\/2023\/10\/FotoGrupoAltaCalidad-scaled.jpg?resize=350%2C200&ssl=1 1x, https:\/\/i0.wp.com\/www.unioviedo.es\/rcusostenibilidad\/wp-content\/uploads\/2023\/10\/FotoGrupoAltaCalidad-scaled.jpg?resize=525%2C300&ssl=1 1.5x, https:\/\/i0.wp.com\/www.unioviedo.es\/rcusostenibilidad\/wp-content\/uploads\/2023\/10\/FotoGrupoAltaCalidad-scaled.jpg?resize=700%2C400&ssl=1 2x, https:\/\/i0.wp.com\/www.unioviedo.es\/rcusostenibilidad\/wp-content\/uploads\/2023\/10\/FotoGrupoAltaCalidad-scaled.jpg?resize=1050%2C600&ssl=1 3x, https:\/\/i0.wp.com\/www.unioviedo.es\/rcusostenibilidad\/wp-content\/uploads\/2023\/10\/FotoGrupoAltaCalidad-scaled.jpg?resize=1400%2C800&ssl=1 4x"},"classes":[]}],"jetpack_shortlink":"https:\/\/wp.me\/pfdLWf-ot","jetpack_sharing_enabled":true,"_links":{"self":[{"href":"https:\/\/www.unioviedo.es\/rcusostenibilidad\/index.php?rest_route=\/wp\/v2\/posts\/1517","targetHints":{"allow":["GET"]}}],"collection":[{"href":"https:\/\/www.unioviedo.es\/rcusostenibilidad\/index.php?rest_route=\/wp\/v2\/posts"}],"about":[{"href":"https:\/\/www.unioviedo.es\/rcusostenibilidad\/index.php?rest_route=\/wp\/v2\/types\/post"}],"author":[{"embeddable":true,"href":"https:\/\/www.unioviedo.es\/rcusostenibilidad\/index.php?rest_route=\/wp\/v2\/users\/10"}],"replies":[{"embeddable":true,"href":"https:\/\/www.unioviedo.es\/rcusostenibilidad\/index.php?rest_route=%2Fwp%2Fv2%2Fcomments&post=1517"}],"version-history":[{"count":2,"href":"https:\/\/www.unioviedo.es\/rcusostenibilidad\/index.php?rest_route=\/wp\/v2\/posts\/1517\/revisions"}],"predecessor-version":[{"id":1526,"href":"https:\/\/www.unioviedo.es\/rcusostenibilidad\/index.php?rest_route=\/wp\/v2\/posts\/1517\/revisions\/1526"}],"wp:featuredmedia":[{"embeddable":true,"href":"https:\/\/www.unioviedo.es\/rcusostenibilidad\/index.php?rest_route=\/wp\/v2\/media\/1541"}],"wp:attachment":[{"href":"https:\/\/www.unioviedo.es\/rcusostenibilidad\/index.php?rest_route=%2Fwp%2Fv2%2Fmedia&parent=1517"}],"wp:term":[{"taxonomy":"category","embeddable":true,"href":"https:\/\/www.unioviedo.es\/rcusostenibilidad\/index.php?rest_route=%2Fwp%2Fv2%2Fcategories&post=1517"},{"taxonomy":"post_tag","embeddable":true,"href":"https:\/\/www.unioviedo.es\/rcusostenibilidad\/index.php?rest_route=%2Fwp%2Fv2%2Ftags&post=1517"}],"curies":[{"name":"wp","href":"https:\/\/api.w.org\/{rel}","templated":true}]}}