{"id":1589,"date":"2025-12-01T17:36:28","date_gmt":"2025-12-01T16:36:28","guid":{"rendered":"https:\/\/www.unioviedo.es\/rcusostenibilidad\/?p=1589"},"modified":"2025-12-01T17:37:41","modified_gmt":"2025-12-01T16:37:41","slug":"dialogos-sobre-la-responsabilidad-social-en-la-universidad-de-valencia","status":"publish","type":"post","link":"https:\/\/www.unioviedo.es\/rcusostenibilidad\/?p=1589","title":{"rendered":"\u00abDi\u00e1logos sobre la Responsabilidad Social\u00bb en la Universidad de Valencia"},"content":{"rendered":"\n<p>La Universitat de Val\u00e9ncia acoge el 2 de diciembre de 2025 una jornada de los \u00abDi\u00e1logos por la responsabilidad social\u00bb organizados por la <a href=\"https:\/\/www.linkedin.com\/company\/university-of-valencia\/\">Universitat de Val\u00e8ncia<\/a>, bajo el t\u00edtulo \u00abLa sostenibilidad para potenciar las misiones de la universidad. Las tres h\u00e9lices: docencia, investigaci\u00f3n y transferencia del conocimiento\u00bb.<\/p>\n\n\n\n<p>M\u00e1s info: <a href=\"https:\/\/www.uv.es\/uv-sostenibilidad\/es\/universidad-sociedad\/-dialogos-responsabilidad-social-uv.html\">https:\/\/www.uv.es\/uv-sostenibilidad\/es\/universidad-sociedad\/-dialogos-responsabilidad-social-uv.html<\/a><\/p>\n\n\n\n<figure class=\"wp-block-image size-full\"><img loading=\"lazy\" decoding=\"async\" width=\"549\" height=\"780\" src=\"https:\/\/www.unioviedo.es\/rcusostenibilidad\/wp-content\/uploads\/2025\/12\/Captura-de-pantalla-2025-12-01-172418.jpg\" alt=\"\" class=\"wp-image-1590\" srcset=\"https:\/\/www.unioviedo.es\/rcusostenibilidad\/wp-content\/uploads\/2025\/12\/Captura-de-pantalla-2025-12-01-172418.jpg 549w, https:\/\/www.unioviedo.es\/rcusostenibilidad\/wp-content\/uploads\/2025\/12\/Captura-de-pantalla-2025-12-01-172418-211x300.jpg 211w\" sizes=\"auto, (max-width: 549px) 100vw, 549px\" \/><\/figure>\n","protected":false},"excerpt":{"rendered":"<p>La Universitat de Val\u00e9ncia acoge el 2 de diciembre de 2025 una jornada de los \u00abDi\u00e1logos por la responsabilidad social\u00bb organizados por la Universitat de Val\u00e8ncia, bajo el t\u00edtulo \u00abLa sostenibilidad para potenciar las misiones de la universidad. Las tres h\u00e9lices: docencia, investigaci\u00f3n y transferencia del conocimiento\u00bb. M\u00e1s info: https:\/\/www.uv.es\/uv-sostenibilidad\/es\/universidad-sociedad\/-dialogos-responsabilidad-social-uv.html<\/p>\n","protected":false},"author":9,"featured_media":1592,"comment_status":"open","ping_status":"open","sticky":false,"template":"","format":"standard","meta":{"advanced_seo_description":"","jetpack_seo_html_title":"","jetpack_seo_noindex":false,"_themeisle_gutenberg_block_has_review":false,"_jetpack_memberships_contains_paid_content":false,"footnotes":"","jetpack_publicize_message":"","jetpack_publicize_feature_enabled":true,"jetpack_social_post_already_shared":true,"jetpack_social_options":{"image_generator_settings":{"template":"highway","default_image_id":0,"font":"","enabled":false},"version":2}},"categories":[1],"tags":[],"class_list":["post-1589","post","type-post","status-publish","format-standard","has-post-thumbnail","hentry","category-sin-categoria"],"jetpack_publicize_connections":[],"jetpack_featured_media_url":"https:\/\/www.unioviedo.es\/rcusostenibilidad\/wp-content\/uploads\/2025\/12\/Captura-de-pantalla-2025-12-01-171551.jpg","jetpack-related-posts":[{"id":1308,"url":"https:\/\/www.unioviedo.es\/rcusostenibilidad\/?p=1308","url_meta":{"origin":1589,"position":0},"title":"II Encuentro de C\u00e1tedras &#8211; Programa definitivo","author":"admin","date":"10 de octubre de 2024","format":false,"excerpt":"Programa definitivo del II Encuentro de C\u00e1tedras que tendr\u00e1 lugar el d\u00eda 15 de octubre en Valencia.","rel":"","context":"En \u00abSin categor\u00eda\u00bb","block_context":{"text":"Sin categor\u00eda","link":"https:\/\/www.unioviedo.es\/rcusostenibilidad\/?cat=1"},"img":{"alt_text":"Sea Ice Patterns","src":"https:\/\/i0.wp.com\/www.unioviedo.es\/rcusostenibilidad\/wp-content\/uploads\/2023\/10\/7163119469_73ce1bbe74_b.jpg?resize=350%2C200&ssl=1","width":350,"height":200,"srcset":"https:\/\/i0.wp.com\/www.unioviedo.es\/rcusostenibilidad\/wp-content\/uploads\/2023\/10\/7163119469_73ce1bbe74_b.jpg?resize=350%2C200&ssl=1 1x, https:\/\/i0.wp.com\/www.unioviedo.es\/rcusostenibilidad\/wp-content\/uploads\/2023\/10\/7163119469_73ce1bbe74_b.jpg?resize=525%2C300&ssl=1 1.5x, https:\/\/i0.wp.com\/www.unioviedo.es\/rcusostenibilidad\/wp-content\/uploads\/2023\/10\/7163119469_73ce1bbe74_b.jpg?resize=700%2C400&ssl=1 2x"},"classes":[]},{"id":1277,"url":"https:\/\/www.unioviedo.es\/rcusostenibilidad\/?p=1277","url_meta":{"origin":1589,"position":1},"title":"II Encuentro de la Red","author":"admin","date":"22 de julio de 2024","format":false,"excerpt":"El pr\u00f3ximo 15 de octubre, el Jard\u00ed Bot\u00e0nic de la Universitat de Val\u00e8ncia acoger\u00e1 el II Encuentro de la Red de C\u00e1tedras Universitarias de Sostenibilidad con el objetivo de consolidar la Red como espacio de colaboraci\u00f3n y el encuentro como una cita anual de referencia en la materia.","rel":"","context":"En \u00abSin categor\u00eda\u00bb","block_context":{"text":"Sin categor\u00eda","link":"https:\/\/www.unioviedo.es\/rcusostenibilidad\/?cat=1"},"img":{"alt_text":"","src":"https:\/\/i0.wp.com\/www.unioviedo.es\/rcusostenibilidad\/wp-content\/uploads\/2024\/07\/IIEncuentro.png?resize=350%2C200&ssl=1","width":350,"height":200,"srcset":"https:\/\/i0.wp.com\/www.unioviedo.es\/rcusostenibilidad\/wp-content\/uploads\/2024\/07\/IIEncuentro.png?resize=350%2C200&ssl=1 1x, https:\/\/i0.wp.com\/www.unioviedo.es\/rcusostenibilidad\/wp-content\/uploads\/2024\/07\/IIEncuentro.png?resize=525%2C300&ssl=1 1.5x, https:\/\/i0.wp.com\/www.unioviedo.es\/rcusostenibilidad\/wp-content\/uploads\/2024\/07\/IIEncuentro.png?resize=700%2C400&ssl=1 2x, https:\/\/i0.wp.com\/www.unioviedo.es\/rcusostenibilidad\/wp-content\/uploads\/2024\/07\/IIEncuentro.png?resize=1050%2C600&ssl=1 3x"},"classes":[]},{"id":1408,"url":"https:\/\/www.unioviedo.es\/rcusostenibilidad\/?p=1408","url_meta":{"origin":1589,"position":2},"title":"Acuerdos del II Encuentro de C\u00e1tedras","author":"admin","date":"9 de noviembre de 2024","format":false,"excerpt":"La Red de C\u00e1tedras Universitarias de Sostenibilidad. Agenda 2030, Cambio Clim\u00e1tico y Econom\u00eda Circular (RCUS), reunida en el Jard\u00ed Bot\u00e0nic de la Universitat de Val\u00e8ncia el 15 de octubre de 2024 con el objetivo de consolidar esta alianza, as\u00ed como impulsar l\u00edneas de trabajo que concreten acciones comunes, ha reafirmado\u2026","rel":"","context":"En \u00abSin categor\u00eda\u00bb","block_context":{"text":"Sin categor\u00eda","link":"https:\/\/www.unioviedo.es\/rcusostenibilidad\/?cat=1"},"img":{"alt_text":"","src":"https:\/\/i0.wp.com\/www.unioviedo.es\/rcusostenibilidad\/wp-content\/uploads\/2024\/11\/FotoIIEncuentro.png?resize=350%2C200&ssl=1","width":350,"height":200,"srcset":"https:\/\/i0.wp.com\/www.unioviedo.es\/rcusostenibilidad\/wp-content\/uploads\/2024\/11\/FotoIIEncuentro.png?resize=350%2C200&ssl=1 1x, https:\/\/i0.wp.com\/www.unioviedo.es\/rcusostenibilidad\/wp-content\/uploads\/2024\/11\/FotoIIEncuentro.png?resize=525%2C300&ssl=1 1.5x, https:\/\/i0.wp.com\/www.unioviedo.es\/rcusostenibilidad\/wp-content\/uploads\/2024\/11\/FotoIIEncuentro.png?resize=700%2C400&ssl=1 2x, https:\/\/i0.wp.com\/www.unioviedo.es\/rcusostenibilidad\/wp-content\/uploads\/2024\/11\/FotoIIEncuentro.png?resize=1050%2C600&ssl=1 3x, https:\/\/i0.wp.com\/www.unioviedo.es\/rcusostenibilidad\/wp-content\/uploads\/2024\/11\/FotoIIEncuentro.png?resize=1400%2C800&ssl=1 4x"},"classes":[]},{"id":1677,"url":"https:\/\/www.unioviedo.es\/rcusostenibilidad\/?p=1677","url_meta":{"origin":1589,"position":3},"title":"Damos la bienvenida a la RCUS a otras tres c\u00e1tedras","author":"Guillermo Guiter","date":"19 de febrero de 2026","format":false,"excerpt":"La RCUS se fortalece con la incorporaci\u00f3n de otras tres c\u00e1tedras: La C\u00e1tedra de Ingenier\u00eda Ambiental Frente a los Cambios Clim\u00e1ticos y Meteorol\u00f3gicos de la Universitat Polit\u00e8cnica de Val\u00e8ncia; la C\u00e1tedra de Educaci\u00f3n Ambiental y Transformaci\u00f3n Ecosocial de la Universidad de Zaragoza y la C\u00e1tedra Aqualia del Ciclo Integral del\u2026","rel":"","context":"En \u00abSin categor\u00eda\u00bb","block_context":{"text":"Sin categor\u00eda","link":"https:\/\/www.unioviedo.es\/rcusostenibilidad\/?cat=1"},"img":{"alt_text":"","src":"https:\/\/i0.wp.com\/www.unioviedo.es\/rcusostenibilidad\/wp-content\/uploads\/2026\/02\/lum3n-christmas-background-1535201_1280.jpg?resize=350%2C200&ssl=1","width":350,"height":200,"srcset":"https:\/\/i0.wp.com\/www.unioviedo.es\/rcusostenibilidad\/wp-content\/uploads\/2026\/02\/lum3n-christmas-background-1535201_1280.jpg?resize=350%2C200&ssl=1 1x, https:\/\/i0.wp.com\/www.unioviedo.es\/rcusostenibilidad\/wp-content\/uploads\/2026\/02\/lum3n-christmas-background-1535201_1280.jpg?resize=525%2C300&ssl=1 1.5x, https:\/\/i0.wp.com\/www.unioviedo.es\/rcusostenibilidad\/wp-content\/uploads\/2026\/02\/lum3n-christmas-background-1535201_1280.jpg?resize=700%2C400&ssl=1 2x, https:\/\/i0.wp.com\/www.unioviedo.es\/rcusostenibilidad\/wp-content\/uploads\/2026\/02\/lum3n-christmas-background-1535201_1280.jpg?resize=1050%2C600&ssl=1 3x"},"classes":[]},{"id":1576,"url":"https:\/\/www.unioviedo.es\/rcusostenibilidad\/?p=1576","url_meta":{"origin":1589,"position":4},"title":"Celebramos el III encuentro de la RCUS","author":"Guillermo Guiter","date":"17 de octubre de 2025","format":false,"excerpt":"La Universidad de Granada acogi\u00f3 el 16 de octubre el III Encuentro de la Red de C\u00e1tedras Universitarias de Sostenibilidad, presentado con el t\u00edtulo\u00a0Sostenibilidad en la Universidad ante el Reto 2030\u00a0y organizado por la C\u00e1tedra La Huella Verde de Granada y el Vicerrectorado de Infraestructuras y Sostenibilidad de la Universidad\u2026","rel":"","context":"En \u00abSin categor\u00eda\u00bb","block_context":{"text":"Sin categor\u00eda","link":"https:\/\/www.unioviedo.es\/rcusostenibilidad\/?cat=1"},"img":{"alt_text":"","src":"https:\/\/i0.wp.com\/www.unioviedo.es\/rcusostenibilidad\/wp-content\/uploads\/2025\/10\/Reunion-red-de-catedras.webp?resize=350%2C200&ssl=1","width":350,"height":200,"srcset":"https:\/\/i0.wp.com\/www.unioviedo.es\/rcusostenibilidad\/wp-content\/uploads\/2025\/10\/Reunion-red-de-catedras.webp?resize=350%2C200&ssl=1 1x, https:\/\/i0.wp.com\/www.unioviedo.es\/rcusostenibilidad\/wp-content\/uploads\/2025\/10\/Reunion-red-de-catedras.webp?resize=525%2C300&ssl=1 1.5x, https:\/\/i0.wp.com\/www.unioviedo.es\/rcusostenibilidad\/wp-content\/uploads\/2025\/10\/Reunion-red-de-catedras.webp?resize=700%2C400&ssl=1 2x, https:\/\/i0.wp.com\/www.unioviedo.es\/rcusostenibilidad\/wp-content\/uploads\/2025\/10\/Reunion-red-de-catedras.webp?resize=1050%2C600&ssl=1 3x, https:\/\/i0.wp.com\/www.unioviedo.es\/rcusostenibilidad\/wp-content\/uploads\/2025\/10\/Reunion-red-de-catedras.webp?resize=1400%2C800&ssl=1 4x"},"classes":[]},{"id":1517,"url":"https:\/\/www.unioviedo.es\/rcusostenibilidad\/?p=1517","url_meta":{"origin":1589,"position":5},"title":"Oviedo, Granada, Sevilla y Valencia lideran un proyecto nacional para implementar la Agenda 2030 en el Sistema Universitario Espa\u00f1ol","author":"Karina Zeballos","date":"25 de marzo de 2025","format":false,"excerpt":"La iniciativa, respaldada por el Gobierno a trav\u00e9s del Ministerio de Derechos Sociales y Agenda 2030 con la concesi\u00f3n de una una ayuda de 300.000 euros, naci\u00f3 del equipo de trabajo de la Red Universitarias de C\u00e1tedras de Sostenibilidad (RCUS) La Universidad de Oviedo ha puesto en marcha el Observatorio\u2026","rel":"","context":"En \u00abSin categor\u00eda\u00bb","block_context":{"text":"Sin categor\u00eda","link":"https:\/\/www.unioviedo.es\/rcusostenibilidad\/?cat=1"},"img":{"alt_text":"","src":"https:\/\/i0.wp.com\/www.unioviedo.es\/rcusostenibilidad\/wp-content\/uploads\/2025\/03\/Logo-ODS_horizontal_Posit_2-colores.jpg?resize=350%2C200&ssl=1","width":350,"height":200,"srcset":"https:\/\/i0.wp.com\/www.unioviedo.es\/rcusostenibilidad\/wp-content\/uploads\/2025\/03\/Logo-ODS_horizontal_Posit_2-colores.jpg?resize=350%2C200&ssl=1 1x, https:\/\/i0.wp.com\/www.unioviedo.es\/rcusostenibilidad\/wp-content\/uploads\/2025\/03\/Logo-ODS_horizontal_Posit_2-colores.jpg?resize=525%2C300&ssl=1 1.5x, https:\/\/i0.wp.com\/www.unioviedo.es\/rcusostenibilidad\/wp-content\/uploads\/2025\/03\/Logo-ODS_horizontal_Posit_2-colores.jpg?resize=700%2C400&ssl=1 2x, https:\/\/i0.wp.com\/www.unioviedo.es\/rcusostenibilidad\/wp-content\/uploads\/2025\/03\/Logo-ODS_horizontal_Posit_2-colores.jpg?resize=1050%2C600&ssl=1 3x, https:\/\/i0.wp.com\/www.unioviedo.es\/rcusostenibilidad\/wp-content\/uploads\/2025\/03\/Logo-ODS_horizontal_Posit_2-colores.jpg?resize=1400%2C800&ssl=1 4x"},"classes":[]}],"jetpack_shortlink":"https:\/\/wp.me\/pfdLWf-pD","jetpack_sharing_enabled":true,"_links":{"self":[{"href":"https:\/\/www.unioviedo.es\/rcusostenibilidad\/index.php?rest_route=\/wp\/v2\/posts\/1589","targetHints":{"allow":["GET"]}}],"collection":[{"href":"https:\/\/www.unioviedo.es\/rcusostenibilidad\/index.php?rest_route=\/wp\/v2\/posts"}],"about":[{"href":"https:\/\/www.unioviedo.es\/rcusostenibilidad\/index.php?rest_route=\/wp\/v2\/types\/post"}],"author":[{"embeddable":true,"href":"https:\/\/www.unioviedo.es\/rcusostenibilidad\/index.php?rest_route=\/wp\/v2\/users\/9"}],"replies":[{"embeddable":true,"href":"https:\/\/www.unioviedo.es\/rcusostenibilidad\/index.php?rest_route=%2Fwp%2Fv2%2Fcomments&post=1589"}],"version-history":[{"count":1,"href":"https:\/\/www.unioviedo.es\/rcusostenibilidad\/index.php?rest_route=\/wp\/v2\/posts\/1589\/revisions"}],"predecessor-version":[{"id":1591,"href":"https:\/\/www.unioviedo.es\/rcusostenibilidad\/index.php?rest_route=\/wp\/v2\/posts\/1589\/revisions\/1591"}],"wp:featuredmedia":[{"embeddable":true,"href":"https:\/\/www.unioviedo.es\/rcusostenibilidad\/index.php?rest_route=\/wp\/v2\/media\/1592"}],"wp:attachment":[{"href":"https:\/\/www.unioviedo.es\/rcusostenibilidad\/index.php?rest_route=%2Fwp%2Fv2%2Fmedia&parent=1589"}],"wp:term":[{"taxonomy":"category","embeddable":true,"href":"https:\/\/www.unioviedo.es\/rcusostenibilidad\/index.php?rest_route=%2Fwp%2Fv2%2Fcategories&post=1589"},{"taxonomy":"post_tag","embeddable":true,"href":"https:\/\/www.unioviedo.es\/rcusostenibilidad\/index.php?rest_route=%2Fwp%2Fv2%2Ftags&post=1589"}],"curies":[{"name":"wp","href":"https:\/\/api.w.org\/{rel}","templated":true}]}}