{"id":1603,"date":"2026-01-15T17:50:41","date_gmt":"2026-01-15T16:50:41","guid":{"rendered":"https:\/\/www.unioviedo.es\/rcusostenibilidad\/?p=1603"},"modified":"2026-01-15T17:51:51","modified_gmt":"2026-01-15T16:51:51","slug":"vii-premio-aborgase-a-los-mejores-trabajos-de-economia-circular","status":"publish","type":"post","link":"https:\/\/www.unioviedo.es\/rcusostenibilidad\/?p=1603","title":{"rendered":"VII Premio Aborgase a los mejores trabajos de Econom\u00eda Circular"},"content":{"rendered":"\n<p>La C\u00e1tedra de Econom\u00eda Circular de la Universidad de Sevilla convoca el <strong><em>VII\u00a0Premio Aborgase a los Mejores Trabajos en Materia de Econom\u00eda Circular<\/em><\/strong>.<\/p>\n\n\n\n<p><strong>PLAZO AMPLIADO HASTA EL 31\/01\/2026<\/strong><\/p>\n\n\n\n<p>La convocatoria del Premio tiene como objeto reconocer a los mejores trabajos versados sobre un tema directamente relacionado con la <strong>Econom\u00eda Circular<\/strong>, que hayan sido realizados entre el <strong>01 de octubre de 2024<\/strong>&nbsp;y el <strong>30 de septiembre de 2025<\/strong>. Se establecen dos modalidades de premios, que contar\u00e1n con una dotaci\u00f3n econ\u00f3mica de 1.000 y 1.500 euros respectivamente:<\/p>\n\n\n\n<p>&nbsp;&nbsp;&nbsp; 1) Trabajos Fin de Carrera (Grado y M\u00e1ster) <a>defendidos en la Universidad de Sevilla<\/a>.<\/p>\n\n\n\n<p><strong>&nbsp; 2) <a>Trabajos de Investigaci\u00f3n (Tesis y otros trabajos acad\u00e9micos o profesionales) realizados en territorio espa\u00f1ol<\/a>.<\/strong><\/p>\n\n\n\n<p>Esta 2\u00aa modalidad est\u00e1 abierta a todo tipo de trabajos sobre EC realizados en Espa\u00f1a y puede ser una oportunidad para vuestros alumnos y\/o investigadores que hayan presentado su trabajo durante el curso pasado 24\/25.<\/p>\n\n\n\n<p><a href=\"https:\/\/urldefense.com\/v3\/__https:\/\/catedraeconomiacircular-us.es\/index.php?view=article&amp;id=329:vii-premio-aborgase-a-los-mejores-trabajos-en-materia-de-economia-circular&amp;catid=2__;!!D9dNQwwGXtA!XZzFpStWoZH7LJE3qy6eBnUiG6KtHKW9pbMR1byR3BbWFwLBvoe7bT8E0KWatc6pYbhnTJR8bdBi-hf8$\">Bases de la convocatoria.<\/a><\/p>\n\n\n\n<p><\/p>\n","protected":false},"excerpt":{"rendered":"<p>La C\u00e1tedra de Econom\u00eda Circular de la Universidad de Sevilla convoca el VII\u00a0Premio Aborgase a los Mejores Trabajos en Materia de Econom\u00eda Circular. PLAZO AMPLIADO HASTA EL 31\/01\/2026 La convocatoria del Premio tiene como objeto reconocer a los mejores trabajos versados sobre un tema directamente relacionado con la Econom\u00eda Circular, que hayan sido realizados entre [&hellip;]<\/p>\n","protected":false},"author":9,"featured_media":1604,"comment_status":"open","ping_status":"open","sticky":false,"template":"","format":"standard","meta":{"advanced_seo_description":"","jetpack_seo_html_title":"","jetpack_seo_noindex":false,"_themeisle_gutenberg_block_has_review":false,"_jetpack_memberships_contains_paid_content":false,"footnotes":"","jetpack_publicize_message":"","jetpack_publicize_feature_enabled":true,"jetpack_social_post_already_shared":true,"jetpack_social_options":{"image_generator_settings":{"template":"highway","default_image_id":0,"font":"","enabled":false},"version":2}},"categories":[98,1],"tags":[],"class_list":["post-1603","post","type-post","status-publish","format-standard","has-post-thumbnail","hentry","category-premios","category-sin-categoria"],"jetpack_publicize_connections":[],"jetpack_featured_media_url":"https:\/\/www.unioviedo.es\/rcusostenibilidad\/wp-content\/uploads\/2026\/01\/Captura-de-pantalla-2026-01-15-175014.png","jetpack-related-posts":[{"id":1408,"url":"https:\/\/www.unioviedo.es\/rcusostenibilidad\/?p=1408","url_meta":{"origin":1603,"position":0},"title":"Acuerdos del II Encuentro de C\u00e1tedras","author":"admin","date":"9 de noviembre de 2024","format":false,"excerpt":"La Red de C\u00e1tedras Universitarias de Sostenibilidad. Agenda 2030, Cambio Clim\u00e1tico y Econom\u00eda Circular (RCUS), reunida en el Jard\u00ed Bot\u00e0nic de la Universitat de Val\u00e8ncia el 15 de octubre de 2024 con el objetivo de consolidar esta alianza, as\u00ed como impulsar l\u00edneas de trabajo que concreten acciones comunes, ha reafirmado\u2026","rel":"","context":"En \u00abSin categor\u00eda\u00bb","block_context":{"text":"Sin categor\u00eda","link":"https:\/\/www.unioviedo.es\/rcusostenibilidad\/?cat=1"},"img":{"alt_text":"","src":"https:\/\/i0.wp.com\/www.unioviedo.es\/rcusostenibilidad\/wp-content\/uploads\/2024\/11\/FotoIIEncuentro.png?resize=350%2C200&ssl=1","width":350,"height":200,"srcset":"https:\/\/i0.wp.com\/www.unioviedo.es\/rcusostenibilidad\/wp-content\/uploads\/2024\/11\/FotoIIEncuentro.png?resize=350%2C200&ssl=1 1x, https:\/\/i0.wp.com\/www.unioviedo.es\/rcusostenibilidad\/wp-content\/uploads\/2024\/11\/FotoIIEncuentro.png?resize=525%2C300&ssl=1 1.5x, https:\/\/i0.wp.com\/www.unioviedo.es\/rcusostenibilidad\/wp-content\/uploads\/2024\/11\/FotoIIEncuentro.png?resize=700%2C400&ssl=1 2x, https:\/\/i0.wp.com\/www.unioviedo.es\/rcusostenibilidad\/wp-content\/uploads\/2024\/11\/FotoIIEncuentro.png?resize=1050%2C600&ssl=1 3x, https:\/\/i0.wp.com\/www.unioviedo.es\/rcusostenibilidad\/wp-content\/uploads\/2024\/11\/FotoIIEncuentro.png?resize=1400%2C800&ssl=1 4x"},"classes":[]},{"id":1308,"url":"https:\/\/www.unioviedo.es\/rcusostenibilidad\/?p=1308","url_meta":{"origin":1603,"position":1},"title":"II Encuentro de C\u00e1tedras &#8211; Programa definitivo","author":"admin","date":"10 de octubre de 2024","format":false,"excerpt":"Programa definitivo del II Encuentro de C\u00e1tedras que tendr\u00e1 lugar el d\u00eda 15 de octubre en Valencia.","rel":"","context":"En \u00abSin categor\u00eda\u00bb","block_context":{"text":"Sin categor\u00eda","link":"https:\/\/www.unioviedo.es\/rcusostenibilidad\/?cat=1"},"img":{"alt_text":"Sea Ice Patterns","src":"https:\/\/i0.wp.com\/www.unioviedo.es\/rcusostenibilidad\/wp-content\/uploads\/2023\/10\/7163119469_73ce1bbe74_b.jpg?resize=350%2C200&ssl=1","width":350,"height":200,"srcset":"https:\/\/i0.wp.com\/www.unioviedo.es\/rcusostenibilidad\/wp-content\/uploads\/2023\/10\/7163119469_73ce1bbe74_b.jpg?resize=350%2C200&ssl=1 1x, https:\/\/i0.wp.com\/www.unioviedo.es\/rcusostenibilidad\/wp-content\/uploads\/2023\/10\/7163119469_73ce1bbe74_b.jpg?resize=525%2C300&ssl=1 1.5x, https:\/\/i0.wp.com\/www.unioviedo.es\/rcusostenibilidad\/wp-content\/uploads\/2023\/10\/7163119469_73ce1bbe74_b.jpg?resize=700%2C400&ssl=1 2x"},"classes":[]},{"id":1517,"url":"https:\/\/www.unioviedo.es\/rcusostenibilidad\/?p=1517","url_meta":{"origin":1603,"position":2},"title":"Oviedo, Granada, Sevilla y Valencia lideran un proyecto nacional para implementar la Agenda 2030 en el Sistema Universitario Espa\u00f1ol","author":"Karina Zeballos","date":"25 de marzo de 2025","format":false,"excerpt":"La iniciativa, respaldada por el Gobierno a trav\u00e9s del Ministerio de Derechos Sociales y Agenda 2030 con la concesi\u00f3n de una una ayuda de 300.000 euros, naci\u00f3 del equipo de trabajo de la Red Universitarias de C\u00e1tedras de Sostenibilidad (RCUS) La Universidad de Oviedo ha puesto en marcha el Observatorio\u2026","rel":"","context":"En \u00abSin categor\u00eda\u00bb","block_context":{"text":"Sin categor\u00eda","link":"https:\/\/www.unioviedo.es\/rcusostenibilidad\/?cat=1"},"img":{"alt_text":"","src":"https:\/\/i0.wp.com\/www.unioviedo.es\/rcusostenibilidad\/wp-content\/uploads\/2025\/03\/Logo-ODS_horizontal_Posit_2-colores.jpg?resize=350%2C200&ssl=1","width":350,"height":200,"srcset":"https:\/\/i0.wp.com\/www.unioviedo.es\/rcusostenibilidad\/wp-content\/uploads\/2025\/03\/Logo-ODS_horizontal_Posit_2-colores.jpg?resize=350%2C200&ssl=1 1x, https:\/\/i0.wp.com\/www.unioviedo.es\/rcusostenibilidad\/wp-content\/uploads\/2025\/03\/Logo-ODS_horizontal_Posit_2-colores.jpg?resize=525%2C300&ssl=1 1.5x, https:\/\/i0.wp.com\/www.unioviedo.es\/rcusostenibilidad\/wp-content\/uploads\/2025\/03\/Logo-ODS_horizontal_Posit_2-colores.jpg?resize=700%2C400&ssl=1 2x, https:\/\/i0.wp.com\/www.unioviedo.es\/rcusostenibilidad\/wp-content\/uploads\/2025\/03\/Logo-ODS_horizontal_Posit_2-colores.jpg?resize=1050%2C600&ssl=1 3x, https:\/\/i0.wp.com\/www.unioviedo.es\/rcusostenibilidad\/wp-content\/uploads\/2025\/03\/Logo-ODS_horizontal_Posit_2-colores.jpg?resize=1400%2C800&ssl=1 4x"},"classes":[]},{"id":1564,"url":"https:\/\/www.unioviedo.es\/rcusostenibilidad\/?p=1564","url_meta":{"origin":1603,"position":3},"title":"III Encuentro Nacional de la Red de C\u00e1tedras Universitarias de Sostenibilidad, 16 de octubre","author":"Guillermo Guiter","date":"2 de octubre de 2025","format":false,"excerpt":"Granada acoger\u00e1 el 16 de octubre el III Encuentro Nacional de la Red de C\u00e1tedras Universitarias de Sosteniblidad (RCUS) bajo el t\u00edtulo Sostenibilidad en la Universidad ante el reto 2030 y que organizan la C\u00e1tedra La Huella Verde de Granada y el Vicerrectorado de Infraestructuras y Sostenibilidad de la Universidad\u2026","rel":"","context":"En \u00abSin categor\u00eda\u00bb","block_context":{"text":"Sin categor\u00eda","link":"https:\/\/www.unioviedo.es\/rcusostenibilidad\/?cat=1"},"img":{"alt_text":"","src":"https:\/\/i0.wp.com\/www.unioviedo.es\/rcusostenibilidad\/wp-content\/uploads\/2025\/10\/2025_10_01-Cartel-III-Encuentro-RCUS_Avance-1-scaled.jpg?resize=350%2C200&ssl=1","width":350,"height":200,"srcset":"https:\/\/i0.wp.com\/www.unioviedo.es\/rcusostenibilidad\/wp-content\/uploads\/2025\/10\/2025_10_01-Cartel-III-Encuentro-RCUS_Avance-1-scaled.jpg?resize=350%2C200&ssl=1 1x, https:\/\/i0.wp.com\/www.unioviedo.es\/rcusostenibilidad\/wp-content\/uploads\/2025\/10\/2025_10_01-Cartel-III-Encuentro-RCUS_Avance-1-scaled.jpg?resize=525%2C300&ssl=1 1.5x, https:\/\/i0.wp.com\/www.unioviedo.es\/rcusostenibilidad\/wp-content\/uploads\/2025\/10\/2025_10_01-Cartel-III-Encuentro-RCUS_Avance-1-scaled.jpg?resize=700%2C400&ssl=1 2x, https:\/\/i0.wp.com\/www.unioviedo.es\/rcusostenibilidad\/wp-content\/uploads\/2025\/10\/2025_10_01-Cartel-III-Encuentro-RCUS_Avance-1-scaled.jpg?resize=1050%2C600&ssl=1 3x, https:\/\/i0.wp.com\/www.unioviedo.es\/rcusostenibilidad\/wp-content\/uploads\/2025\/10\/2025_10_01-Cartel-III-Encuentro-RCUS_Avance-1-scaled.jpg?resize=1400%2C800&ssl=1 4x"},"classes":[]},{"id":816,"url":"https:\/\/www.unioviedo.es\/rcusostenibilidad\/?p=816","url_meta":{"origin":1603,"position":4},"title":"I Encuentro Nacional de C\u00e1tedras de Sostenibilidad","author":"admin","date":"21 de octubre de 2023","format":false,"excerpt":"El pasado 4 de octubre de 2023 se celebr\u00f3 en Oviedo el I Encuentro Nacional de C\u00e1tedras de Sostenibilidad, organizado por la C\u00e1tedra Concepci\u00f3n Arenal de Agenda 2030, la C\u00e1tedra de Cambio Clim\u00e1tico y la C\u00e1tedra COGERSA de Econom\u00eda Circular de la Universidad de Oviedo. https:\/\/www.youtube.com\/watch?v=desDUfjqu1g&t=8s&pp=ygUpY2F0ZWRyYSBjb25jZXBjacOzbiBhcmVuYWwgZGUgYWdlbmRhIDIwMzA%3D Inauguraci\u00f3n y sesiones de\u2026","rel":"","context":"En \u00abSin categor\u00eda\u00bb","block_context":{"text":"Sin categor\u00eda","link":"https:\/\/www.unioviedo.es\/rcusostenibilidad\/?cat=1"},"img":{"alt_text":"","src":"https:\/\/i0.wp.com\/www.unioviedo.es\/rcusostenibilidad\/wp-content\/uploads\/2023\/10\/FotoGrupoAltaCalidad-scaled.jpg?resize=350%2C200&ssl=1","width":350,"height":200,"srcset":"https:\/\/i0.wp.com\/www.unioviedo.es\/rcusostenibilidad\/wp-content\/uploads\/2023\/10\/FotoGrupoAltaCalidad-scaled.jpg?resize=350%2C200&ssl=1 1x, https:\/\/i0.wp.com\/www.unioviedo.es\/rcusostenibilidad\/wp-content\/uploads\/2023\/10\/FotoGrupoAltaCalidad-scaled.jpg?resize=525%2C300&ssl=1 1.5x, https:\/\/i0.wp.com\/www.unioviedo.es\/rcusostenibilidad\/wp-content\/uploads\/2023\/10\/FotoGrupoAltaCalidad-scaled.jpg?resize=700%2C400&ssl=1 2x, https:\/\/i0.wp.com\/www.unioviedo.es\/rcusostenibilidad\/wp-content\/uploads\/2023\/10\/FotoGrupoAltaCalidad-scaled.jpg?resize=1050%2C600&ssl=1 3x, https:\/\/i0.wp.com\/www.unioviedo.es\/rcusostenibilidad\/wp-content\/uploads\/2023\/10\/FotoGrupoAltaCalidad-scaled.jpg?resize=1400%2C800&ssl=1 4x"},"classes":[]},{"id":1656,"url":"https:\/\/www.unioviedo.es\/rcusostenibilidad\/?p=1656","url_meta":{"origin":1603,"position":5},"title":"La REDS presenta el dossier &#8216;Buenas pr\u00e1cticas de EC en las universidades espa\u00f1olas&#8217;","author":"Guillermo Guiter","date":"18 de febrero de 2026","format":false,"excerpt":"La Red Espa\u00f1ola para el Desarrollo Sostenible (REDS-SDSN Spain) con el apoyo de Ecoembes y la colaboraci\u00f3n de las universidades presentes ha organizado un webinar de presentaci\u00f3n del dossier Buenas pr\u00e1cticas de econom\u00eda circular en las universidades espa\u00f1olas. En este webinar se visibiliza el papel estrat\u00e9gico de la academia como\u2026","rel":"","context":"En \u00abSin categor\u00eda\u00bb","block_context":{"text":"Sin categor\u00eda","link":"https:\/\/www.unioviedo.es\/rcusostenibilidad\/?cat=1"},"img":{"alt_text":"","src":"https:\/\/i0.wp.com\/www.unioviedo.es\/rcusostenibilidad\/wp-content\/uploads\/2026\/02\/b2.png?resize=350%2C200&ssl=1","width":350,"height":200,"srcset":"https:\/\/i0.wp.com\/www.unioviedo.es\/rcusostenibilidad\/wp-content\/uploads\/2026\/02\/b2.png?resize=350%2C200&ssl=1 1x, https:\/\/i0.wp.com\/www.unioviedo.es\/rcusostenibilidad\/wp-content\/uploads\/2026\/02\/b2.png?resize=525%2C300&ssl=1 1.5x, https:\/\/i0.wp.com\/www.unioviedo.es\/rcusostenibilidad\/wp-content\/uploads\/2026\/02\/b2.png?resize=700%2C400&ssl=1 2x, https:\/\/i0.wp.com\/www.unioviedo.es\/rcusostenibilidad\/wp-content\/uploads\/2026\/02\/b2.png?resize=1050%2C600&ssl=1 3x, https:\/\/i0.wp.com\/www.unioviedo.es\/rcusostenibilidad\/wp-content\/uploads\/2026\/02\/b2.png?resize=1400%2C800&ssl=1 4x"},"classes":[]}],"jetpack_shortlink":"https:\/\/wp.me\/pfdLWf-pR","jetpack_sharing_enabled":true,"_links":{"self":[{"href":"https:\/\/www.unioviedo.es\/rcusostenibilidad\/index.php?rest_route=\/wp\/v2\/posts\/1603","targetHints":{"allow":["GET"]}}],"collection":[{"href":"https:\/\/www.unioviedo.es\/rcusostenibilidad\/index.php?rest_route=\/wp\/v2\/posts"}],"about":[{"href":"https:\/\/www.unioviedo.es\/rcusostenibilidad\/index.php?rest_route=\/wp\/v2\/types\/post"}],"author":[{"embeddable":true,"href":"https:\/\/www.unioviedo.es\/rcusostenibilidad\/index.php?rest_route=\/wp\/v2\/users\/9"}],"replies":[{"embeddable":true,"href":"https:\/\/www.unioviedo.es\/rcusostenibilidad\/index.php?rest_route=%2Fwp%2Fv2%2Fcomments&post=1603"}],"version-history":[{"count":1,"href":"https:\/\/www.unioviedo.es\/rcusostenibilidad\/index.php?rest_route=\/wp\/v2\/posts\/1603\/revisions"}],"predecessor-version":[{"id":1605,"href":"https:\/\/www.unioviedo.es\/rcusostenibilidad\/index.php?rest_route=\/wp\/v2\/posts\/1603\/revisions\/1605"}],"wp:featuredmedia":[{"embeddable":true,"href":"https:\/\/www.unioviedo.es\/rcusostenibilidad\/index.php?rest_route=\/wp\/v2\/media\/1604"}],"wp:attachment":[{"href":"https:\/\/www.unioviedo.es\/rcusostenibilidad\/index.php?rest_route=%2Fwp%2Fv2%2Fmedia&parent=1603"}],"wp:term":[{"taxonomy":"category","embeddable":true,"href":"https:\/\/www.unioviedo.es\/rcusostenibilidad\/index.php?rest_route=%2Fwp%2Fv2%2Fcategories&post=1603"},{"taxonomy":"post_tag","embeddable":true,"href":"https:\/\/www.unioviedo.es\/rcusostenibilidad\/index.php?rest_route=%2Fwp%2Fv2%2Ftags&post=1603"}],"curies":[{"name":"wp","href":"https:\/\/api.w.org\/{rel}","templated":true}]}}