{"id":352,"date":"2022-03-21T11:20:00","date_gmt":"2022-03-21T10:20:00","guid":{"rendered":"https:\/\/www.unioviedo.es\/sipu\/?p=352"},"modified":"2022-07-01T10:38:45","modified_gmt":"2022-07-01T08:38:45","slug":"oferta-de-empleo-publico-2021","status":"publish","type":"post","link":"https:\/\/www.unioviedo.es\/sipu\/index.php\/2022\/03\/21\/oferta-de-empleo-publico-2021\/","title":{"rendered":"Oferta P\u00fablica de Empleo 2021"},"content":{"rendered":"\n<p><mark style=\"background-color:rgba(0, 0, 0, 0);color:#051fe8\" class=\"has-inline-color\">El jueves 17 de marzo se ha abierto el procedimiento de la Oferta P\u00fablica de Empleo 2021 para la solicitud de plazas de cuerpos docentes universitarios y de personal docente e investigador contratado laboral permanente. Toda la documentaci\u00f3n est\u00e1 disponible en el siguiente <strong><a rel=\"noreferrer noopener\" href=\"https:\/\/intranet.uniovi.es\/docencia\/normativa\/normativaprofesorado\" target=\"_blank\">enlace<\/a><\/strong>.<\/mark><\/p>\n\n\n\n<p><mark style=\"background-color:rgba(0, 0, 0, 0);color:#051fe8\" class=\"has-inline-color\">Ha sido publicada en el\u00a0<strong>BOPA<\/strong> la oferta de empleo p\u00fablico del ejercicio 2021 de la Universidad de Oviedo. Toda la informaci\u00f3n est\u00e1 disponible en el siguiente <strong><a rel=\"noreferrer noopener\" href=\"https:\/\/sede.asturias.es\/bopa\/2021\/12\/29\/2021-11158.pdf\" target=\"_blank\">enlace<\/a><\/strong>.<\/mark><\/p>\n\n\n\n<p><mark style=\"background-color:rgba(0, 0, 0, 0);color:#051fe8\" class=\"has-inline-color\">Con fecha 30\/5\/2022 ha sido publicada en el\u00a0<strong>BOPA<\/strong> la oferta de empleo p\u00fablico de estabilizaci\u00f3n derivada de la Ley 20\/2021 de la Universidad de Oviedo. Toda la informaci\u00f3n est\u00e1 disponible en el siguiente <strong><a rel=\"noreferrer noopener\" href=\"https:\/\/sede.asturias.es\/bopa\/2022\/05\/30\/2022-04004.pdf\" target=\"_blank\">enlace<\/a><\/strong>.<\/mark><\/p>\n\n\n\n<p><mark style=\"background-color:rgba(0, 0, 0, 0);color:#051fe8\" class=\"has-inline-color\"><mark style=\"background-color:rgba(0, 0, 0, 0);color:#051fe8\" class=\"has-inline-color\">Con fecha 1\/6\/202 ha <\/mark>sido publicada en el\u00a0<strong>BOPA<\/strong> la convocatoria de plazas de Profesor Contratado Doctor Interino de la Universidad de Oviedo. Toda la informaci\u00f3n est\u00e1 disponible en el siguiente <strong><a rel=\"noreferrer noopener\" href=\"https:\/\/sede.asturias.es\/bopa\/2022\/06\/01\/2022-04030.pdf\" target=\"_blank\">enlace<\/a><\/strong>.<\/mark><\/p>\n\n\n\n<p><mark style=\"background-color:rgba(0, 0, 0, 0);color:#051fe8\" class=\"has-inline-color\"><mark style=\"background-color:rgba(0, 0, 0, 0);color:#051fe8\" class=\"has-inline-color\">Con fecha 1\/6\/202 ha <\/mark>sido publicada en el\u00a0<strong>BOPA<\/strong> la convocatoria de plazas de Profesor Ayudante Doctor de la Universidad de Oviedo. Toda la informaci\u00f3n est\u00e1 disponible en el siguiente <strong><a rel=\"noreferrer noopener\" href=\"https:\/\/sede.asturias.es\/bopa\/2022\/06\/01\/2022-04028.pdf\" target=\"_blank\">enlace<\/a><\/strong>.<\/mark><\/p>\n\n\n\n<p><mark style=\"background-color:rgba(0, 0, 0, 0);color:#051fe8\" class=\"has-inline-color\"><mark style=\"background-color:rgba(0, 0, 0, 0);color:#051fe8\" class=\"has-inline-color\">Con fecha 1\/6\/202 ha <\/mark>sido publicada en el\u00a0<strong>BOPA<\/strong> la convocatoria de plazas de Profesor Laboral Interino y Profesor Laboral Sustituto de la Universidad de Oviedo. Toda la informaci\u00f3n est\u00e1 disponible en el siguiente <strong><a rel=\"noreferrer noopener\" href=\"https:\/\/sede.asturias.es\/bopa\/2022\/06\/01\/2022-04027.pdf\" target=\"_blank\">enlace<\/a><\/strong>.<\/mark><\/p>\n\n\n\n<p><mark style=\"background-color:rgba(0, 0, 0, 0);color:#051fe8\" class=\"has-inline-color\"><mark style=\"background-color:rgba(0, 0, 0, 0);color:#051fe8\" class=\"has-inline-color\">Con fecha 1\/6\/202 ha <\/mark>sido publicada en el\u00a0<strong>BOPA<\/strong> la convocatoria de plazas de Profesor Asociado de la Universidad de Oviedo. Toda la informaci\u00f3n est\u00e1 disponible en el siguiente <strong><a rel=\"noreferrer noopener\" href=\"https:\/\/sede.asturias.es\/bopa\/2022\/06\/01\/2022-04029.pdf\" target=\"_blank\">enlace<\/a><\/strong>.<\/mark><\/p>\n","protected":false},"excerpt":{"rendered":"<p>El jueves 17 de marzo se ha abierto el procedimiento de la Oferta P\u00fablica de Empleo 2021 para la solicitud de plazas de cuerpos docentes universitarios y de personal docente e investigador contratado laboral permanente. Toda la documentaci\u00f3n est\u00e1 disponible en el siguiente enlace. Ha sido publicada en el\u00a0BOPA la oferta de empleo p\u00fablico del &hellip; <a href=\"https:\/\/www.unioviedo.es\/sipu\/index.php\/2022\/03\/21\/oferta-de-empleo-publico-2021\/\" class=\"more-link\">Seguir leyendo <span class=\"screen-reader-text\">Oferta P\u00fablica de Empleo 2021<\/span> <span class=\"meta-nav\">&rarr;<\/span><\/a><\/p>\n","protected":false},"author":1,"featured_media":0,"comment_status":"closed","ping_status":"closed","sticky":false,"template":"","format":"standard","meta":{"footnotes":""},"categories":[1],"tags":[18,17,19,6],"class_list":["post-352","post","type-post","status-publish","format-standard","hentry","category-sin-categoria","tag-empleo-publico","tag-ope2021","tag-uniovi","tag-universidad-de-oviedo"],"_links":{"self":[{"href":"https:\/\/www.unioviedo.es\/sipu\/index.php\/wp-json\/wp\/v2\/posts\/352","targetHints":{"allow":["GET"]}}],"collection":[{"href":"https:\/\/www.unioviedo.es\/sipu\/index.php\/wp-json\/wp\/v2\/posts"}],"about":[{"href":"https:\/\/www.unioviedo.es\/sipu\/index.php\/wp-json\/wp\/v2\/types\/post"}],"author":[{"embeddable":true,"href":"https:\/\/www.unioviedo.es\/sipu\/index.php\/wp-json\/wp\/v2\/users\/1"}],"replies":[{"embeddable":true,"href":"https:\/\/www.unioviedo.es\/sipu\/index.php\/wp-json\/wp\/v2\/comments?post=352"}],"version-history":[{"count":7,"href":"https:\/\/www.unioviedo.es\/sipu\/index.php\/wp-json\/wp\/v2\/posts\/352\/revisions"}],"predecessor-version":[{"id":435,"href":"https:\/\/www.unioviedo.es\/sipu\/index.php\/wp-json\/wp\/v2\/posts\/352\/revisions\/435"}],"wp:attachment":[{"href":"https:\/\/www.unioviedo.es\/sipu\/index.php\/wp-json\/wp\/v2\/media?parent=352"}],"wp:term":[{"taxonomy":"category","embeddable":true,"href":"https:\/\/www.unioviedo.es\/sipu\/index.php\/wp-json\/wp\/v2\/categories?post=352"},{"taxonomy":"post_tag","embeddable":true,"href":"https:\/\/www.unioviedo.es\/sipu\/index.php\/wp-json\/wp\/v2\/tags?post=352"}],"curies":[{"name":"wp","href":"https:\/\/api.w.org\/{rel}","templated":true}]}}