{"id":49,"date":"2021-03-17T10:48:00","date_gmt":"2021-03-17T09:48:00","guid":{"rendered":"https:\/\/www.unioviedo.es\/sipu\/?p=49"},"modified":"2021-03-17T10:58:39","modified_gmt":"2021-03-17T09:58:39","slug":"solicitud-de-complemento-autonomico-2021","status":"publish","type":"post","link":"https:\/\/www.unioviedo.es\/sipu\/index.php\/2021\/03\/17\/solicitud-de-complemento-autonomico-2021\/","title":{"rendered":"Solicitud de complemento Auton\u00f3mico 2021"},"content":{"rendered":"\n<p class=\"has-text-color\" style=\"color:#062ce5\">El Consejo Social de la Universidad de Oviedo ha acordado aprobar la apertura del plazo de solicitud para el a\u00f1o 2021 del <strong>complemento auton\u00f3mico del profesorado universitario<\/strong> en la Comunidad Aut\u00f3noma del Principado de Asturias. El plazo comienza al d\u00eda siguiente de su publicaci\u00f3n en el <a rel=\"noreferrer noopener\" href=\"https:\/\/sede.asturias.es\/ultimos-boletines?p_r_p_summaryLastBopa=true\" data-type=\"URL\" data-id=\"https:\/\/sede.asturias.es\/ultimos-boletines?p_r_p_summaryLastBopa=true\" target=\"_blank\">BOPA<\/a> y termina el 9 de abril. <a rel=\"noreferrer noopener\" href=\"https:\/\/csocial.uniovi.es\/noticias\/-\/asset_publisher\/Xs7Y\/content\/solicitud-para-2021-del-complemento-retributivo-autonomico?redirect=%2Fnoticias\" data-type=\"URL\" data-id=\"https:\/\/csocial.uniovi.es\/noticias\/-\/asset_publisher\/Xs7Y\/content\/solicitud-para-2021-del-complemento-retributivo-autonomico?redirect=%2Fnoticias\" target=\"_blank\">M\u00e1s Informaci\u00f3n y descarga de impresos<\/a>.<\/p>\n","protected":false},"excerpt":{"rendered":"<p>El Consejo Social de la Universidad de Oviedo ha acordado aprobar la apertura del plazo de solicitud para el a\u00f1o 2021 del complemento auton\u00f3mico del profesorado universitario en la Comunidad Aut\u00f3noma del Principado de Asturias. El plazo comienza al d\u00eda siguiente de su publicaci\u00f3n en el BOPA y termina el 9 de abril. M\u00e1s Informaci\u00f3n &hellip; <a href=\"https:\/\/www.unioviedo.es\/sipu\/index.php\/2021\/03\/17\/solicitud-de-complemento-autonomico-2021\/\" class=\"more-link\">Seguir leyendo <span class=\"screen-reader-text\">Solicitud de complemento Auton\u00f3mico 2021<\/span> <span class=\"meta-nav\">&rarr;<\/span><\/a><\/p>\n","protected":false},"author":1,"featured_media":0,"comment_status":"closed","ping_status":"closed","sticky":false,"template":"","format":"standard","meta":{"footnotes":""},"categories":[1],"tags":[],"class_list":["post-49","post","type-post","status-publish","format-standard","hentry","category-sin-categoria"],"_links":{"self":[{"href":"https:\/\/www.unioviedo.es\/sipu\/index.php\/wp-json\/wp\/v2\/posts\/49","targetHints":{"allow":["GET"]}}],"collection":[{"href":"https:\/\/www.unioviedo.es\/sipu\/index.php\/wp-json\/wp\/v2\/posts"}],"about":[{"href":"https:\/\/www.unioviedo.es\/sipu\/index.php\/wp-json\/wp\/v2\/types\/post"}],"author":[{"embeddable":true,"href":"https:\/\/www.unioviedo.es\/sipu\/index.php\/wp-json\/wp\/v2\/users\/1"}],"replies":[{"embeddable":true,"href":"https:\/\/www.unioviedo.es\/sipu\/index.php\/wp-json\/wp\/v2\/comments?post=49"}],"version-history":[{"count":4,"href":"https:\/\/www.unioviedo.es\/sipu\/index.php\/wp-json\/wp\/v2\/posts\/49\/revisions"}],"predecessor-version":[{"id":145,"href":"https:\/\/www.unioviedo.es\/sipu\/index.php\/wp-json\/wp\/v2\/posts\/49\/revisions\/145"}],"wp:attachment":[{"href":"https:\/\/www.unioviedo.es\/sipu\/index.php\/wp-json\/wp\/v2\/media?parent=49"}],"wp:term":[{"taxonomy":"category","embeddable":true,"href":"https:\/\/www.unioviedo.es\/sipu\/index.php\/wp-json\/wp\/v2\/categories?post=49"},{"taxonomy":"post_tag","embeddable":true,"href":"https:\/\/www.unioviedo.es\/sipu\/index.php\/wp-json\/wp\/v2\/tags?post=49"}],"curies":[{"name":"wp","href":"https:\/\/api.w.org\/{rel}","templated":true}]}}