{"id":563,"date":"2023-11-07T09:30:56","date_gmt":"2023-11-07T08:30:56","guid":{"rendered":"https:\/\/www.unioviedo.es\/sipu\/?p=563"},"modified":"2023-11-07T09:32:11","modified_gmt":"2023-11-07T08:32:11","slug":"borrador-de-criterios-de-evaluacion-de-sexenios-para-la-convocatoria-de-2023","status":"publish","type":"post","link":"https:\/\/www.unioviedo.es\/sipu\/index.php\/2023\/11\/07\/borrador-de-criterios-de-evaluacion-de-sexenios-para-la-convocatoria-de-2023\/","title":{"rendered":"Borrador de criterios de evaluaci\u00f3n de sexenios para la convocatoria de 2023"},"content":{"rendered":"\n<p class=\"has-text-color\" style=\"color:#073ee3\">La ANECA ha publicado el&nbsp;<strong>borrador de criterios de evaluaci\u00f3n de sexenios para la convocatoria de 2023<\/strong>. Este borrador se somete a consulta p\u00fablica, y ha sido elaborado por la direcci\u00f3n de ANECA tras tomar en consideraci\u00f3n las aportaciones de los vocales acad\u00e9micos del Pleno de la CNEAI, de las presidentas de los Comit\u00e9s que han resuelto las solicitudes en la convocatoria 2022, de la Comisi\u00f3n de Asesoramiento para la Evaluaci\u00f3n de Profesorado (CAEP), as\u00ed como de la Comisi\u00f3n de evaluaci\u00f3n y seguimiento del sistema de acreditaci\u00f3n estatal creada en septiembre.<\/p>\n\n\n\n<p class=\"has-text-color\" style=\"color:#073ee3\">Durante el tr\u00e1mite de audiencia p\u00fablica podr\u00e1n remitirse contribuciones a la siguiente direcci\u00f3n de correo electr\u00f3nico:&nbsp;<strong><a href=\"mailto:participacion.sexenios2023@aneca.es\" class=\"\">participacion.sexenios2023@aneca.es<\/a><\/strong>, haciendo constar en ellas:&nbsp;<\/p>\n\n\n\n<p class=\"has-text-color\" style=\"color:#073ee3\">ASUNTO DEL CORREO: Secci\u00f3n o secciones sobre la\/s que se realiza la aportaci\u00f3n (Pre\u00e1mbulo \/ Criterios generales \/ Criterios espec\u00edficos Campo X \/ Ap\u00e9ndice).<\/p>\n\n\n\n<p class=\"has-text-color\" style=\"color:#073ee3\">EN EL CUERPO DEL CORREO:<\/p>\n\n\n\n<p class=\"has-text-color\" style=\"color:#073ee3\">Nombre y apellidos de la persona participante.<\/p>\n\n\n\n<p class=\"has-text-color\" style=\"color:#073ee3\">Universidad o Centro de investigaci\u00f3n.<\/p>\n\n\n\n<p class=\"has-text-color\" style=\"color:#073ee3\">Contacto (correo electr\u00f3nico corporativo).<\/p>\n\n\n\n<p class=\"has-text-color\" style=\"color:#073ee3\"><strong>La consulta estar\u00e1 abierta del 6 al 19 de noviembre de 2023, ambos inclusive<\/strong>. Ten\u00e9is toda la informaci\u00f3n disponible en este <strong><a rel=\"noreferrer noopener\" href=\"https:\/\/www.aneca.es\/-\/consulta-p\u00fablica-sobre-el-borrador-de-criterios-de-evaluaci\u00f3n-de-la-pr\u00f3xima-convocatoria-2023-del-sexenio-de-investigaci\u00f3n\" target=\"_blank\">enlace<\/a><\/strong>.<\/p>\n","protected":false},"excerpt":{"rendered":"<p>La ANECA ha publicado el&nbsp;borrador de criterios de evaluaci\u00f3n de sexenios para la convocatoria de 2023. Este borrador se somete a consulta p\u00fablica, y ha sido elaborado por la direcci\u00f3n de ANECA tras tomar en consideraci\u00f3n las aportaciones de los vocales acad\u00e9micos del Pleno de la CNEAI, de las presidentas de los Comit\u00e9s que han &hellip; <a href=\"https:\/\/www.unioviedo.es\/sipu\/index.php\/2023\/11\/07\/borrador-de-criterios-de-evaluacion-de-sexenios-para-la-convocatoria-de-2023\/\" class=\"more-link\">Seguir leyendo <span class=\"screen-reader-text\">Borrador de criterios de evaluaci\u00f3n de sexenios para la convocatoria de 2023<\/span> <span class=\"meta-nav\">&rarr;<\/span><\/a><\/p>\n","protected":false},"author":1,"featured_media":0,"comment_status":"closed","ping_status":"closed","sticky":false,"template":"","format":"standard","meta":{"footnotes":""},"categories":[46],"tags":[40,12,14,37],"class_list":["post-563","post","type-post","status-publish","format-standard","hentry","category-normativa","tag-40","tag-convocatorias","tag-evaluacion","tag-sexenios"],"_links":{"self":[{"href":"https:\/\/www.unioviedo.es\/sipu\/index.php\/wp-json\/wp\/v2\/posts\/563","targetHints":{"allow":["GET"]}}],"collection":[{"href":"https:\/\/www.unioviedo.es\/sipu\/index.php\/wp-json\/wp\/v2\/posts"}],"about":[{"href":"https:\/\/www.unioviedo.es\/sipu\/index.php\/wp-json\/wp\/v2\/types\/post"}],"author":[{"embeddable":true,"href":"https:\/\/www.unioviedo.es\/sipu\/index.php\/wp-json\/wp\/v2\/users\/1"}],"replies":[{"embeddable":true,"href":"https:\/\/www.unioviedo.es\/sipu\/index.php\/wp-json\/wp\/v2\/comments?post=563"}],"version-history":[{"count":2,"href":"https:\/\/www.unioviedo.es\/sipu\/index.php\/wp-json\/wp\/v2\/posts\/563\/revisions"}],"predecessor-version":[{"id":565,"href":"https:\/\/www.unioviedo.es\/sipu\/index.php\/wp-json\/wp\/v2\/posts\/563\/revisions\/565"}],"wp:attachment":[{"href":"https:\/\/www.unioviedo.es\/sipu\/index.php\/wp-json\/wp\/v2\/media?parent=563"}],"wp:term":[{"taxonomy":"category","embeddable":true,"href":"https:\/\/www.unioviedo.es\/sipu\/index.php\/wp-json\/wp\/v2\/categories?post=563"},{"taxonomy":"post_tag","embeddable":true,"href":"https:\/\/www.unioviedo.es\/sipu\/index.php\/wp-json\/wp\/v2\/tags?post=563"}],"curies":[{"name":"wp","href":"https:\/\/api.w.org\/{rel}","templated":true}]}}