{"id":664,"date":"2024-05-02T11:08:56","date_gmt":"2024-05-02T09:08:56","guid":{"rendered":"https:\/\/www.unioviedo.es\/sipu\/?p=664"},"modified":"2024-05-02T11:08:56","modified_gmt":"2024-05-02T09:08:56","slug":"convenio-especial-con-la-ss-para-la-cotizacion-de-periodos-de-practicas-formativas","status":"publish","type":"post","link":"https:\/\/www.unioviedo.es\/sipu\/index.php\/2024\/05\/02\/convenio-especial-con-la-ss-para-la-cotizacion-de-periodos-de-practicas-formativas\/","title":{"rendered":"Convenio especial con la SS para la cotizaci\u00f3n de periodos de pr\u00e1cticas formativas"},"content":{"rendered":"\n<p class=\"has-text-color has-link-color wp-elements-5d4c3b7e917fb41127e01747b226d812\" style=\"color:#073ee3\">Se ha publicado en el BOE la <em>Orden ISM\/386\/2024, de 29 de abril, por la que se regula la suscripci\u00f3n de convenio especial con la Seguridad Social a efectos del c\u00f3mputo de la cotizaci\u00f3n por los per\u00edodos de pr\u00e1cticas formativas y de pr\u00e1cticas acad\u00e9micas externas reguladas en la disposici\u00f3n adicional quincuag\u00e9sima segunda del texto refundido de la Ley General de la Seguridad Social, aprobado por el Real Decreto Legislativo 8\/2015, de 30 de octubre, realizadas con anterioridad a su fecha de entrada en vigor.<\/em> M\u00e1s informaci\u00f3n en este <strong><a href=\"https:\/\/www.boe.es\/boe\/dias\/2024\/05\/01\/pdfs\/BOE-A-2024-8713.pdf\" target=\"_blank\" rel=\"noreferrer noopener\">enlace<\/a><\/strong>.<\/p>\n","protected":false},"excerpt":{"rendered":"<p>Se ha publicado en el BOE la Orden ISM\/386\/2024, de 29 de abril, por la que se regula la suscripci\u00f3n de convenio especial con la Seguridad Social a efectos del c\u00f3mputo de la cotizaci\u00f3n por los per\u00edodos de pr\u00e1cticas formativas y de pr\u00e1cticas acad\u00e9micas externas reguladas en la disposici\u00f3n adicional quincuag\u00e9sima segunda del texto refundido &hellip; <a href=\"https:\/\/www.unioviedo.es\/sipu\/index.php\/2024\/05\/02\/convenio-especial-con-la-ss-para-la-cotizacion-de-periodos-de-practicas-formativas\/\" class=\"more-link\">Seguir leyendo <span class=\"screen-reader-text\">Convenio especial con la SS para la cotizaci\u00f3n de periodos de pr\u00e1cticas formativas<\/span> <span class=\"meta-nav\">&rarr;<\/span><\/a><\/p>\n","protected":false},"author":1,"featured_media":0,"comment_status":"closed","ping_status":"closed","sticky":false,"template":"","format":"standard","meta":{"footnotes":""},"categories":[75,46,61],"tags":[78,79,76,38,51,77],"class_list":["post-664","post","type-post","status-publish","format-standard","hentry","category-investigacion","category-normativa","category-profesorado","tag-becarios","tag-convenios","tag-cotizacion","tag-investigacion","tag-normativa","tag-practicas"],"_links":{"self":[{"href":"https:\/\/www.unioviedo.es\/sipu\/index.php\/wp-json\/wp\/v2\/posts\/664","targetHints":{"allow":["GET"]}}],"collection":[{"href":"https:\/\/www.unioviedo.es\/sipu\/index.php\/wp-json\/wp\/v2\/posts"}],"about":[{"href":"https:\/\/www.unioviedo.es\/sipu\/index.php\/wp-json\/wp\/v2\/types\/post"}],"author":[{"embeddable":true,"href":"https:\/\/www.unioviedo.es\/sipu\/index.php\/wp-json\/wp\/v2\/users\/1"}],"replies":[{"embeddable":true,"href":"https:\/\/www.unioviedo.es\/sipu\/index.php\/wp-json\/wp\/v2\/comments?post=664"}],"version-history":[{"count":1,"href":"https:\/\/www.unioviedo.es\/sipu\/index.php\/wp-json\/wp\/v2\/posts\/664\/revisions"}],"predecessor-version":[{"id":665,"href":"https:\/\/www.unioviedo.es\/sipu\/index.php\/wp-json\/wp\/v2\/posts\/664\/revisions\/665"}],"wp:attachment":[{"href":"https:\/\/www.unioviedo.es\/sipu\/index.php\/wp-json\/wp\/v2\/media?parent=664"}],"wp:term":[{"taxonomy":"category","embeddable":true,"href":"https:\/\/www.unioviedo.es\/sipu\/index.php\/wp-json\/wp\/v2\/categories?post=664"},{"taxonomy":"post_tag","embeddable":true,"href":"https:\/\/www.unioviedo.es\/sipu\/index.php\/wp-json\/wp\/v2\/tags?post=664"}],"curies":[{"name":"wp","href":"https:\/\/api.w.org\/{rel}","templated":true}]}}