{"id":2954,"date":"2018-06-28T18:39:11","date_gmt":"2018-06-28T16:39:11","guid":{"rendered":"http:\/\/www.unioviedo.es\/socialimen\/convocatoria-becas-del-grupo-investigacion-sociologia-la-alimentacion-la-asistencia-al-iii-congreso-espanol-sociologia-la-alimentacion\/"},"modified":"2020-12-30T13:31:27","modified_gmt":"2020-12-30T12:31:27","slug":"convocatoria-becas-del-grupo-investigacion-sociologia-la-alimentacion-la-asistencia-al-iii-congreso-espanol-sociologia-la-alimentacion","status":"publish","type":"post","link":"https:\/\/www.unioviedo.es\/socialimen\/en\/convocatoria-becas-del-grupo-investigacion-sociologia-la-alimentacion-la-asistencia-al-iii-congreso-espanol-sociologia-la-alimentacion\/","title":{"rendered":"CONVOCATORIA DE BECAS DEL GRUPO DE INVESTIGACI\u00d3N EN SOCIOLOG\u00cdA DE LA ALIMENTACI\u00d3N PARA LA ASISTENCIA AL III CONGRESO ESPA\u00d1OL DE SOCIOLOG\u00cdA DE LA ALIMENTACI\u00d3N"},"content":{"rendered":"<p>El Grupo de Investigaci\u00f3n en Sociolog\u00eda de la Alimentaci\u00f3n de la Universidad de Oviedo ofrece 5 becas para la asistencia y presentaci\u00f3n de comunicaciones de estudiantes de grado, m\u00e1ster y doctorado en el III Congreso Espa\u00f1ol de Sociolog\u00eda de la Alimentaci\u00f3n. \u201cRetos Cient\u00edficos en los Estudios Sociales de la<br \/>Alimentaci\u00f3n: Conflictos en torno a la Dieta Saludable.\u201d<\/p>\n<h3>Modalidades de becas:<\/h3>\n<ul>\n<li><strong>COMPLETA:<\/strong> se conceder\u00e1n 3 becas para la inscripci\u00f3n al congreso.<\/li>\n<li><strong>PARCIAL:<\/strong> se conceder\u00e1n 2 becas para la financiaci\u00f3n de la mitad del coste de la inscripci\u00f3n en el congreso.<\/li>\n<\/ul>\n<h3>Perfil de los solicitantes:<\/h3>\n<p>Podr\u00e1n solicitar las becas estudiantes de grado, m\u00e1ster y doctorado (deber\u00e1n&nbsp; acreditar dicha condici\u00f3n enviando un documento acreditativo junto los documentos para la solicitud).<\/p>\n<h3>Requisitos:<\/h3>\n<p>Si quieres solicitar las becas deber\u00e1s enviar un resumen breve con tu propuesta de comunicaci\u00f3n (300 palabras), un CV breve (m\u00e1ximo 4 folios) donde se detallen los estudios previos y la nota media, as\u00ed como participaciones en congresos, publicaciones, premios y becas, asistencia a seminarios, cursos, etc\u2026 y una carta de motivaci\u00f3n en la que se indique el inter\u00e9s por el congreso y\/o la tem\u00e1tica que se abordar\u00e1.<\/p>\n<h3>Criterios de selecci\u00f3n:<\/h3>\n<p>Estudios previos y relaci\u00f3n con la tem\u00e1tica del congreso (<strong>hasta&nbsp; 5 puntos<\/strong>):<\/p>\n<ul>\n<li>Valoraci\u00f3n de la calidad y adecuaci\u00f3n de la propuesta de comunicaci\u00f3n<br \/>(<strong>hasta 5 puntos<\/strong>).<\/li>\n<\/ul>\n<h3>Plazos:<\/h3>\n<p>La convocatoria permanecer\u00e1 abierta <strong>hasta el 15 de julio de 2018 a las 23:59 horas<\/strong>. Deber\u00e1s enviar un correo electr\u00f3nico a la direcci\u00f3n gsociologiaali@uniovi.es antes de esta fecha indicando en el asunto del correo \u201csolicitud becas asistencia al III Congreso Espa\u00f1ol de Sociolog\u00eda de la Alimentaci\u00f3n\u201d y adjuntando los documentos solicitados.<strong> Los seleccionados ser\u00e1n notificados a partir del 27 de julio de 2018<\/strong>.<\/p>\n<h3>M\u00e1s informaci\u00f3n:<\/h3>\n<p>Los interesados pueden encontrar informaci\u00f3n referente a la convocatoria de becas y\/o al III Congreso Espa\u00f1ol de Sociolog\u00eda de la Alimentaci\u00f3n en la p\u00e1gina web del congreso (www.congreso-fes-socialimen-2018.com), en su twitter (@congreSOCALIMEN), en la p\u00e1gina web del Grupo de Investigaci\u00f3n en Sociolog\u00eda de la Alimentaci\u00f3n (www.unioviedo.es\/socialimen\/) o en su twitter @socioalimenta<\/p>\n","protected":false},"excerpt":{"rendered":"<p>El Grupo de Investigaci\u00f3n en Sociolog\u00eda de la Alimentaci\u00f3n de la Universidad de Oviedo ofrece 5 becas para la asistencia y presentaci\u00f3n de comunicaciones de estudiantes de grado, m\u00e1ster y doctorado en el III Congreso Espa\u00f1ol de Sociolog\u00eda de la Alimentaci\u00f3n. \u201cRetos Cient\u00edficos en los Estudios Sociales de laAlimentaci\u00f3n: Conflictos en torno a la Dieta [&hellip;]<\/p>\n","protected":false},"author":3,"featured_media":2625,"comment_status":"open","ping_status":"open","sticky":false,"template":"","format":"standard","meta":{"_genesis_hide_title":false,"_genesis_hide_breadcrumbs":false,"_genesis_hide_singular_image":false,"_genesis_hide_footer_widgets":false,"_genesis_custom_body_class":"","_genesis_custom_post_class":"","_genesis_layout":"","footnotes":""},"categories":[80],"tags":[],"class_list":{"0":"post-2954","1":"post","2":"type-post","3":"status-publish","4":"format-standard","5":"has-post-thumbnail","7":"category-news","8":"entry","9":"gs-1","10":"gs-odd","11":"gs-even","12":"gs-featured-content-entry"},"_links":{"self":[{"href":"https:\/\/www.unioviedo.es\/socialimen\/en\/wp-json\/wp\/v2\/posts\/2954","targetHints":{"allow":["GET"]}}],"collection":[{"href":"https:\/\/www.unioviedo.es\/socialimen\/en\/wp-json\/wp\/v2\/posts"}],"about":[{"href":"https:\/\/www.unioviedo.es\/socialimen\/en\/wp-json\/wp\/v2\/types\/post"}],"author":[{"embeddable":true,"href":"https:\/\/www.unioviedo.es\/socialimen\/en\/wp-json\/wp\/v2\/users\/3"}],"replies":[{"embeddable":true,"href":"https:\/\/www.unioviedo.es\/socialimen\/en\/wp-json\/wp\/v2\/comments?post=2954"}],"version-history":[{"count":1,"href":"https:\/\/www.unioviedo.es\/socialimen\/en\/wp-json\/wp\/v2\/posts\/2954\/revisions"}],"predecessor-version":[{"id":3314,"href":"https:\/\/www.unioviedo.es\/socialimen\/en\/wp-json\/wp\/v2\/posts\/2954\/revisions\/3314"}],"wp:featuredmedia":[{"embeddable":true,"href":"https:\/\/www.unioviedo.es\/socialimen\/en\/wp-json\/wp\/v2\/media\/2625"}],"wp:attachment":[{"href":"https:\/\/www.unioviedo.es\/socialimen\/en\/wp-json\/wp\/v2\/media?parent=2954"}],"wp:term":[{"taxonomy":"category","embeddable":true,"href":"https:\/\/www.unioviedo.es\/socialimen\/en\/wp-json\/wp\/v2\/categories?post=2954"},{"taxonomy":"post_tag","embeddable":true,"href":"https:\/\/www.unioviedo.es\/socialimen\/en\/wp-json\/wp\/v2\/tags?post=2954"}],"curies":[{"name":"wp","href":"https:\/\/api.w.org\/{rel}","templated":true}]}}