{"id":2990,"date":"2016-05-27T13:20:15","date_gmt":"2016-05-27T11:20:15","guid":{"rendered":"http:\/\/www.unioviedo.es\/socialimen\/cine-forum-tamos-reflexonando-los-movimientos-sociales-transformando-la-realidad-dentro-del-marco-de-la-celebracion-del-xii-congreso-de-sociologia\/"},"modified":"2016-05-27T13:20:15","modified_gmt":"2016-05-27T11:20:15","slug":"cine-forum-tamos-reflexonando-los-movimientos-sociales-transformando-la-realidad-dentro-del-marco-de-la-celebracion-del-xii-congreso-de-sociologia","status":"publish","type":"post","link":"https:\/\/www.unioviedo.es\/socialimen\/en\/cine-forum-tamos-reflexonando-los-movimientos-sociales-transformando-la-realidad-dentro-del-marco-de-la-celebracion-del-xii-congreso-de-sociologia\/","title":{"rendered":"Dentro del XII Congreso Espa\u00f1ol de Sociolog\u00eda se presenta el evento Cine Forum \u201cTamos reflexonando: Los movimientos sociales transformando la realidad\u201d dentro del marco de la celebraci\u00f3n del XII Congreso de Sociolog\u00eda"},"content":{"rendered":"<p><img loading=\"lazy\" decoding=\"async\" class=\"alignnone size-medium wp-image-1908 alignleft\" src=\"http:\/\/www.unioviedo.es\/socialimen\/wp-content\/uploads\/2016\/05\/cartel-cineforum-213x300.jpg\" alt=\"cartel cineforum\" width=\"213\" height=\"300\" srcset=\"https:\/\/www.unioviedo.es\/socialimen\/wp-content\/uploads\/2016\/05\/cartel-cineforum-213x300.jpg 213w, https:\/\/www.unioviedo.es\/socialimen\/wp-content\/uploads\/2016\/05\/cartel-cineforum.jpg 572w\" sizes=\"auto, (max-width: 213px) 100vw, 213px\" \/><\/p>\n<p style=\"text-align: justify;\"><strong><span lang=\"ES\">En el Cine Forum se proyectar\u00e1n una selecci\u00f3n de pel\u00edculas, cortometrajes y documentales cuyo hilo conductor son los movimientos sociales, sus principales demandas y sus desaf\u00edos en el contexto social de crisis que estamos viviendo en los \u00faltimos a\u00f1os. Las pel\u00edculas <\/span><span lang=\"ES\">y sus correspondientes coloquios se llevar\u00e1n a cabo en el Gij\u00f3n Sur y los documentales en el Antiguo Instituto, a las 19h.<\/span><span lang=\"ES\">\u00a0<\/span><\/strong><\/p>\n<p style=\"text-align: justify;\"><span lang=\"ES\">El martes <strong>31 de mayo<\/strong>, en la sesi\u00f3n inaugural, tras la proyecci\u00f3n de <strong>la pel\u00edcula \u201cEuropa\u201d<\/strong> se realizar\u00e1 un debate sobre \u201cLas grandes transformaciones sociales tras la Segunda Guerra Mundial\u201d en el que intervendr\u00e1n M\u00aa \u00c1ngeles Dur\u00e1n (la primera mujer\u00a0Catedr\u00e1tica de Sociolog\u00eda del pa\u00eds, profesora de investigaci\u00f3n del Centro Superior de Investigaciones Cient\u00edficas y <\/span><span lang=\"ES\">Premio Nacional de Investigaci\u00f3n para Ciencias Econ\u00f3micas, Jur\u00eddicas y Sociales \u201cPascual Madoz\u201d, adem\u00e1s de doctora honoris causa por varias universidades), Jose Mar\u00eda Garc\u00eda Blanco (Catedr\u00e1tico de Sociolog\u00eda de la Universidad de Oviedo) y Carlos Monasterio (Catedr\u00e1tico de Hacienda P\u00fablica de la Universidad de Oviedo).<\/span><br \/>\n<span lang=\"ES\"><strong>El martes 7<\/strong> de junio contamos\u00a0<\/span><span lang=\"ES\">con <strong>la pel\u00edcula \u201cDos d\u00edas, una noche\u201d<\/strong>, de los hermanos Dardenne, en la que se muestra el periplo de una trabajadora a la que la empresa decide despedir, salvo que sea capaz de lograr que sus compa\u00f1eros y compa\u00f1eras renuncien a un complemento salarial. Tras la proyecci\u00f3n tendr\u00e1 lugar un coloquio con personas vinculadas al movimiento obrero y a asociaciones de parados\/as, con el fin de reflexionar sobre las alternativas a la precariedad y, en concreto, sobre una medida como la reducci\u00f3n de la jornada de trabajo, que ya se est\u00e1 practicando en lugares como Suecia. <\/span><br \/>\nEl jueves <strong>9 de junio<\/strong> en la sesi\u00f3n dedicada al movimiento feminista se proyectar\u00e1 <strong>el cortometraje \u201cPor tu bien\u201d<\/strong>, de la reconocida directora Ic\u00edar Bolla\u00edn, en el que denuncia de forma contundente la deshumanizaci\u00f3n que sufren las mujeres en el parto, as\u00ed como la pel\u00edcula \u201cGrandma\u201d, de Paul Weitz. Una comedia con una protagonista poco frecuente en el mundo cinematogr\u00e1fico, una abuela feminista y lesbiana que ayuda a su nieta a abortar. En el coloquio posterior, acerca de los retos actuales del feminismo, participar\u00e1n representantes de asociaciones con gran tradici\u00f3n en la ciudad (Les Comadres y la Asociaci\u00f3n Feminista de Asturias), junto con otras m\u00e1s recientes y que practican formas de reivindicaci\u00f3n poco convencionales, utilizando la m\u00fasica como herramienta de protesta (Repercusi\u00f3n Feminista).<\/p>\n<div style=\"text-align: justify;\">\n<p><span lang=\"ES\">La \u00faltima pel\u00edcula que veremos en el Gij\u00f3n Sur, el martes <strong>14 de junio<\/strong>,\u00a0 es <strong>\u201cCerca de tu casa\u201d<\/strong>, un <strong>musical<\/strong> de Eduard Cort\u00e9s, que muestra las dificultades que atraviesan quienes\u00a0<\/span><span lang=\"ES\">pierden su empleo y sufren el desahucio de su vivienda. Tanto en la ficci\u00f3n como en la vida real la carencia de empleo y vivienda supone mucho m\u00e1s que una mera p\u00e9rdida material, evidencia la vulnerabilidad extrema de quienes la sufren, su fracaso vital y familiar y, en definitiva, constituye un ataque a la dignidad de las personas frente al inmenso poder de las empresas constructoras y de los bancos, que parad\u00f3jicamente se hallan en el origen de la crisis. Todas estas cuestiones, presentes en el largometraje, guiar\u00e1n el coloquio posterior en el que intervendr\u00e1 un representante de la Plataforma de Afectados por la Hipoteca y una experta en gesti\u00f3n del territorio. Tras la pel\u00edcula, contaremos tambi\u00e9n con la actuaci\u00f3n especial de Nacho Vegas y del coro Al Altu La Lleva, que interpretar\u00e1n su conocida Canci\u00f3n para la PAH y alguna otra del EP Canciones Populistas.<\/span><\/p>\n<p>El s\u00e1bado <strong>18 de junio<\/strong> nos trasladamos al Antiguo Instituto para reflexionar sobre<span lang=\"ES\"> el drama de los\/as refugiados\/as. Ese d\u00eda se proyectar\u00e1 <strong>el documental \u201cYo estoy con la novia\u201d<\/strong> de Antonio Augugliaro, Gabriele del Grande y Khaled Soliman Al Nassiry. En el documental, estrenado en nuestro pa\u00eds el pasado 14 de mayo, se muestra el periplo de un grupo de personas refugiadas que intentan llegar desde Italia a Suecia haci\u00e9ndose pasar por un cortejo nupcial, con el fin de sortear los controles policiales. Tras su proyecci\u00f3n tendr\u00e1 lugar un debate dirigido a abordar las consecuencias de las guerras y particularmente la situaci\u00f3n de las personas refugiadas, en el que participar\u00e1n personas vinculadas tanto a movimientos de solidaridad veteranos, como el Comit\u00e9 de Solidaridad con la Causa \u00c1rabe, como a nuevas redes creadas en apoyo de las personas refugiadas, como la Red Asturiana de Acogida de Refugiados y la Red Verg\u00dcEnza. <\/span><\/p>\n<div>\n<p><span lang=\"ES\">El mi\u00e9rcoles <strong>22 de junio<\/strong>, cinco a\u00f1os m\u00e1s tarde del surgimiento del Movimiento 15M\u00a0os invitamos a reflexionar sobre el alcance y las ense\u00f1anzas del 15M, as\u00ed como sobre los desaf\u00edos a los que se enfrentan los movimientos sociales hoy en d\u00eda. Ese d\u00eda proyectaremos <strong>el documental \u201cNo estamos solos\u201d<\/strong> de Pere Joan Ventura y tras su proyecci\u00f3n contaremos con la intervenci\u00f3n de diversas personas\u00a0 que han participado activamente en este movimiento y en iniciativas posteriores desarrolladas en Asturias, como las Marchas por la dignidad o las denominadas Mareas.<\/span><\/p>\n<\/div>\n<\/div>\n<p style=\"text-align: justify;\"><span lang=\"ES\">Por \u00faltimo, el s\u00e1bado <strong>25 de junio<\/strong> veremos <strong>el documental \u201cOligopoly Off: empieza la revoluci\u00f3n energ\u00e9tica ciudadana\u201d<\/strong>, dirigido por Alba del Campo. <\/span>Tras el documental nos acompa\u00f1ar\u00e1 Yayo Herrero, una de las principales referentes ecofeministas de nuestro pa\u00eds, con la que podremos conversar acerca de los aportes te\u00f3ricos y pr\u00e1cticos del ecologismo, sus logros y los desaf\u00edos pendientes.<\/p>\n<p style=\"text-align: justify;\">ESPERAMOS QUE DISFRUT\u00c9IS DE TODAS LAS PROYECCIONES Y DEBATES<\/p>\n<p style=\"text-align: justify;\"><img loading=\"lazy\" decoding=\"async\" class=\"alignnone wp-image-1909 size-large\" src=\"http:\/\/www.unioviedo.es\/socialimen\/wp-content\/uploads\/2016\/05\/cine-forum-1-folleto-1024x334.jpg\" alt=\"cine forum 1 folleto\" width=\"1024\" height=\"334\" srcset=\"https:\/\/www.unioviedo.es\/socialimen\/wp-content\/uploads\/2016\/05\/cine-forum-1-folleto-1024x334.jpg 1024w, https:\/\/www.unioviedo.es\/socialimen\/wp-content\/uploads\/2016\/05\/cine-forum-1-folleto-300x98.jpg 300w, https:\/\/www.unioviedo.es\/socialimen\/wp-content\/uploads\/2016\/05\/cine-forum-1-folleto-768x250.jpg 768w, https:\/\/www.unioviedo.es\/socialimen\/wp-content\/uploads\/2016\/05\/cine-forum-1-folleto.jpg 1794w\" sizes=\"auto, (max-width: 1024px) 100vw, 1024px\" \/><\/p>\n<p style=\"text-align: justify;\"><img loading=\"lazy\" decoding=\"async\" class=\"alignnone wp-image-1910 size-large\" src=\"http:\/\/www.unioviedo.es\/socialimen\/wp-content\/uploads\/2016\/05\/cine-forum-2-folleto-1024x328.jpg\" alt=\"cine forum 2 folleto\" width=\"1024\" height=\"328\" srcset=\"https:\/\/www.unioviedo.es\/socialimen\/wp-content\/uploads\/2016\/05\/cine-forum-2-folleto-1024x328.jpg 1024w, https:\/\/www.unioviedo.es\/socialimen\/wp-content\/uploads\/2016\/05\/cine-forum-2-folleto-300x96.jpg 300w, https:\/\/www.unioviedo.es\/socialimen\/wp-content\/uploads\/2016\/05\/cine-forum-2-folleto-768x246.jpg 768w, https:\/\/www.unioviedo.es\/socialimen\/wp-content\/uploads\/2016\/05\/cine-forum-2-folleto.jpg 1793w\" sizes=\"auto, (max-width: 1024px) 100vw, 1024px\" \/><\/p>\n<p>&nbsp;<\/p>\n","protected":false},"excerpt":{"rendered":"<p>En el Cine Forum se proyectar\u00e1n una selecci\u00f3n de pel\u00edculas, cortometrajes y documentales cuyo hilo conductor son los movimientos sociales, sus principales demandas y sus desaf\u00edos en el contexto social de crisis que estamos viviendo en los \u00faltimos a\u00f1os. Las pel\u00edculas y sus correspondientes coloquios se llevar\u00e1n a cabo en el Gij\u00f3n Sur y los [&hellip;]<\/p>\n","protected":false},"author":3,"featured_media":2573,"comment_status":"open","ping_status":"open","sticky":false,"template":"","format":"standard","meta":{"_genesis_hide_title":false,"_genesis_hide_breadcrumbs":false,"_genesis_hide_singular_image":false,"_genesis_hide_footer_widgets":false,"_genesis_custom_body_class":"","_genesis_custom_post_class":"","_genesis_layout":"","footnotes":""},"categories":[80],"tags":[],"class_list":{"0":"post-2990","1":"post","2":"type-post","3":"status-publish","4":"format-standard","5":"has-post-thumbnail","7":"category-news","8":"entry","9":"gs-1","10":"gs-odd","11":"gs-even","12":"gs-featured-content-entry"},"_links":{"self":[{"href":"https:\/\/www.unioviedo.es\/socialimen\/en\/wp-json\/wp\/v2\/posts\/2990","targetHints":{"allow":["GET"]}}],"collection":[{"href":"https:\/\/www.unioviedo.es\/socialimen\/en\/wp-json\/wp\/v2\/posts"}],"about":[{"href":"https:\/\/www.unioviedo.es\/socialimen\/en\/wp-json\/wp\/v2\/types\/post"}],"author":[{"embeddable":true,"href":"https:\/\/www.unioviedo.es\/socialimen\/en\/wp-json\/wp\/v2\/users\/3"}],"replies":[{"embeddable":true,"href":"https:\/\/www.unioviedo.es\/socialimen\/en\/wp-json\/wp\/v2\/comments?post=2990"}],"version-history":[{"count":0,"href":"https:\/\/www.unioviedo.es\/socialimen\/en\/wp-json\/wp\/v2\/posts\/2990\/revisions"}],"wp:featuredmedia":[{"embeddable":true,"href":"https:\/\/www.unioviedo.es\/socialimen\/en\/wp-json\/wp\/v2\/media\/2573"}],"wp:attachment":[{"href":"https:\/\/www.unioviedo.es\/socialimen\/en\/wp-json\/wp\/v2\/media?parent=2990"}],"wp:term":[{"taxonomy":"category","embeddable":true,"href":"https:\/\/www.unioviedo.es\/socialimen\/en\/wp-json\/wp\/v2\/categories?post=2990"},{"taxonomy":"post_tag","embeddable":true,"href":"https:\/\/www.unioviedo.es\/socialimen\/en\/wp-json\/wp\/v2\/tags?post=2990"}],"curies":[{"name":"wp","href":"https:\/\/api.w.org\/{rel}","templated":true}]}}